{"id":8827,"date":"2021-01-19T22:55:48","date_gmt":"2021-01-19T22:55:48","guid":{"rendered":"http:\/\/revistakuvendi.org\/?p=8827"},"modified":"2021-01-19T22:55:48","modified_gmt":"2021-01-19T22:55:48","slug":"gjergj-kastriotit-poezi-nga-shefqete-gosalci","status":"publish","type":"post","link":"https:\/\/revistakuvendi.org\/?p=8827","title":{"rendered":"GJERGJ  KASTRIOTIT- Poezi nga Shefqete Gosalci"},"content":{"rendered":"\n<figure class=\"wp-block-image\"><img loading=\"lazy\" decoding=\"async\" width=\"104\" height=\"160\" src=\"http:\/\/revistakuvendi.org\/wp-content\/uploads\/2021\/01\/shefqete-guralci.jpg\" alt=\"\" class=\"wp-image-8828\"\/><\/figure>\n\n\n\n<p>GJERGJ &nbsp;KASTRIOTIT<\/p>\n\n\n\n<p><em>Kjo poezi \u00ebsht\u00eb vler\u00ebsuar me III \u00c7mime t\u00eb\npara, (Maqedonin\u00eb e Veriut, Shqip\u00ebri dhe Kosov\u00eb, n\u00eb Vitin e Gjergj\nKastriotit-Skenderbeut (2018), po e postoj me k\u00ebrkes\u00ebn e shum\u00eb miqve t\u00eb mi n\u00eb\nrrjetet sociale, t\u00eb cil\u00ebt m\u00eb lut\u00ebn ta botoj, p\u00ebr \u00e7ka i fal\u00ebnderoj secilin ve\u00e7 e\nve\u00e7 dhe t\u00eb gjith\u00eb s\u00eb bashku.<\/em><\/p>\n\n\n\n<p><em>&#8220;&#8230;Ilirikun,\nBallkan ta kan\u00eb ba,<\/em><\/p>\n\n\n\n<p><em>Me que dor\u00eb\nvllau m&#8217;i vlla,<\/em><\/p>\n\n\n\n<p><em>Ata q\u00eb me sy\nt&#8217;shqiptar\u00ebve skulptura kan\u00eb ba,<\/em><\/p>\n\n\n\n<p><em>E me sy t&#8217;tyne\n\u00c7anakala,<\/em><\/p>\n\n\n\n<p><em>Specialist\u00eb err\u00ebsirash,\nq\u00eb me drit\u00eb Gjergj i pate vra,&#8230; &#8220;<\/em><\/p>\n\n\n\n<p><strong>Nga SHEFQETE GOSALCI<\/strong><\/p>\n\n\n\n<p><strong><a href=\"https:\/\/www.facebook.com\/shefqete.gosalci?__cft__%5b0%5d=AZUcpmFgR5gpgXmTGhuGPiwd6oF9urKB6aSWQ0-M8P00JD2xbG9JidNRMC8kLK3ogkqm2slWBs0J2CwfIr5hz_OHLEYrOC41eNZpdir7wsUC8vdDhbxvNgCeHEIvahdDyviahWv2T1OLsE_H5g9Ahn5h&amp;__tn__=-%5dK-R\"><\/a><\/strong><\/p>\n\n\n\n<figure class=\"wp-block-image\"><img loading=\"lazy\" decoding=\"async\" width=\"160\" height=\"160\" src=\"http:\/\/revistakuvendi.org\/wp-content\/uploads\/2021\/01\/skenderbeu.png\" alt=\"\" class=\"wp-image-8829\" srcset=\"https:\/\/revistakuvendi.org\/wp-content\/uploads\/2021\/01\/skenderbeu.png 160w, https:\/\/revistakuvendi.org\/wp-content\/uploads\/2021\/01\/skenderbeu-150x150.png 150w, https:\/\/revistakuvendi.org\/wp-content\/uploads\/2021\/01\/skenderbeu-50x50.png 50w\" sizes=\"auto, (max-width: 160px) 100vw, 160px\" \/><\/figure>\n\n\n\n<p>GJERGJ, TI ke le si\nni burim drite,<\/p>\n\n\n\n<p>Si uj\u00eb i bekuem <\/p>\n\n\n\n<p>mbi nj\u00eb shkamb t\u00eb\n\u00e7am,<\/p>\n\n\n\n<p>Mb\u00ebltove paqe me\nshpat\u00eb e ullinj\u00eb, <\/p>\n\n\n\n<p>N\u00ebp\u00ebr Evrop\u00ebn e\np\u00ebrdal\u00eb,<\/p>\n\n\n\n<p>Kur t&#8217;mor\u00ebn Gjergj, <\/p>\n\n\n\n<p>zemr\u00ebn e le n&#8217;preh\u00ebr\nt&#8217;lok\u00ebs,<\/p>\n\n\n\n<p>T&#8217;ma ruash Nan\u00eb, <\/p>\n\n\n\n<p>kur t&#8217;i kthehna\ntok\u00ebs,<\/p>\n\n\n\n<p>Asker n&#8217;Anadoll u\nbane ma i miri ushtar, djal\u00eb shqiptar,<\/p>\n\n\n\n<p>Gjergji i Nan\u00ebs q\u00eb\ns&#8217;ta pa rrit\u00ebn,<\/p>\n\n\n\n<p>Princat e Arb\u00ebrit t\u00eb\npat\u00ebn betim,<\/p>\n\n\n\n<p>Edhe Marica q\u00eb ta\nmbajti bes\u00ebn,<\/p>\n\n\n\n<p>Arb\u00ebris\u00eb Gjergj ju ba\nflijim,<\/p>\n\n\n\n<p>Edhe Nora e\nKelmendit, q&#8217;i shkoj Pash\u00ebs me thik\u00eb n&#8217;shok\u00eb,<\/p>\n\n\n\n<p>T&#8217;a nxuer hakun e\nkrejt qikave,<\/p>\n\n\n\n<p>q\u00eb bajlozat t&#8217;i\n\u00e7nderuen agimeve t&#8217;nxime,<\/p>\n\n\n\n<p>Tuj na mungue p\u00ebr\np\u00ebs\u00eb shekuj Gjergj, <\/p>\n\n\n\n<p>Ilirikun na e ban\u00eb\nBallkan,<\/p>\n\n\n\n<p>E ram n\u00ebr turq, n\u00ebr\nshkije, n\u00ebr grek\u00eb e bugar,<\/p>\n\n\n\n<p>-E se di bre Gjergj,\na mbet\u00ebm shqiptar\u00eb?<\/p>\n\n\n\n<p>Se t&#8217;kan\u00eb dal do djem\nt\u00eb ligj,<\/p>\n\n\n\n<p>Hileqar\u00eb, lakmitar\u00eb,\nqyqar\u00eb e tregtar\u00eb,<\/p>\n\n\n\n<p>Q\u00eb mexhat t&#8217;i kan\u00eb ba\npik\u00eb e pes\u00eb, e tokat t&#8217;i kan\u00eb qit n&#8217;pazar\u00eb,<\/p>\n\n\n\n<p>Q\u00eb nuk kan\u00eb as marre,\nas m&#8217;shir\u00eb<\/p>\n\n\n\n<p>Tenderin e fitoj\nGjergj, kush pagoj ma lir\u00eb,<\/p>\n\n\n\n<p>-As te vorri Gjergj\ns&#8217;po muj me t&#8217;ardh, se s&#8217;kom \u00e7ka t&#8217;thom,<\/p>\n\n\n\n<p>&#8211; Erdha n\u00eb qiell o\nvlla me fol me Ty,<\/p>\n\n\n\n<p>Mos m\u00eb ngofsh mos\nm&#8217;le me u kthy, nalum t&#8217;rri me Ty,<\/p>\n\n\n\n<p>Se ata zemrat na i\nkan\u00eb thy, <\/p>\n\n\n\n<p>Se k\u00ebrkush Gjergj ma\ns&#8217;po ngon,<\/p>\n\n\n\n<p>Kerkush-kerkanin ma\ns&#8217;po e don,<\/p>\n\n\n\n<p>E ma e keqja,<\/p>\n\n\n\n<p>Kush-kujna Gjergj, ma\ns&#8217;po i beson,<\/p>\n\n\n\n<p>&#8230;<\/p>\n\n\n\n<p>Ilirikun, Ballkan ta\nkan\u00eb ba,<\/p>\n\n\n\n<p>Me que dor\u00eb vllau m&#8217;i\nvlla,<\/p>\n\n\n\n<p>Ata q\u00eb me sy\nt&#8217;shqiptar\u00ebve skulptura kan\u00eb ba,<\/p>\n\n\n\n<p>E me sy t&#8217;tyne\n\u00c7anakala,<\/p>\n\n\n\n<p>Specialist\u00eb\nerr\u00ebsirash, q\u00eb me drit\u00eb Gjergj i pate vra,<\/p>\n\n\n\n<p>-Erdha n&#8217;qiell o\nGjergj me t&#8217;u rr\u00ebfy, <\/p>\n\n\n\n<p>Me ti than\u00eb krejt \u00e7ka\nkom<\/p>\n\n\n\n<p>n&#8217;zem\u00ebr, tuj t&#8217;pa\nn&#8217;sy,<\/p>\n\n\n\n<p>&#8230;<\/p>\n\n\n\n<p>&#8211; Ve\u00e7 do rrug\u00eb Gjergj\ni kena shtrue,<\/p>\n\n\n\n<p>E kah t&#8217;dojna mujna\nme shkue,<\/p>\n\n\n\n<p>Ve\u00e7, <\/p>\n\n\n\n<p>&#8211; jo atje ku Ti ke\nd\u00ebshirue, <\/p>\n\n\n\n<p>N\u00eb Evrop\u00ebn, q\u00eb\nparzmore n&#8217;gjoks Ju pate ba, e, e pate pshtue,<\/p>\n\n\n\n<p>&#8230;<\/p>\n\n\n\n<p>&#8211; Ah, bre Gjergj,\nfolma ni fjal\u00eb,<\/p>\n\n\n\n<p>Me vet\u00ebtima jepe ni\nurdh\u00ebr,<\/p>\n\n\n\n<p>Andrrat- Zhgandrra me\nn&#8217;a u ba,<\/p>\n\n\n\n<p>Bijt\u00eb me tu bashkue, <\/p>\n\n\n\n<p>E Shqipnis\u00eb Zot me i\ndal\u00eb,<\/p>\n\n\n\n<p>Se edhe vet jeta\nGjergj, t&#8217;ka pas lakmi, <\/p>\n\n\n\n<p>Me jetu e me vdek si\nTi,<\/p>\n\n\n\n<p>&#8230;<\/p>\n\n\n\n<p>Edhe di\u00e7ka Gjergj?<\/p>\n\n\n\n<p>&#8211; Amanetin ta kam\nkrye,<\/p>\n\n\n\n<p>Me duar t&#8217;mia q\u00ebndis\u00eb\nflamurin ta kom, <\/p>\n\n\n\n<p>E n&#8217;duar t&#8217;djemve u&#8217;a\nkam dhan\u00eb, <\/p>\n\n\n\n<p>E ata&#8230;s&#8217;po din\u00eb ku\ne kan lan\u00eb!<\/p>\n\n\n\n<p>Aq shum\u00eb shekuj\nGjergj na ke mungue, <\/p>\n\n\n\n<p>Plot flamuj m&#8217;i\nArb\u00ebri, kan value,<\/p>\n\n\n\n<p>Ve\u00e7 i Yti Gjergj, ka\nmungue.<\/p>\n\n\n\n<p>(e shkruar n\u00eb\ndialektin Geg\u00eb)<\/p>\n\n\n\n<p><em>17 JANAR 2021!<\/em><em><br>\n<br>\n<\/em><\/p>\n","protected":false},"excerpt":{"rendered":"<p>GJERGJ &nbsp;KASTRIOTIT Kjo poezi \u00ebsht\u00eb vler\u00ebsuar me III \u00c7mime t\u00eb para, (Maqedonin\u00eb e Veriut, Shqip\u00ebri dhe Kosov\u00eb, n\u00eb Vitin e Gjergj Kastriotit-Skenderbeut (2018), po e postoj me k\u00ebrkes\u00ebn e shum\u00eb miqve t\u00eb mi n\u00eb rrjetet sociale, t\u00eb cil\u00ebt m\u00eb lut\u00ebn ta botoj, p\u00ebr \u00e7ka i fal\u00ebnderoj secilin ve\u00e7 e ve\u00e7 dhe t\u00eb gjith\u00eb s\u00eb bashku.&hellip;<\/p>\n","protected":false},"author":1,"featured_media":8828,"comment_status":"open","ping_status":"open","sticky":false,"template":"","format":"standard","meta":{"footnotes":""},"categories":[7],"tags":[],"class_list":["post-8827","post","type-post","status-publish","format-standard","has-post-thumbnail","hentry","category-poezi"],"_links":{"self":[{"href":"https:\/\/revistakuvendi.org\/index.php?rest_route=\/wp\/v2\/posts\/8827","targetHints":{"allow":["GET"]}}],"collection":[{"href":"https:\/\/revistakuvendi.org\/index.php?rest_route=\/wp\/v2\/posts"}],"about":[{"href":"https:\/\/revistakuvendi.org\/index.php?rest_route=\/wp\/v2\/types\/post"}],"author":[{"embeddable":true,"href":"https:\/\/revistakuvendi.org\/index.php?rest_route=\/wp\/v2\/users\/1"}],"replies":[{"embeddable":true,"href":"https:\/\/revistakuvendi.org\/index.php?rest_route=%2Fwp%2Fv2%2Fcomments&post=8827"}],"version-history":[{"count":1,"href":"https:\/\/revistakuvendi.org\/index.php?rest_route=\/wp\/v2\/posts\/8827\/revisions"}],"predecessor-version":[{"id":8830,"href":"https:\/\/revistakuvendi.org\/index.php?rest_route=\/wp\/v2\/posts\/8827\/revisions\/8830"}],"wp:featuredmedia":[{"embeddable":true,"href":"https:\/\/revistakuvendi.org\/index.php?rest_route=\/wp\/v2\/media\/8828"}],"wp:attachment":[{"href":"https:\/\/revistakuvendi.org\/index.php?rest_route=%2Fwp%2Fv2%2Fmedia&parent=8827"}],"wp:term":[{"taxonomy":"category","embeddable":true,"href":"https:\/\/revistakuvendi.org\/index.php?rest_route=%2Fwp%2Fv2%2Fcategories&post=8827"},{"taxonomy":"post_tag","embeddable":true,"href":"https:\/\/revistakuvendi.org\/index.php?rest_route=%2Fwp%2Fv2%2Ftags&post=8827"}],"curies":[{"name":"wp","href":"https:\/\/api.w.org\/{rel}","templated":true}]}}