{"id":8824,"date":"2021-01-19T14:10:06","date_gmt":"2021-01-19T14:10:06","guid":{"rendered":"http:\/\/revistakuvendi.org\/?p=8824"},"modified":"2021-01-19T14:10:06","modified_gmt":"2021-01-19T14:10:06","slug":"degjoj-nje-ze-sjell-oqeani","status":"publish","type":"post","link":"https:\/\/revistakuvendi.org\/?p=8824","title":{"rendered":"D\u00cbGJOJ, NJ\u00cb Z\u00cb SJELL OQEANI!"},"content":{"rendered":"\n<figure class=\"wp-block-image\"><img loading=\"lazy\" decoding=\"async\" width=\"179\" height=\"187\" src=\"http:\/\/revistakuvendi.org\/wp-content\/uploads\/2021\/01\/agim-deshnica.jpg\" alt=\"\" class=\"wp-image-8825\"\/><\/figure>\n\n\n\n<p><strong><em>Poezi nga Agim Xh. D\u00ebshnica<\/em><\/strong><\/p>\n\n\n\n<p><strong><em>Kushtuar mikut tim te rinise S. Kalaja<\/em><\/strong><\/p>\n\n\n\n<p>N\u00eb\nbreg, buz\u00eb uj\u00ebrash,<\/p>\n\n\n\n<p>kur\ns\u2019i merr gjumi,<\/p>\n\n\n\n<p>ashtu\nsi un\u00eb n\u00ebp\u00ebr kujtime,<\/p>\n\n\n\n<p>kam\ndal, endem si ajri vet,<\/p>\n\n\n\n<p>t\u00eb\npres rrezen e par\u00eb,<\/p>\n\n\n\n<p>&nbsp;fytyr\u00ebn diellit t\u2019ia shoh,<\/p>\n\n\n\n<p>pas\nyjesh nate, q\u00eb shkuan t\u00eb flen\u00eb,<\/p>\n\n\n\n<p>sy\ne duar n\u00eb ngjyra t\u00eb p\u00ebrv\u00ebloj.<\/p>\n\n\n\n<p>M\u00eb\ndridh\u00ebron shungullim\u00eb e thell\u00eb,<\/p>\n\n\n\n<p>&nbsp;gjoksi i lagur i shk\u00ebmbinjve,<\/p>\n\n\n\n<p>tek\nulen e \u00e7ohen vrik pul\u00ebbardhat,<\/p>\n\n\n\n<p>kur\nbien,&nbsp; e brofin dallg\u00eb si valle,<\/p>\n\n\n\n<p>e\nsht\u00ebrgu digjet &nbsp;pas reve larg,<\/p>\n\n\n\n<p>&nbsp;nd\u00ebr zhaurima t\u00eb kap nj\u00eb z\u00eb,<\/p>\n\n\n\n<p>q\u00eb\nvjen me dit\u00ebn me krah\u00ebt e er\u00ebs. <\/p>\n\n\n\n<p>M\u00eb\nshfaqet befas posi mirazh <\/p>\n\n\n\n<p>n\u00eb\nmjegullnaj\u00eb djaloshi Memli,*<\/p>\n\n\n\n<p>em\u00ebr\ni trisht\u00eb, ndodhish tragjike,<\/p>\n\n\n\n<p>me\nballin drit\u00eb e syt\u00eb e zi,<\/p>\n\n\n\n<p>n\u00eb\nnj\u00eb k\u00ebshtjell\u00eb legjendash<\/p>\n\n\n\n<p>&nbsp;mbi hon e shk\u00ebmb te Kroi Vaj\u00ebs,<\/p>\n\n\n\n<p>n\u00eb ullishta e hardhi t\u00eb brishta,<\/p>\n\n\n\n<p>i dashuruar pas ngjyr\u00ebs s\u00eb qiellit!\u2026<\/p>\n\n\n\n<p>Hedh syt\u00eb p\u00ebrpara, drejt oqeanit,<\/p>\n\n\n\n<p>d\u00ebgjoj ankime largesish n\u00ebn re,<\/p>\n\n\n\n<p>r\u00ebnkime val\u00ebsh n\u00eb shkum\u00ebzime,<\/p>\n\n\n\n<p>&nbsp;z\u00eb p\u00ebrmallimi nga zem\u00ebr e\nre,<\/p>\n\n\n\n<p>q\u00eb zbret n\u00eb breg me pul\u00ebbardhat,<\/p>\n\n\n\n<p>&nbsp;pran\u00eb meje e m\u00eb\nrr\u00ebfehet!&#8230;<\/p>\n\n\n\n<p>\u2026\u2026\u2026<\/p>\n\n\n\n<p>* Memli &#8211; personazh kryesor<\/p>\n\n\n\n<p>n\u00eb romanin \u201cGremina e dashuris\u00eb\u201d<\/p>\n\n\n\n<p>t\u00eb Mustafa Greblleshit<\/p>\n","protected":false},"excerpt":{"rendered":"<p>Poezi nga Agim Xh. D\u00ebshnica Kushtuar mikut tim te rinise S. Kalaja N\u00eb breg, buz\u00eb uj\u00ebrash, kur s\u2019i merr gjumi, ashtu si un\u00eb n\u00ebp\u00ebr kujtime, kam dal, endem si ajri vet, t\u00eb pres rrezen e par\u00eb, &nbsp;fytyr\u00ebn diellit t\u2019ia shoh, pas yjesh nate, q\u00eb shkuan t\u00eb flen\u00eb, sy e duar n\u00eb ngjyra t\u00eb p\u00ebrv\u00ebloj. M\u00eb&hellip;<\/p>\n","protected":false},"author":1,"featured_media":8825,"comment_status":"open","ping_status":"open","sticky":false,"template":"","format":"standard","meta":{"footnotes":""},"categories":[7],"tags":[],"class_list":["post-8824","post","type-post","status-publish","format-standard","has-post-thumbnail","hentry","category-poezi"],"_links":{"self":[{"href":"https:\/\/revistakuvendi.org\/index.php?rest_route=\/wp\/v2\/posts\/8824","targetHints":{"allow":["GET"]}}],"collection":[{"href":"https:\/\/revistakuvendi.org\/index.php?rest_route=\/wp\/v2\/posts"}],"about":[{"href":"https:\/\/revistakuvendi.org\/index.php?rest_route=\/wp\/v2\/types\/post"}],"author":[{"embeddable":true,"href":"https:\/\/revistakuvendi.org\/index.php?rest_route=\/wp\/v2\/users\/1"}],"replies":[{"embeddable":true,"href":"https:\/\/revistakuvendi.org\/index.php?rest_route=%2Fwp%2Fv2%2Fcomments&post=8824"}],"version-history":[{"count":1,"href":"https:\/\/revistakuvendi.org\/index.php?rest_route=\/wp\/v2\/posts\/8824\/revisions"}],"predecessor-version":[{"id":8826,"href":"https:\/\/revistakuvendi.org\/index.php?rest_route=\/wp\/v2\/posts\/8824\/revisions\/8826"}],"wp:featuredmedia":[{"embeddable":true,"href":"https:\/\/revistakuvendi.org\/index.php?rest_route=\/wp\/v2\/media\/8825"}],"wp:attachment":[{"href":"https:\/\/revistakuvendi.org\/index.php?rest_route=%2Fwp%2Fv2%2Fmedia&parent=8824"}],"wp:term":[{"taxonomy":"category","embeddable":true,"href":"https:\/\/revistakuvendi.org\/index.php?rest_route=%2Fwp%2Fv2%2Fcategories&post=8824"},{"taxonomy":"post_tag","embeddable":true,"href":"https:\/\/revistakuvendi.org\/index.php?rest_route=%2Fwp%2Fv2%2Ftags&post=8824"}],"curies":[{"name":"wp","href":"https:\/\/api.w.org\/{rel}","templated":true}]}}