{"id":8819,"date":"2021-01-13T21:15:44","date_gmt":"2021-01-13T21:15:44","guid":{"rendered":"http:\/\/revistakuvendi.org\/?p=8819"},"modified":"2021-01-13T21:15:44","modified_gmt":"2021-01-13T21:15:44","slug":"i-nderpres-mardhenjet-me-ty-se-je-pro-trump","status":"publish","type":"post","link":"https:\/\/revistakuvendi.org\/?p=8819","title":{"rendered":"\u201cI NDERPRES MARDHENJET ME TY, SE JE PRO TRUMP !\u201d"},"content":{"rendered":"\n<figure class=\"wp-block-image\"><img loading=\"lazy\" decoding=\"async\" width=\"152\" height=\"160\" src=\"http:\/\/revistakuvendi.org\/wp-content\/uploads\/2021\/01\/rush.png\" alt=\"\" class=\"wp-image-8820\"\/><\/figure>\n\n\n\n<p>Nga Rush DRAGU<\/p>\n\n\n\n<p>Ky ishte fundi i bisedes\nme nj\u00eb nga bashkpuntoret e hershem t\u00eb AlbDreams Media.<\/p>\n\n\n\n<p>N\u00eb fillimet e janarit 2021,\nnj\u00eb emer i njohur nga komuniteti shqiptar n\u00eb Amerike, me nj\u00eb karrier\u00eb n\u00eb &nbsp;\u201cZerin\ne Amerikes\u201d,promovues i Nane Terezes, krah i PDK dhe kryesisht i Hashim Tha\u00e7it.\nMik dhe idhetar i Adem Dema\u00e7it, flet me mua n\u00eb telefonin personal at\u00eb dit\u00eb. Ai\n,megjithese \u00ebsht\u00eb m\u00eb shum\u00eb se nj\u00eb gjysem shekulli n\u00eb Amerike,nuk nget\nmakin\u00ebn,nuk perdor internet dhe smartphone. Esht\u00eb i abonuar n\u00eb gazeten e\nmajte&nbsp; \u201cThe New York Times\u201d,n\u00eb revisten \u201cTime\u201d. E do vendlindjen,\nmegjithese shkon shume ralle atje. Kam lidhur m\u00eb shum\u00eb mardh\u00ebnje virtuale me\nt\u00eb, mbasi nuk jemi takuar kurr\u00eb me i dh\u00ebn\u00eb dor\u00ebn njeri tjetrit. I kam q\u00ebndruar\nkorrekt n\u00eb komunikim &nbsp;,\u00e7do her\u00eb n\u00eb \u00e7far\u00eb\ndo kohe e pozicioni t\u00eb kem q\u00ebn\u00eb. Kam publikuar shkrimet e tij \u00e7dohere dhe\npunuar n\u00eb fotot e postuara nga t\u00eb autorizuarit e tij\u00eb. Kam v\u00ebndosur koh\u00eb dhe pa\nkoh\u00eb deklarata dhe spote t\u00eb tij televizive n\u00eb retrospektiv\u00eb por, edhe\nkoherente.M\u00eb s\u00eb shumti keto, promovuese t\u00eb pun\u00ebs s\u00eb tij dhe gjithmon\u00eb me\nkerkes\u00ebn e tij.Nuk ka ndonj\u00eb gj\u00eb t\u00eb keqe, se nga ne thon\u00eb \u201ckush nuk levdon\nveten, iu djegt\u00eb ksolla\u201d<\/p>\n\n\n\n<p>Edhe pse kur t\u00eb\ntelefononte, sapo niste biseden, ose te drejtohej me \u201cTi\u201d, ose me emer n\u00eb\nm\u00ebnyren e thirrorit.E tejkaloja nisjen e bisedes, n\u00eb at\u00eb menyr\u00eb aq t\u00eb\npakulturuar,kjo ngaq\u00eb mbivlersonte shum\u00eb veten dhe paragjykonte t\u00eb\ntjeret.Nejse. Kultura e tij ngjasonte shum\u00eb me autodidaktet, se sa t\u00eb nj\u00eb\nnjeriut t\u00eb &nbsp;arsimuar n\u00eb auditoret e shkolles.<\/p>\n\n\n\n<p>T\u00eb them t\u00eb verteten, ka\nq\u00ebn\u00eb shume bujar me ne, duke treguar vlerat e krahines nga ka prejardhjen. Duke\ndit\u00eb nevojat financiare t\u00eb mediave n\u00eb pergjithesi dhe t\u00eb atyre n\u00eb megrim, ai\nnuk ka mbet\u00eb kurr\u00eb pa financuar AlbDreams Media, p\u00ebr t\u00eb cilen ne ja dim\u00eb shum\u00eb\np\u00ebr nder\u00eb.<\/p>\n\n\n\n<p>I kemi q\u00ebndruar n\u00eb krah,\nedhe ateher\u00eb kur t\u00eb tjeret e kan\u00eb sulmuar keqas, se shumti me t\u00eb padrejt\u00eb dhe,\nkemi prish shpesh aleanca , sipasoj e qendrimeve tona pro tij. P\u00ebr koh\u00ebn e kemi\nm\u00ebnduar si t\u00eb drejt\u00eb, edhe pse kuptonim pozicionin e tij \u201ci majte\u201d<\/p>\n\n\n\n<p>Por, le te kthehemi tek\ndita q\u00eb ai \u00ebsht\u00eb merzitur me ne, p\u00ebr t\u00eb vetmen arsye se ne mbanim an\u00ebn e Trump\ndhe ishim kunder globalizmit nderkombtar\u00eb.<\/p>\n\n\n\n<p>Pikrisht e solli biseden\ntone telefonike tek \u201cglobalizmi\u201d dhe \u201cTrumpizmi\u201d .<\/p>\n\n\n\n<p>Ne i sugjeruam t\u00eb lexojn\u00eb\ndhe gazeten \u201cThe Epoch Times\u201d, ose t\u00eb ndjek televizionin \u201cNewsmaxTV\u201d. N\u00eb at\u00eb\nmoment ka kercyer dhe tha se ato jan\u00eb media PRO TRUMP. Ju p\u00ebrgjigjem se po.Zoti\nTrump ka q\u00ebn\u00eb president i SHBA dhe \u00ebsht\u00eb n\u00eb detyr\u00eb akoma, ia kujtuam<\/p>\n\n\n\n<p>U perpoq ta ul\u00eb nivelin e\ndebatit se, ketu nuk b\u00ebhet fjala \u201cse \u00ebsht\u00eb buka e keqe\u201d. Jo zotni (gjithmone iu\ndrejtuam me Zotni e ai kurr\u00eb n\u00eb menyr\u00eb zyrtare e as shoqerore, por si apart\u00e7ik\npartiak i kohes se diktatures, q\u00eb u drejtoheshin njerzeve t\u00eb thjesht\u00eb) ne e\nkemi fjalen p\u00ebr mediat e Amerikes. Ai humbi fillin dhe n\u00eb menyr\u00eb arrogante dhe,\npa piken e lezetit tha : KETU I NDERPRESIM MARDHENJET ME JU!<\/p>\n\n\n\n<p>Faleminderit Zotni p\u00ebr\nkontributin gazetaresk dhe financiar.Ta dime p\u00ebr nder\u00eb.<\/p>\n\n\n\n<p>Kurr\u00eb nuk do ti shkruanim\nketo rreshta, sikur\u00eb mos t\u00eb dilte pak dite m\u00eb von\u00eb n\u00eb nj\u00eb television dhe t\u00eb\nfyente t\u00eb gjith\u00eb ata bashkeatdhetar\u00eb t\u00eb tij, q\u00eb kishin votuar Donald Trump.\nKurr\u00eb nuk do t\u00eb kishim shkruar p\u00ebr t\u00eb, sikur mos t\u00eb fliste shume t\u00eb paverteta\nn\u00eb lidhje me Trump dhe q\u00ebndrimet e tij n\u00eb Ballkan. Shkurt ka ber\u00eb nj\u00eb\ngenjeshter t\u00eb madhe televizive.<\/p>\n\n\n\n<p>Por, ai i ka dyert e\nhapura p\u00ebr tu rikthyer p\u00ebrseri n\u00eb AlbDreams dhe ta din\u00eb se nuk ja b\u00ebjm\u00eb ket\u00eb\nftese se u frikesuem, se do t\u00eb na mungojn\u00eb tash e mbrapa financimet e tij, por\nse nuk ka pse prishet me t\u00eb gjithe, pa asnj\u00eb lloj arsyet. Shkurt \u201cM\u2019nihet si\nfemija\u201d<\/p>\n","protected":false},"excerpt":{"rendered":"<p>Nga Rush DRAGU Ky ishte fundi i bisedes me nj\u00eb nga bashkpuntoret e hershem t\u00eb AlbDreams Media. N\u00eb fillimet e janarit 2021, nj\u00eb emer i njohur nga komuniteti shqiptar n\u00eb Amerike, me nj\u00eb karrier\u00eb n\u00eb &nbsp;\u201cZerin e Amerikes\u201d,promovues i Nane Terezes, krah i PDK dhe kryesisht i Hashim Tha\u00e7it. Mik dhe idhetar i Adem Dema\u00e7it,&hellip;<\/p>\n","protected":false},"author":1,"featured_media":8820,"comment_status":"open","ping_status":"open","sticky":false,"template":"","format":"standard","meta":{"footnotes":""},"categories":[12],"tags":[],"class_list":["post-8819","post","type-post","status-publish","format-standard","has-post-thumbnail","hentry","category-jete-komuniteti"],"_links":{"self":[{"href":"https:\/\/revistakuvendi.org\/index.php?rest_route=\/wp\/v2\/posts\/8819","targetHints":{"allow":["GET"]}}],"collection":[{"href":"https:\/\/revistakuvendi.org\/index.php?rest_route=\/wp\/v2\/posts"}],"about":[{"href":"https:\/\/revistakuvendi.org\/index.php?rest_route=\/wp\/v2\/types\/post"}],"author":[{"embeddable":true,"href":"https:\/\/revistakuvendi.org\/index.php?rest_route=\/wp\/v2\/users\/1"}],"replies":[{"embeddable":true,"href":"https:\/\/revistakuvendi.org\/index.php?rest_route=%2Fwp%2Fv2%2Fcomments&post=8819"}],"version-history":[{"count":1,"href":"https:\/\/revistakuvendi.org\/index.php?rest_route=\/wp\/v2\/posts\/8819\/revisions"}],"predecessor-version":[{"id":8821,"href":"https:\/\/revistakuvendi.org\/index.php?rest_route=\/wp\/v2\/posts\/8819\/revisions\/8821"}],"wp:featuredmedia":[{"embeddable":true,"href":"https:\/\/revistakuvendi.org\/index.php?rest_route=\/wp\/v2\/media\/8820"}],"wp:attachment":[{"href":"https:\/\/revistakuvendi.org\/index.php?rest_route=%2Fwp%2Fv2%2Fmedia&parent=8819"}],"wp:term":[{"taxonomy":"category","embeddable":true,"href":"https:\/\/revistakuvendi.org\/index.php?rest_route=%2Fwp%2Fv2%2Fcategories&post=8819"},{"taxonomy":"post_tag","embeddable":true,"href":"https:\/\/revistakuvendi.org\/index.php?rest_route=%2Fwp%2Fv2%2Ftags&post=8819"}],"curies":[{"name":"wp","href":"https:\/\/api.w.org\/{rel}","templated":true}]}}