{"id":8759,"date":"2020-11-16T22:26:52","date_gmt":"2020-11-16T22:26:52","guid":{"rendered":"http:\/\/revistakuvendi.org\/?p=8759"},"modified":"2020-11-16T22:26:52","modified_gmt":"2020-11-16T22:26:52","slug":"irida-zusi-poezi-per-konkursin-2","status":"publish","type":"post","link":"https:\/\/revistakuvendi.org\/?p=8759","title":{"rendered":"Irida Zusi &#8211; Poezi per Konkursin"},"content":{"rendered":"\n<figure class=\"wp-block-image\"><img loading=\"lazy\" decoding=\"async\" width=\"160\" height=\"107\" src=\"http:\/\/revistakuvendi.org\/wp-content\/uploads\/2020\/11\/Irida-zusi.jpg\" alt=\"\" class=\"wp-image-8760\"\/><\/figure>\n\n\n\n<p><strong>NDAL<\/strong><\/p>\n\n\n\n<p>Vesh\u00ebt\nd\u00ebgjojn\u00eb plumbin e nj\u00eb pushke<\/p>\n\n\n\n<p>Teksa\nbombat shp\u00ebrthejn\u00eb larg diku atje<\/p>\n\n\n\n<p>Edhe sa\nkoh\u00eb do zgjas\u00eb kjo makab\u00ebr lufte <\/p>\n\n\n\n<p>Ku\ninati vishet me fishek\u00eb gati p\u00ebr goditje<\/p>\n\n\n\n<p>Asgj\u00eb\nnuk \u00ebsht\u00eb m\u00eb e sigurt, dua t\u00eb ik<\/p>\n\n\n\n<p>Nj\u00eb bot\u00eb e rrezikuar\nku ka vet\u00ebm frik<\/p>\n\n\n\n<p>Nj\u00eb bomb\u00eb\nkercet k\u00ebtu e nj\u00eb tjet\u00ebr n\u00eb er\u00eb<\/p>\n\n\n\n<p>Tytat\ne nj\u00eb pushke t\u00eb mbushura me vrer\u00eb<\/p>\n\n\n\n<p>JO, JO, JO\nnuk jam e mbrojtur aspak<\/p>\n\n\n\n<p>As\nkok\u00ebn se nxjerr dot as n\u00eb parmak<\/p>\n\n\n\n<p>t\u00eb\nshoh diellin teksa ngrihet n\u00eb mengjes<\/p>\n\n\n\n<p>n\u00eb ajrin e\npis\u00ebt t\u00eb tres brengat porsi ves\u00eb<\/p>\n\n\n\n<p>Gjith\u00e7ka ka\nmarr\u00eb ngjyr\u00ebn e nj\u00eb korbi t\u00eb zi<\/p>\n\n\n\n<p>s\u2018ka\nasgj\u00eb t\u00eb mbetur pas shpirtit s\u2018ka m\u00eb rini<\/p>\n\n\n\n<p>as\nbuz\u00ebqeshje lumturie, apo \u00ebndrra n\u00eb drit\u00eb<\/p>\n\n\n\n<p>t\u00eb\nvdekurit e luft\u00ebs me lot n\u00eb sy duke i th\u00ebrrit<\/p>\n\n\n\n<p>T\u00eb\ngjitha lot\u00ebt i thithi err\u00ebsira me mjergull\u00ebn e vet<\/p>\n\n\n\n<p>N\u00ebn qiellin\ne vrenjtur zi atje ku bu\u00e7asin fort rrufet\u00eb<\/p>\n\n\n\n<p>\u00cbndrrat dhe\nshpresat porsi shk\u00ebmbinj t\u00eb fort\u00eb, gur<\/p>\n\n\n\n<p>T\u00eb\nzjarrta porsi nj\u00eb vullkan ku damar\u00ebt u b\u00ebn\u00eb mur<\/p>\n\n\n\n<p>Me\nmendimin se nj\u00eb dit\u00eb kjo luft\u00eb do mundet me paqe<\/p>\n\n\n\n<p>Ku forca\ne syve t\u00eb dashuris\u00eb s\u2019do ndalte s\u00eb thururi vargje<\/p>\n\n\n\n<p>P\u00ebr at\u00eb\nbot\u00eb t\u00eb shtypur ku miliona njer\u00ebz u dergjen t\u00eb vrar\u00eb<\/p>\n\n\n\n<p>Kur\ngjakftoht\u00ebsia e hakmarr\u00ebsve i morri t\u00eb gjith\u00eb p\u00ebr mbar\u00eb<\/p>\n\n\n\n<p>JO, <em>NDAL<\/em>, mjaft pushk\u00eb dhe bomba p\u00ebrs\u00ebri<\/p>\n\n\n\n<p>Ulni\narm\u00ebt, mendoni pak\u00ebz p\u00ebr k\u00ebt\u00eb njer\u00ebzi<\/p>\n\n\n\n<p>Ndalni\nluft\u00ebn e d\u00ebgjoni teksa qajn\u00eb dashurit\u00eb<\/p>\n\n\n\n<p>Dhimbjet\nq\u00eb pas lot\u00ebve fshihen thell\u00eb n\u00eb \u00e7do shpirt<\/p>\n\n\n\n<p><strong>MALL <\/strong><\/p>\n\n\n\n<p>Oh\nsa pik\u00ebllon pand\u00ebrprer\u00eb ky mall&#8230; buron nga shpirti, <\/p>\n\n\n\n<p>ashtu\nsi mungesa e cic\u00ebrimave t\u00eb zogjve n\u00eb pranver\u00eb. <\/p>\n\n\n\n<p>N\u00eb\nshk\u00ebmbinjt\u00eb e jet\u00ebs pritja vargjet skaliti, <\/p>\n\n\n\n<p>n\u00eb\nmijra rreshta ajo qan nj\u00eb dashuri q\u00eb s\u2019shuhet asnj\u00ebher\u00eb. <\/p>\n\n\n\n<p>Vetmia\ngot\u00ebn kthen e etur, mbushur me zjarrin e mallit plot shend<\/p>\n\n\n\n<p>oh\nsa vret ky mall, kur jeton n\u00eb larg\u00ebsi&#8230; sa r\u00ebnd\u00eb q\u00eb vret ! <\/p>\n\n\n\n<p>e\nderdh lotin e fundit\u2026 pritja thur \u00ebndrra. <\/p>\n\n\n\n<p>dhe\nme syt\u00eb nostalgjik\u00eb n\u00eb agoni buz\u00ebqesha ashtu heshtur<\/p>\n\n\n\n<p>p\u00ebr\nnj\u00eb \u00e7ast, nj\u00eb jet\u00eb, kujtime e puthje q\u00eb dehin, <\/p>\n\n\n\n<p>Shpirti\nqau i vet\u00ebm, gjersa muzgu erdhi br\u00ebnda mallit tretur<\/p>\n\n\n\n<p>&nbsp;e syt\u00eb shuar rrinin n\u00eb net\u00ebt pis, se malli\n\u00ebsht\u00eb thik\u00eb e mpreht\u00eb <\/p>\n\n\n\n<p>pas\nxhamash pritjesh, e stuhi me shi. <\/p>\n\n\n\n<p><strong>BUKURI FEM\u00cbRORE<\/strong><\/p>\n\n\n\n<p>Ylli mbr\u00ebmjes \u00ebmb\u00ebl praruar mbi q\u00ebrpik<\/p>\n\n\n\n<p>Engj\u00ebll arom\u00ebvere, muz\u00eb shtruar n\u00eb mendime<\/p>\n\n\n\n<p>Vall\u00ebzim verbimplot\u00eb q\u00eb syt\u00eb i kthen perendimit<\/p>\n\n\n\n<p>Univers ndjenj\u00eb e p\u00ebrkryer q\u00eb frymon n\u00eb kujtime<\/p>\n\n\n\n<p>Gjith\u00e7ka reflekton \u00ebsht\u00eb nj\u00eb agim qiejsh t\u00eb perlt\u00eb\nbukuris\u00eb rr\u00ebzuar<\/p>\n\n\n\n<p>Shend i shenjt\u00eb i dlirt\u00eb q\u00eb prehje gjen ku derdhet pres\nqet\u00ebsia<\/p>\n\n\n\n<p>Fytyr\u00eb hyjnore me petka adhurimi, bekim n\u00eb sy p\u00ebr tu\ndashuruar<\/p>\n\n\n\n<p>Mrekulli fenomenale q\u00eb t\u00ebrheq, n\u00eb hijet e nat\u00ebs kur flet\nq\u00ebnia e saj<\/p>\n","protected":false},"excerpt":{"rendered":"<p>NDAL Vesh\u00ebt d\u00ebgjojn\u00eb plumbin e nj\u00eb pushke Teksa bombat shp\u00ebrthejn\u00eb larg diku atje Edhe sa koh\u00eb do zgjas\u00eb kjo makab\u00ebr lufte Ku inati vishet me fishek\u00eb gati p\u00ebr goditje Asgj\u00eb nuk \u00ebsht\u00eb m\u00eb e sigurt, dua t\u00eb ik Nj\u00eb bot\u00eb e rrezikuar ku ka vet\u00ebm frik Nj\u00eb bomb\u00eb kercet k\u00ebtu e nj\u00eb tjet\u00ebr n\u00eb er\u00eb&hellip;<\/p>\n","protected":false},"author":1,"featured_media":8760,"comment_status":"open","ping_status":"open","sticky":false,"template":"","format":"standard","meta":{"footnotes":""},"categories":[7],"tags":[],"class_list":["post-8759","post","type-post","status-publish","format-standard","has-post-thumbnail","hentry","category-poezi"],"_links":{"self":[{"href":"https:\/\/revistakuvendi.org\/index.php?rest_route=\/wp\/v2\/posts\/8759","targetHints":{"allow":["GET"]}}],"collection":[{"href":"https:\/\/revistakuvendi.org\/index.php?rest_route=\/wp\/v2\/posts"}],"about":[{"href":"https:\/\/revistakuvendi.org\/index.php?rest_route=\/wp\/v2\/types\/post"}],"author":[{"embeddable":true,"href":"https:\/\/revistakuvendi.org\/index.php?rest_route=\/wp\/v2\/users\/1"}],"replies":[{"embeddable":true,"href":"https:\/\/revistakuvendi.org\/index.php?rest_route=%2Fwp%2Fv2%2Fcomments&post=8759"}],"version-history":[{"count":1,"href":"https:\/\/revistakuvendi.org\/index.php?rest_route=\/wp\/v2\/posts\/8759\/revisions"}],"predecessor-version":[{"id":8761,"href":"https:\/\/revistakuvendi.org\/index.php?rest_route=\/wp\/v2\/posts\/8759\/revisions\/8761"}],"wp:featuredmedia":[{"embeddable":true,"href":"https:\/\/revistakuvendi.org\/index.php?rest_route=\/wp\/v2\/media\/8760"}],"wp:attachment":[{"href":"https:\/\/revistakuvendi.org\/index.php?rest_route=%2Fwp%2Fv2%2Fmedia&parent=8759"}],"wp:term":[{"taxonomy":"category","embeddable":true,"href":"https:\/\/revistakuvendi.org\/index.php?rest_route=%2Fwp%2Fv2%2Fcategories&post=8759"},{"taxonomy":"post_tag","embeddable":true,"href":"https:\/\/revistakuvendi.org\/index.php?rest_route=%2Fwp%2Fv2%2Ftags&post=8759"}],"curies":[{"name":"wp","href":"https:\/\/api.w.org\/{rel}","templated":true}]}}