{"id":8754,"date":"2020-11-16T22:24:19","date_gmt":"2020-11-16T22:24:19","guid":{"rendered":"http:\/\/revistakuvendi.org\/?p=8754"},"modified":"2020-11-16T22:24:57","modified_gmt":"2020-11-16T22:24:57","slug":"irida-zusi-poezi-per-konkursin","status":"publish","type":"post","link":"https:\/\/revistakuvendi.org\/?p=8754","title":{"rendered":"Enkelejda Kondi &#8211; Poezi per Konkursin"},"content":{"rendered":"\n<figure class=\"wp-block-image\"><img loading=\"lazy\" decoding=\"async\" width=\"160\" height=\"160\" src=\"http:\/\/revistakuvendi.org\/wp-content\/uploads\/2020\/11\/enkeljeda.jpg\" alt=\"\" class=\"wp-image-8755\" srcset=\"https:\/\/revistakuvendi.org\/wp-content\/uploads\/2020\/11\/enkeljeda.jpg 160w, https:\/\/revistakuvendi.org\/wp-content\/uploads\/2020\/11\/enkeljeda-150x150.jpg 150w, https:\/\/revistakuvendi.org\/wp-content\/uploads\/2020\/11\/enkeljeda-50x50.jpg 50w\" sizes=\"auto, (max-width: 160px) 100vw, 160px\" \/><\/figure>\n\n\n\n<p><strong>Kufiri i botes<\/strong><\/p>\n\n\n\n<p>Kufiri i bot\u00ebs \u00ebsht\u00eb\nderi tek ti <\/p>\n\n\n\n<p>N\u00ebp\u00ebr vijat e qiellit, <\/p>\n\n\n\n<p>N\u00ebp\u00ebr imazhet e reve, <\/p>\n\n\n\n<p>N\u00eb pafund\u00ebsin\u00eb e\noqeaneve, <\/p>\n\n\n\n<p>N\u00eb udh\u00ebn e bardh\u00eb t\u00eb\nmallit <\/p>\n\n\n\n<p>\u00cbsht\u00eb kufiri i bot\u00ebs q\u00eb\nm\u00eb sjell tek ti. <\/p>\n\n\n\n<p>N\u00ebp\u00ebr fjal\u00ebt e\ndashuris\u00eb, <\/p>\n\n\n\n<p>N\u00ebp\u00ebr krah\u00eb avion\u00ebsh, <\/p>\n\n\n\n<p>N\u00eb aeroporte t\u00eb\nbraktisura, <\/p>\n\n\n\n<p>N\u00eb fluturime t\u00eb\nvetmuara, <\/p>\n\n\n\n<p>N\u00eb trishtimin e\nndarjeve <\/p>\n\n\n\n<p>\u00cbsht\u00eb kufiri i bot\u00ebs q\u00eb\nm\u00eb ndan nga ti.<\/p>\n\n\n\n<p><strong>Le te hapet<\/strong><\/p>\n\n\n\n<p>Le t\u00eb hapet, pra,\nqielli! <\/p>\n\n\n\n<p>K\u00ebt\u00eb ver\u00eb pres t\u00eb hapet\nqielli, <\/p>\n\n\n\n<p>T\u00eb bien muret e t\u00eb shk\u00eblqej\u00eb\ndielli, <\/p>\n\n\n\n<p>T\u00eb mbahet mend se me\n\u00e7\u2019padurim e presim <\/p>\n\n\n\n<p>\u00c7astin kur buz\u00ebt tona\nt\u00eb shkrihen <\/p>\n\n\n\n<p>Ne nj\u00eb melodi t\u00eb \u00ebmb\u00ebl\npasioni&#8230; <\/p>\n\n\n\n<p>T\u00eb mbahet mend\np\u00ebrqafimi <\/p>\n\n\n\n<p>Dhe g\u00ebzimi si prej\nf\u00ebmije i zemr\u00ebs n\u00eb kraharor. <\/p>\n\n\n\n<p>M\u00eb duhet t\u00eb vij tek ti,\n<\/p>\n\n\n\n<p>M\u00eb th\u00ebrret malli, <\/p>\n\n\n\n<p>E ndiej se duhet, <\/p>\n\n\n\n<p>Ndaj pres t\u00eb hapet\nqielli, t\u00eb bien muret. <\/p>\n\n\n\n<p>Me nj\u00eb puthje malli dua\nt\u00eb vij tek ti k\u00ebt\u00eb ver\u00eb, <\/p>\n\n\n\n<p>Le t\u00eb hapet, pra,\nqielli e ta mundim s\u00eb bashku pritjen. <\/p>\n\n\n\n<p>Patjet\u00ebr, k\u00ebt\u00eb ver\u00eb&#8230; <\/p>\n\n\n\n<p>Pres t\u00eb dal\u00eb dielli&#8230;<\/p>\n\n\n\n<p><strong>N\u00eb kujtim t\u00eb saj <\/strong><\/p>\n\n\n\n<p>N\u00eb kujtim t\u00eb saj <\/p>\n\n\n\n<p>Do t\u00eb v\u00eb n\u00eb tryez\u00eb\ntr\u00ebndafila t\u00eb kuq <\/p>\n\n\n\n<p>P\u00ebr ta ngjallur s\u00ebrish\nimazhin e saj. <\/p>\n\n\n\n<p>N\u00eb kujtim t\u00eb saj <\/p>\n\n\n\n<p>Do t\u00eb shoh \u00ebndrr\u00ebn m\u00eb\nt\u00eb bukur si n\u00eb legjenda, <\/p>\n\n\n\n<p>Ta ndiej shpirtin e saj\nt\u00eb ngurt\u00ebsuar n\u00eb jehona mitesh. <\/p>\n\n\n\n<p>N\u00eb kujtim t\u00eb saj <\/p>\n\n\n\n<p>Do t\u00eb shkruaj data <\/p>\n\n\n\n<p>N\u00eb brigje t\u00eb larg\u00ebta,\nn\u00eb blu t\u00eb frikshme. <\/p>\n\n\n\n<p>N\u00eb kujtim t\u00eb saj <\/p>\n\n\n\n<p>Do t\u00eb pushoj s\u00eb\nshkruari, do ta p\u00ebrpij err\u00ebsir\u00ebn, <\/p>\n\n\n\n<p>Do t\u00eb hesht e do t\u00eb\nshkrihem n\u00eb vaj t\u00eb p\u00ebrjetsh\u00ebm.<\/p>\n\n\n\n<p><strong>Pogradeci <\/strong><\/p>\n\n\n\n<p>Dy mjellma mbi pasqyr\u00ebn\ne liqenit <\/p>\n\n\n\n<p>Dhe malet p\u00ebrreth\np\u00ebrthyhen n\u00eb syprin\u00ebn e tij, <\/p>\n\n\n\n<p>Shihen n\u00eb t\u00eb edhe\ndielli, edhe vete liqeni, <\/p>\n\n\n\n<p>Dhe qielli i patrazuar\ne i paqt\u00eb, <\/p>\n\n\n\n<p>Dhe jeta e njer\u00ebzit, <\/p>\n\n\n\n<p>Dhe nj\u00eb vark\u00eb e\nbraktisur n\u00eb breg, <\/p>\n\n\n\n<p>Dhe nj\u00eb tjet\u00ebr tutje,\nlarg nga bregu, <\/p>\n\n\n\n<p>Dhe Lasgushi me\nKutelin, <\/p>\n\n\n\n<p>Dhe vjeshta dhe dimri, <\/p>\n\n\n\n<p>Dhe vera me njer\u00ebz\nplot, <\/p>\n\n\n\n<p>Dhe mbr\u00ebmja&#8230; <\/p>\n\n\n\n<p>Dhe sot <\/p>\n\n\n\n<p>N\u00eb k\u00ebt\u00eb pasqyr\u00eb t\u00eb\nmadhe <\/p>\n\n\n\n<p>Ka vend p\u00ebr t\u00eb gjith\u00eb&#8230;\n<\/p>\n\n\n\n<p>N\u00eb k\u00ebt\u00eb pasqyr\u00eb <\/p>\n\n\n\n<p>Pogradeci nuk fshihet\ndot&#8230;<\/p>\n\n\n\n<p><strong>Rruge <\/strong><\/p>\n\n\n\n<p>Ka rrug\u00eb n\u00eb qiell, <\/p>\n\n\n\n<p>Ka rrug\u00eb n\u00eb det, <\/p>\n\n\n\n<p>Ka rrug\u00eb n\u00eb rrug\u00eb, <\/p>\n\n\n\n<p>Ka rrug\u00eb n\u00eb zem\u00ebr, <\/p>\n\n\n\n<p>Ka rrug\u00eb n\u00eb shpirt. <\/p>\n\n\n\n<p>Ka rrug\u00eb drejt jet\u00ebs, <\/p>\n\n\n\n<p>Ka rrug\u00eb drejt vdekjes,\n<\/p>\n\n\n\n<p>Ka rrug\u00eb p\u00ebr te\ndashuria, <\/p>\n\n\n\n<p>Ka rrug\u00eb p\u00ebr te ndarja.\n<\/p>\n\n\n\n<p>Ka rrug\u00eb p\u00ebr tek ti, <\/p>\n\n\n\n<p>Ka rrug\u00eb p\u00ebr tek un\u00eb. <\/p>\n\n\n\n<p>Ka rrug\u00eb, ka rrug\u00eb\npafund, <\/p>\n\n\n\n<p>Rrug\u00eb q\u00eb t\u00eb \u00e7ojn\u00eb te\nkjo bot\u00eb <\/p>\n\n\n\n<p>E p\u00ebrgjithmon\u00eb n\u00eb bot\u00ebn\ntjet\u00ebr.<\/p>\n","protected":false},"excerpt":{"rendered":"<p>Kufiri i botes Kufiri i bot\u00ebs \u00ebsht\u00eb deri tek ti N\u00ebp\u00ebr vijat e qiellit, N\u00ebp\u00ebr imazhet e reve, N\u00eb pafund\u00ebsin\u00eb e oqeaneve, N\u00eb udh\u00ebn e bardh\u00eb t\u00eb mallit \u00cbsht\u00eb kufiri i bot\u00ebs q\u00eb m\u00eb sjell tek ti. N\u00ebp\u00ebr fjal\u00ebt e dashuris\u00eb, N\u00ebp\u00ebr krah\u00eb avion\u00ebsh, N\u00eb aeroporte t\u00eb braktisura, N\u00eb fluturime t\u00eb vetmuara, N\u00eb trishtimin e&hellip;<\/p>\n","protected":false},"author":1,"featured_media":8755,"comment_status":"open","ping_status":"open","sticky":false,"template":"","format":"standard","meta":{"footnotes":""},"categories":[7],"tags":[],"class_list":["post-8754","post","type-post","status-publish","format-standard","has-post-thumbnail","hentry","category-poezi"],"_links":{"self":[{"href":"https:\/\/revistakuvendi.org\/index.php?rest_route=\/wp\/v2\/posts\/8754","targetHints":{"allow":["GET"]}}],"collection":[{"href":"https:\/\/revistakuvendi.org\/index.php?rest_route=\/wp\/v2\/posts"}],"about":[{"href":"https:\/\/revistakuvendi.org\/index.php?rest_route=\/wp\/v2\/types\/post"}],"author":[{"embeddable":true,"href":"https:\/\/revistakuvendi.org\/index.php?rest_route=\/wp\/v2\/users\/1"}],"replies":[{"embeddable":true,"href":"https:\/\/revistakuvendi.org\/index.php?rest_route=%2Fwp%2Fv2%2Fcomments&post=8754"}],"version-history":[{"count":2,"href":"https:\/\/revistakuvendi.org\/index.php?rest_route=\/wp\/v2\/posts\/8754\/revisions"}],"predecessor-version":[{"id":8758,"href":"https:\/\/revistakuvendi.org\/index.php?rest_route=\/wp\/v2\/posts\/8754\/revisions\/8758"}],"wp:featuredmedia":[{"embeddable":true,"href":"https:\/\/revistakuvendi.org\/index.php?rest_route=\/wp\/v2\/media\/8755"}],"wp:attachment":[{"href":"https:\/\/revistakuvendi.org\/index.php?rest_route=%2Fwp%2Fv2%2Fmedia&parent=8754"}],"wp:term":[{"taxonomy":"category","embeddable":true,"href":"https:\/\/revistakuvendi.org\/index.php?rest_route=%2Fwp%2Fv2%2Fcategories&post=8754"},{"taxonomy":"post_tag","embeddable":true,"href":"https:\/\/revistakuvendi.org\/index.php?rest_route=%2Fwp%2Fv2%2Ftags&post=8754"}],"curies":[{"name":"wp","href":"https:\/\/api.w.org\/{rel}","templated":true}]}}