{"id":8751,"date":"2020-11-16T22:22:32","date_gmt":"2020-11-16T22:22:32","guid":{"rendered":"http:\/\/revistakuvendi.org\/?p=8751"},"modified":"2020-11-16T22:22:32","modified_gmt":"2020-11-16T22:22:32","slug":"bexhet-hasani-per-konkursin","status":"publish","type":"post","link":"https:\/\/revistakuvendi.org\/?p=8751","title":{"rendered":"Bexhet Hasani &#8211; Per Konkursin"},"content":{"rendered":"\n<figure class=\"wp-block-image\"><img loading=\"lazy\" decoding=\"async\" width=\"122\" height=\"160\" src=\"http:\/\/revistakuvendi.org\/wp-content\/uploads\/2020\/11\/bexhet-asani.jpg\" alt=\"\" class=\"wp-image-8752\"\/><\/figure>\n\n\n\n<p>NUSET E NAFANIT<\/p>\n\n\n\n<p>(Ngjarja e v\u00ebrtet\u00eb tragjike ka ndodhur n\u00eb fshatin Nafan t\u00eb\nFollorin\u00ebs n\u00eb \u00c7am\u00ebri, n\u00eb vitin 1906. <br>\nNga kujtimet e Tahsin Uzer &#8211; Taxin Uzer, Makedonya Eskyalik Tarihi ve\nOsmanly Y\u00f6netimi, Ankara 1999, T\u00fcrk Tarih Kurumu)<br>\n&nbsp;<\/p>\n\n\n\n<p>Kambana binte n\u00eb fshat<br>\nDasm\u00eb kishte at\u00eb nat\u00eb.<br>\nHidhej vallja plot hare,<br>\nK\u00ebmba nuk prekte p\u00ebrdhe!<br>\n<br>\nMarilen\u00eb, moj, lule prilli,<br>\nMe g\u00ebzim t\u00eb pret bandilli!<br>\nMarilen\u00eb, moj, t\u00eb past\u00eb n\u00ebna,<br>\nM\u00eb e bukura se h\u00ebna.<br>\n<br>\nVajzat b\u00ebnin dhe shpoti:<br>\nSivjet un\u00eb, n\u00eb mot ti.<br>\nDo t\u00eb martohesh moj hyri,<br>\nE lumtur je, kur b\u00ebn f\u00ebmi.<br>\n<br>\nMoj, vajza, moj, shtat\u00ebmb\u00ebdhjet\u00eb lule,<br>\nT\u00eb rritura me pekule.<br>\nPorsi dielli kur bie,<br>\nVelloja sa do t\u2019 u ket\u00eb hije,<br>\n<br>\nSht\u00ebpia kishte marr\u00eb nur,<br>\nDasma s\u2019 do t\u00eb harrohej kurr\u00eb.<br>\nDo t\u00eb vinin qindra krushqi,<br>\nP\u00ebr ta marr\u00eb k\u00ebt\u00eb bukuri.<br>\n<br>\nRa kambana bam e ba,<br>\n\u00c7\u2019 \u00ebsht\u00eb, kjo gj\u00ebm\u00eb, kjo hata?!<br>\nNga kambana tundej Nafani,<br>\nSikur t\u00eb kishte r\u00ebn\u00eb tufani!<br>\n<br>\n\u00c7\u2019 \u00ebsht\u00eb ky sihariq?<br>\nKemi odat plot me miq.<br>\nGostiten dasmor\u00ebt me ver\u00eb,<br>\nK\u00ebshtu e do zakoni si ngaher\u00eb!<br>\n<br>\nT\u00eb ndalet, t\u00eb ndalet kambana,<br>\nKemi dasm\u00eb, kemi tupana!<br>\nPes\u00ebqind cuba sulmuan fshatin,<br>\nS\u2019 dinte biri ku e kishte t\u00eb atin!<br>\n<br>\n<\/p>\n\n\n\n<p>Sht\u00ebpit\u00eb i\ndogj\u00ebn, i mbuloi flaka,&nbsp;&nbsp;&nbsp;&nbsp;&nbsp;&nbsp;&nbsp;&nbsp;&nbsp;&nbsp;&nbsp;&nbsp;&nbsp;&nbsp;&nbsp;&nbsp;&nbsp;&nbsp;&nbsp;&nbsp;&nbsp;&nbsp;&nbsp;&nbsp;&nbsp;&nbsp;&nbsp;&nbsp;&nbsp;&nbsp;&nbsp;&nbsp;&nbsp;&nbsp;&nbsp;&nbsp;&nbsp;&nbsp;&nbsp;&nbsp;&nbsp;&nbsp;&nbsp;&nbsp;&nbsp;&nbsp;&nbsp;&nbsp;&nbsp;&nbsp;&nbsp;&nbsp;&nbsp;&nbsp;&nbsp;&nbsp;&nbsp;&nbsp;&nbsp;&nbsp;&nbsp;&nbsp;&nbsp;&nbsp;&nbsp;&nbsp;&nbsp;&nbsp;&nbsp;&nbsp;&nbsp;&nbsp;&nbsp;&nbsp;&nbsp;&nbsp;&nbsp;&nbsp;&nbsp;&nbsp;&nbsp;&nbsp;&nbsp;&nbsp;&nbsp;&nbsp;&nbsp;&nbsp;&nbsp;&nbsp;&nbsp;&nbsp;&nbsp;&nbsp;&nbsp;\nQanin, ul\u00ebrinin, pleq e plaka.<br>\nDisa ik\u00ebn andej nga kisha,<br>\nT\u00eb shp\u00ebtonin nga k\u00ebto bisha.<br>\n<br>\nPushoi kambana e papandis\u00eb,<br>\nKjo urat\u00eb e per\u00ebndis\u00eb!<br>\nKur flak\u00ebt mor\u00ebn t\u00eb nuses sht\u00ebpi,<br>\nMbaroi g\u00ebzimi, dasma si me magji!<br>\n<br>\n<br>\nN\u00eb qilar motra, atje s\u2019 na gjejn\u00eb dot,<br>\nVajzat me vrap, t\u00eb mbytura me lot.<br>\nShat\u00ebmb\u00ebdhjet\u00eb lule, kush t\u00eb ik\u00eb m\u00eb par\u00eb,<br>\nT\u00eb shp\u00ebtojn\u00eb nga cubat, cubat gjakatar\u00eb.<br>\n<br>\nShtat\u00ebmb\u00ebdhjet\u00eb vajzat, ishin si yjet,<br>\nM\u00eb t\u00eb bukura edhe se hyrijet.<br>\nSht\u00ebpia u b\u00eb shkrumb, e hi,<br>\nPo nuset, po nuset, ku gjenden tani?!<br>\n<br>\nT\u00eb g\u00ebzuara vajzat-nuse, se shp\u00ebtuan\u2026\u2026.!<br>\nT\u00eb shtat\u00ebmb\u00ebdhjet\u00eb vajzat, u asfiksuan.<br>\nTymi i madh, n\u00eb bodrum, i ngulfati,<br>\nShtat\u00ebmb\u00ebdhjet\u00eb nuse vdiq\u00ebn, ul\u00ebrinte fshati!<\/p>\n\n\n\n<p>Kryeplakut i dridhej buza, iu nxi fytyra:&nbsp;&nbsp;&nbsp;&nbsp;&nbsp;&nbsp;&nbsp;&nbsp;&nbsp;&nbsp;&nbsp;&nbsp;&nbsp;&nbsp;&nbsp;&nbsp;&nbsp;&nbsp;&nbsp;&nbsp;&nbsp;&nbsp;&nbsp;&nbsp;&nbsp;&nbsp;&nbsp;&nbsp;&nbsp;&nbsp;&nbsp;&nbsp;&nbsp;&nbsp;&nbsp;&nbsp;&nbsp;&nbsp;&nbsp;&nbsp;&nbsp;&nbsp;&nbsp;&nbsp;&nbsp;&nbsp;&nbsp;&nbsp;&nbsp;&nbsp;&nbsp;&nbsp;&nbsp;&nbsp;&nbsp;&nbsp;&nbsp;&nbsp;&nbsp;&nbsp;&nbsp;&nbsp;&nbsp;&nbsp;&nbsp;&nbsp;&nbsp;&nbsp;&nbsp;&nbsp;&nbsp;&nbsp;&nbsp;&nbsp;&nbsp;&nbsp;&nbsp;&nbsp;&nbsp;&nbsp;&nbsp;&nbsp;&nbsp;&nbsp;&nbsp;&nbsp;&nbsp;&nbsp;&nbsp;&nbsp;&nbsp;&nbsp;\nT\u00eb vishen vajzat me teshat m\u00eb t\u00eb mira!&nbsp;&nbsp;&nbsp;&nbsp;&nbsp;&nbsp;&nbsp;&nbsp;&nbsp;&nbsp;&nbsp;&nbsp;&nbsp;&nbsp;&nbsp;&nbsp;&nbsp;&nbsp;&nbsp;&nbsp;&nbsp;&nbsp;&nbsp;&nbsp;&nbsp;&nbsp;&nbsp;&nbsp;&nbsp;&nbsp;&nbsp;&nbsp;&nbsp;&nbsp;&nbsp;&nbsp;&nbsp;&nbsp;&nbsp;&nbsp;&nbsp;&nbsp;&nbsp;&nbsp;&nbsp;&nbsp;&nbsp;&nbsp;\n&nbsp;&nbsp;&nbsp;&nbsp;&nbsp;&nbsp;&nbsp;&nbsp;&nbsp;&nbsp;&nbsp;&nbsp;&nbsp;&nbsp;&nbsp;&nbsp;&nbsp;&nbsp;&nbsp;&nbsp;&nbsp;&nbsp;&nbsp;&nbsp;&nbsp;&nbsp;&nbsp;&nbsp;&nbsp;&nbsp;&nbsp;&nbsp;&nbsp;&nbsp;&nbsp;&nbsp;&nbsp;&nbsp;&nbsp;&nbsp;&nbsp;&nbsp;&nbsp;&nbsp;T\u00eb\nvishen \u201cnuset\u201d me tela e me stoli,&nbsp;&nbsp;&nbsp;&nbsp;&nbsp;&nbsp;&nbsp;&nbsp;&nbsp;&nbsp;&nbsp;&nbsp;&nbsp;&nbsp;&nbsp;&nbsp;&nbsp;&nbsp;&nbsp;&nbsp;&nbsp;&nbsp;&nbsp;&nbsp;&nbsp;&nbsp;&nbsp;&nbsp;&nbsp;&nbsp;&nbsp;&nbsp;&nbsp;&nbsp;&nbsp;&nbsp;&nbsp;&nbsp;&nbsp;&nbsp;&nbsp;&nbsp;&nbsp;&nbsp;&nbsp;&nbsp;&nbsp;&nbsp;&nbsp;&nbsp;&nbsp;&nbsp;&nbsp;&nbsp;&nbsp;&nbsp;&nbsp;&nbsp;&nbsp;&nbsp;&nbsp;&nbsp;&nbsp;&nbsp;&nbsp;&nbsp;&nbsp;&nbsp;&nbsp;&nbsp;&nbsp;&nbsp;&nbsp;&nbsp;&nbsp;&nbsp;&nbsp;&nbsp;&nbsp;&nbsp;&nbsp;&nbsp;&nbsp;&nbsp;&nbsp;&nbsp;&nbsp;&nbsp;&nbsp;&nbsp;&nbsp;&nbsp;&nbsp;\nKjo \u00ebsht\u00eb dasma e tyre, ky ishte fat i zi!<\/p>\n\n\n\n<p>U radhit\u00ebn nuset nj\u00eb e nga nj\u00eb, plot stoli,&nbsp;&nbsp;&nbsp;&nbsp;&nbsp;&nbsp;&nbsp;&nbsp;&nbsp;&nbsp;&nbsp;&nbsp;&nbsp;&nbsp;&nbsp;&nbsp;&nbsp;&nbsp;&nbsp;&nbsp;&nbsp;&nbsp;&nbsp;&nbsp;&nbsp;&nbsp;&nbsp;&nbsp;&nbsp;&nbsp;&nbsp;&nbsp;&nbsp;&nbsp;&nbsp;&nbsp;&nbsp;&nbsp;&nbsp;&nbsp;&nbsp;&nbsp;&nbsp;&nbsp;&nbsp;&nbsp;&nbsp;&nbsp;&nbsp;&nbsp;&nbsp;&nbsp;&nbsp;&nbsp;&nbsp;&nbsp;&nbsp;&nbsp;&nbsp;&nbsp;&nbsp;&nbsp;&nbsp;&nbsp;&nbsp;&nbsp;&nbsp;&nbsp;&nbsp;&nbsp;&nbsp;&nbsp;&nbsp;&nbsp;&nbsp;&nbsp;&nbsp;&nbsp;&nbsp;&nbsp;&nbsp;&nbsp;&nbsp;&nbsp;&nbsp;\nN\u00eb oborr, para sht\u00ebpis\u00eb n\u00ebn qershi.&nbsp;&nbsp;&nbsp;&nbsp;&nbsp;&nbsp;&nbsp;&nbsp;&nbsp;&nbsp;&nbsp;&nbsp;&nbsp;&nbsp;&nbsp;&nbsp;&nbsp;&nbsp;&nbsp;&nbsp;&nbsp;&nbsp;&nbsp;&nbsp;&nbsp;&nbsp;&nbsp;&nbsp;&nbsp;&nbsp;&nbsp;&nbsp;&nbsp;&nbsp;&nbsp;&nbsp;&nbsp;&nbsp;&nbsp;&nbsp;&nbsp;&nbsp;&nbsp;&nbsp;&nbsp;&nbsp;&nbsp;&nbsp;&nbsp;&nbsp;&nbsp;&nbsp;&nbsp;&nbsp;&nbsp;&nbsp;&nbsp;&nbsp;&nbsp;&nbsp;&nbsp;&nbsp;&nbsp;&nbsp;&nbsp;&nbsp;&nbsp;&nbsp;&nbsp;&nbsp;&nbsp;&nbsp;&nbsp;&nbsp;&nbsp;&nbsp;&nbsp;&nbsp;&nbsp;&nbsp;&nbsp;&nbsp;&nbsp;&nbsp;&nbsp;&nbsp;&nbsp;&nbsp;&nbsp;&nbsp;&nbsp;&nbsp;&nbsp;\nKur pa gjith\u00eb at\u00eb mynxyr\u00eb, \u00e7\u2019 \u00ebsht\u00eb kjo hata?!<br>\nU alivanos e ra, majori italian Manara.\n\nLajmi mortor u p\u00ebhap\u00eb si vet\u00ebtima,<br>\nP\u00ebr k\u00ebto hyjnore, p\u00ebr k\u00ebto viktima.<br>\nU tund Selaniku, u tund Manastiri,<br>\nTragjedi t\u00eb till\u00eb s\u2019 kishte par\u00eb Misiri!<br><br>\nVend\u00ebs e t\u00eb huaj, u mbush Nafani,<br>\nMori vesh bota, mori vesh Allamani.<br>\nKortezhin mortor e shoq\u00ebronin saraf\u00eb,<br>\nAndej &#8211; k\u00ebndej l\u00ebviznin disa fotograf\u00eb.<br><br>\nKortezhin e p\u00ebrcillnin, kambana mortore,<br>\nDhjet\u00ebra prift\u00ebrinj me kandila p\u00ebrdore.<br>\nUl\u00ebrima, t\u00eb sht\u00ebna pushk\u00ebsh gjer n\u00eb varre,<br>\nNuset u p\u00ebrcoll\u00ebn, me zakone t\u00eb lashta\nshqiptare.<br><br>\n&nbsp;&nbsp;&nbsp;&nbsp;&nbsp;&nbsp;&nbsp;&nbsp;&nbsp;&nbsp;&nbsp;&nbsp;&nbsp;&nbsp;&nbsp;&nbsp;&nbsp;&nbsp;&nbsp;&nbsp;&nbsp;&nbsp;&nbsp;&nbsp;&nbsp;&nbsp;&nbsp;&nbsp;&nbsp;&nbsp;&nbsp;&nbsp;&nbsp;&nbsp;&nbsp;&nbsp;&nbsp;&nbsp;&nbsp;&nbsp;&nbsp;&nbsp;&nbsp;&nbsp;&nbsp;\nBexhet Asani\n\n\n\n<\/p>\n","protected":false},"excerpt":{"rendered":"<p>NUSET E NAFANIT (Ngjarja e v\u00ebrtet\u00eb tragjike ka ndodhur n\u00eb fshatin Nafan t\u00eb Follorin\u00ebs n\u00eb \u00c7am\u00ebri, n\u00eb vitin 1906. Nga kujtimet e Tahsin Uzer &#8211; Taxin Uzer, Makedonya Eskyalik Tarihi ve Osmanly Y\u00f6netimi, Ankara 1999, T\u00fcrk Tarih Kurumu) &nbsp; Kambana binte n\u00eb fshat Dasm\u00eb kishte at\u00eb nat\u00eb. Hidhej vallja plot hare, K\u00ebmba nuk prekte p\u00ebrdhe!&hellip;<\/p>\n","protected":false},"author":1,"featured_media":8752,"comment_status":"open","ping_status":"open","sticky":false,"template":"","format":"standard","meta":{"footnotes":""},"categories":[7],"tags":[],"class_list":["post-8751","post","type-post","status-publish","format-standard","has-post-thumbnail","hentry","category-poezi"],"_links":{"self":[{"href":"https:\/\/revistakuvendi.org\/index.php?rest_route=\/wp\/v2\/posts\/8751","targetHints":{"allow":["GET"]}}],"collection":[{"href":"https:\/\/revistakuvendi.org\/index.php?rest_route=\/wp\/v2\/posts"}],"about":[{"href":"https:\/\/revistakuvendi.org\/index.php?rest_route=\/wp\/v2\/types\/post"}],"author":[{"embeddable":true,"href":"https:\/\/revistakuvendi.org\/index.php?rest_route=\/wp\/v2\/users\/1"}],"replies":[{"embeddable":true,"href":"https:\/\/revistakuvendi.org\/index.php?rest_route=%2Fwp%2Fv2%2Fcomments&post=8751"}],"version-history":[{"count":1,"href":"https:\/\/revistakuvendi.org\/index.php?rest_route=\/wp\/v2\/posts\/8751\/revisions"}],"predecessor-version":[{"id":8753,"href":"https:\/\/revistakuvendi.org\/index.php?rest_route=\/wp\/v2\/posts\/8751\/revisions\/8753"}],"wp:featuredmedia":[{"embeddable":true,"href":"https:\/\/revistakuvendi.org\/index.php?rest_route=\/wp\/v2\/media\/8752"}],"wp:attachment":[{"href":"https:\/\/revistakuvendi.org\/index.php?rest_route=%2Fwp%2Fv2%2Fmedia&parent=8751"}],"wp:term":[{"taxonomy":"category","embeddable":true,"href":"https:\/\/revistakuvendi.org\/index.php?rest_route=%2Fwp%2Fv2%2Fcategories&post=8751"},{"taxonomy":"post_tag","embeddable":true,"href":"https:\/\/revistakuvendi.org\/index.php?rest_route=%2Fwp%2Fv2%2Ftags&post=8751"}],"curies":[{"name":"wp","href":"https:\/\/api.w.org\/{rel}","templated":true}]}}