{"id":8748,"date":"2020-11-16T22:20:30","date_gmt":"2020-11-16T22:20:30","guid":{"rendered":"http:\/\/revistakuvendi.org\/?p=8748"},"modified":"2020-11-16T22:20:30","modified_gmt":"2020-11-16T22:20:30","slug":"marjola-salataj-_-poezi-per-konkursin","status":"publish","type":"post","link":"https:\/\/revistakuvendi.org\/?p=8748","title":{"rendered":"Marjola Salataj _ Poezi per Konkursin"},"content":{"rendered":"\n<figure class=\"wp-block-image\"><img loading=\"lazy\" decoding=\"async\" width=\"151\" height=\"160\" src=\"http:\/\/revistakuvendi.org\/wp-content\/uploads\/2020\/11\/marjola-salataj.jpg\" alt=\"\" class=\"wp-image-8749\"\/><\/figure>\n\n\n\n<p><strong>Dhimbje kohe \u2026<\/strong><\/p>\n\n\n\n<p>Me dhimbjen e koh\u00ebs, po jetoj!&nbsp;<\/p>\n\n\n\n<p>Me dhimbjen q\u00eb jeta m\u00eb servir!&nbsp;<\/p>\n\n\n\n<p>N\u00eb korniz\u00ebn bardh\u00eb e zi m\u00eb ka\nfutur,&nbsp;<\/p>\n\n\n\n<p>Ku drita, humbet n\u00eb err\u00ebsir\u00eb!&nbsp;<\/p>\n\n\n\n<p>Mes dhimbjes s\u00eb koh\u00ebs ,jetoj,&nbsp;<\/p>\n\n\n\n<p>Mes plag\u00ebsh, q\u00eb nuk kan\u00eb sh\u00ebrim<\/p>\n\n\n\n<p>N\u00ebn \u00e7atin e qiellit t\u00eb kalt\u00ebr,&nbsp;<\/p>\n\n\n\n<p>Jetoj e mbytur n\u00eb d\u00ebshp\u00ebrim.&nbsp;<\/p>\n\n\n\n<p>Si erdhi kjo koh\u00eb, kjo jet\u00eb,&nbsp;<\/p>\n\n\n\n<p>Me furtun\u00ebn e saj m\u00eb\nmb\u00ebshtolli!&nbsp;<\/p>\n\n\n\n<p>Ka koh\u00eb, zemra \u00ebsht\u00eb l\u00ebnduar,&nbsp;<\/p>\n\n\n\n<p>Tani rreh, me d\u00ebshp\u00ebrimin e\nkoh\u00ebs.&nbsp;<\/p>\n\n\n\n<p>Dielli i art\u00eb, shigjetat hedh mbi\nbot\u00ebn,&nbsp;<\/p>\n\n\n\n<p>Ato shigjeta q\u00eb tok\u00ebn\nshk\u00eblqejn\u00eb,&nbsp;<\/p>\n\n\n\n<p>Por shpirti vrar\u00eb, po jeton, k\u00ebto\nkohra,&nbsp;<\/p>\n\n\n\n<p>Me nj\u00eb plag\u00eb t\u00eb kthyer n\u00eb\nkoler\u00eb.&nbsp;<\/p>\n\n\n\n<p>LIBRI DASHURI M\u00cb VETE<\/p>\n\n\n\n<p>Ju shoh n\u00eb raft, tek rrini\nheshtur,&nbsp;<\/p>\n\n\n\n<p>Pluhuri koh\u00ebs, sot ju mbuloj<\/p>\n\n\n\n<p>Se sot jetojm\u00eb n\u00eb bot\u00eb\nmoderne,&nbsp;<\/p>\n\n\n\n<p>Shoh, lexoj, \u00e7ka d\u00ebshiroj.&nbsp;<\/p>\n\n\n\n<p>Por shoku im ,sot me ty flas,&nbsp;<\/p>\n\n\n\n<p>Ashtu si\u00e7 kam folur m\u00eb par\u00eb,&nbsp;<\/p>\n\n\n\n<p>N\u00eb bot\u00ebn magjike, shpesh m\u00eb ke\nfutur,&nbsp;<\/p>\n\n\n\n<p>Kur ty t\u00eb kisha, un\u00eb nd\u00ebr\nduar.&nbsp;<\/p>\n\n\n\n<p>Tek ty, un\u00eb gjeta dashurin\u00eb!&nbsp;<\/p>\n\n\n\n<p>Aty mbi rreshta, p\u00ebrmbi fjal\u00eb!&nbsp;<\/p>\n\n\n\n<p>Me ty n\u00eb duar gjumi m\u00eb zinte,&nbsp;<\/p>\n\n\n\n<p>Si bija, bashk\u00eb me n\u00ebn\u00ebn\npran\u00eb.&nbsp;<\/p>\n\n\n\n<p>P\u00ebr dashurin, sa her\u00eb m\u00eb fole,&nbsp;<\/p>\n\n\n\n<p>Me \u00ebndje, t\u00eb shikoja un\u00eb!&nbsp;<\/p>\n\n\n\n<p>Sa her\u00eb pik loti , mbi ty\nl\u00ebshova,&nbsp;<\/p>\n\n\n\n<p>E shum\u00eb her\u00eb, qeshja pafund.&nbsp;<\/p>\n\n\n\n<p>Ti bardh e zi, mbete gjith\u00eb\njet\u00ebn,&nbsp;<\/p>\n\n\n\n<p>Se jeta \u00ebsht\u00eb e bardh e zez\u00eb,&nbsp;<\/p>\n\n\n\n<p>Por brenda teje ,gjeta thesarin<\/p>\n\n\n\n<p>Gjith\u00eb jet\u00ebn e pata nj\u00eb vler\u00eb.&nbsp;<\/p>\n\n\n\n<p>KJO JAM UN\u00cb<\/p>\n\n\n\n<p>Ajo q\u00eb isha dje, jam dhe sot,&nbsp;<\/p>\n\n\n\n<p>Se s&#8217;mundem dot, t\u00eb dal nga\nvetja,&nbsp;<\/p>\n\n\n\n<p>I madhi zot, k\u00ebshtu m\u00eb krijoi,&nbsp;<\/p>\n\n\n\n<p>T\u00eb eci mbi lule, jo p\u00ebrmbi\ngj\u00ebmba.&nbsp;<\/p>\n\n\n\n<p>T\u00eb fal, dhe kur se meriton!&nbsp;<\/p>\n\n\n\n<p>T\u00eb flas dhe pse m\u00eb injoron!&nbsp;<\/p>\n\n\n\n<p>Se kjo jam un\u00eb, sdi aty m\u00eb\nsheh?&nbsp;<\/p>\n\n\n\n<p>Fjal\u00eb pak, me kok\u00ebn lart\u00eb mbi\ndhe.&nbsp;<\/p>\n\n\n\n<p>Zemra ime , fole me porta,&nbsp;<\/p>\n\n\n\n<p>Hyn dhe del, plot\u00eb shk\u00eblqim!&nbsp;<\/p>\n\n\n\n<p>Mbushur me gjak t\u00eb kulluar,&nbsp;<\/p>\n\n\n\n<p>Nuk \u00ebsht\u00eb si hiri, si bor\u00eb e\nshkrir\u00eb.&nbsp;<\/p>\n\n\n\n<p>Shpesh lutem, zemra t\u00eb ket\u00eb ve\u00e7 der\u00eb<\/p>\n\n\n\n<p>Dritare jo ,le mos t\u00eb ket\u00eb!&nbsp;<\/p>\n\n\n\n<p>Se po u plasarit\u00ebn muret,&nbsp;<\/p>\n\n\n\n<p>Dritarja jasht\u00eb, me shpejt\u00eb t\u00eb\nnxjerr\u00eb.&nbsp;<\/p>\n\n\n\n<p>TR\u00cbNDAFILI I DASHURIS\u00cb<\/p>\n\n\n\n<p>Dhe syt\u00eb sot ,nuk paskan\ngjum\u00eb,&nbsp;<\/p>\n\n\n\n<p>Kan\u00eb marr\u00eb shk\u00eblqim edhe m\u00eb\ntep\u00ebr,&nbsp;<\/p>\n\n\n\n<p>Bllokun e kujtimeve t\u00eb tua , un\u00eb\nhapa,&nbsp;<\/p>\n\n\n\n<p>Mes fletve tr\u00ebndafili i\ndhuruar,&nbsp;<\/p>\n\n\n\n<p>Para shum\u00eb vjet\u00ebsh.&nbsp;<\/p>\n\n\n\n<p>Eh sa vite s&#8217;mbahen mend!&nbsp;<\/p>\n\n\n\n<p>Kur nga nj\u00eb lule, shk\u00ebmbyem t\u00eb\ndy,&nbsp;<\/p>\n\n\n\n<p>Un\u00eb se mbajta p\u00ebr shum\u00eb koh\u00eb!&nbsp;<\/p>\n\n\n\n<p>Ti, p\u00ebr shum\u00eb vite me radh\u00eb<\/p>\n\n\n\n<p>Kishe kujtimin e par\u00eb nga un\u00eb!&nbsp;<\/p>\n\n\n\n<p>Sa m\u00eb doje, e besoja, e ndieja<\/p>\n\n\n\n<p>\u00cbmb\u00ebl m\u00eb flisje, ti n\u00eb \u00e7do\n\u00e7ast!&nbsp;<\/p>\n\n\n\n<p>Thell n\u00eb zem\u00ebr ,ti m\u00eb kishe\nfutur&nbsp;<\/p>\n\n\n\n<p>Tr\u00ebndafilin e thar\u00eb ti e\nputhje,&nbsp;<\/p>\n\n\n\n<p>Kur un\u00eb prej teje, ndodhesha\nlarg\u00eb.&nbsp;<\/p>\n\n\n\n<p>HARROJM\u00cb Q\u00cb JETOJM\u00cb<\/p>\n\n\n\n<p>Na ik\u00ebn jeta, pa e kuptuar<\/p>\n\n\n\n<p>Harrojm\u00eb, ekzistenc\u00ebn ton\u00eb,&nbsp;<\/p>\n\n\n\n<p>N\u00eb rutin\u00ebn e dit\u00ebs t\u00eb harruar,&nbsp;<\/p>\n\n\n\n<p>Marrim frym\u00eb dhe nuk jetojm\u00eb.&nbsp;<\/p>\n\n\n\n<p>Dit\u00ebn se shijojm\u00eb, plot\u00eb\ndrit\u00eb,&nbsp;<\/p>\n\n\n\n<p>Err\u00ebsir\u00ebn, m\u00ebllefin, afrojm\u00eb\npran\u00eb,&nbsp;<\/p>\n\n\n\n<p>D\u00ebshirat, strukim, thell\u00eb n\u00eb\nshpirt,&nbsp;<\/p>\n\n\n\n<p>Harrojm\u00eb q\u00eb jemi q\u00ebnje e\ngjall\u00eb.&nbsp;<\/p>\n\n\n\n<p>E keqja na pushton shpesh,&nbsp;<\/p>\n\n\n\n<p>Mir\u00ebsin\u00eb nuk e l\u00ebm\u00eb t\u00eb dal\u00eb,&nbsp;<\/p>\n\n\n\n<p>Urrejm\u00eb, xhelozojm\u00eb,\nnj\u00ebri-tjetrin,&nbsp;<\/p>\n\n\n\n<p>Harrojm\u00eb, q\u00eb zoti, nj\u00eb jet\u00eb na ka\nfal\u00eb.&nbsp;<\/p>\n\n\n\n<p>Harrojm\u00eb, se si\u00e7 erdh\u00ebm, do t\u00eb\nikim,&nbsp;<\/p>\n\n\n\n<p>Pa jetuar jet\u00ebn q\u00eb na \u00ebsht\u00eb\nfalur&nbsp;<\/p>\n\n\n\n<p>At\u00ebher\u00eb dhimbja do prek\nshpirtin,&nbsp;<\/p>\n\n\n\n<p>Do qaj i vdekuri, mes t\u00eb\ngjallve.&nbsp;<\/p>\n\n\n\n<p>Marjola Salati, Patra Greqi<\/p>\n","protected":false},"excerpt":{"rendered":"<p>Dhimbje kohe \u2026 Me dhimbjen e koh\u00ebs, po jetoj!&nbsp; Me dhimbjen q\u00eb jeta m\u00eb servir!&nbsp; N\u00eb korniz\u00ebn bardh\u00eb e zi m\u00eb ka futur,&nbsp; Ku drita, humbet n\u00eb err\u00ebsir\u00eb!&nbsp; Mes dhimbjes s\u00eb koh\u00ebs ,jetoj,&nbsp; Mes plag\u00ebsh, q\u00eb nuk kan\u00eb sh\u00ebrim N\u00ebn \u00e7atin e qiellit t\u00eb kalt\u00ebr,&nbsp; Jetoj e mbytur n\u00eb d\u00ebshp\u00ebrim.&nbsp; Si erdhi kjo koh\u00eb, kjo&hellip;<\/p>\n","protected":false},"author":1,"featured_media":8749,"comment_status":"open","ping_status":"open","sticky":false,"template":"","format":"standard","meta":{"footnotes":""},"categories":[7],"tags":[],"class_list":["post-8748","post","type-post","status-publish","format-standard","has-post-thumbnail","hentry","category-poezi"],"_links":{"self":[{"href":"https:\/\/revistakuvendi.org\/index.php?rest_route=\/wp\/v2\/posts\/8748","targetHints":{"allow":["GET"]}}],"collection":[{"href":"https:\/\/revistakuvendi.org\/index.php?rest_route=\/wp\/v2\/posts"}],"about":[{"href":"https:\/\/revistakuvendi.org\/index.php?rest_route=\/wp\/v2\/types\/post"}],"author":[{"embeddable":true,"href":"https:\/\/revistakuvendi.org\/index.php?rest_route=\/wp\/v2\/users\/1"}],"replies":[{"embeddable":true,"href":"https:\/\/revistakuvendi.org\/index.php?rest_route=%2Fwp%2Fv2%2Fcomments&post=8748"}],"version-history":[{"count":1,"href":"https:\/\/revistakuvendi.org\/index.php?rest_route=\/wp\/v2\/posts\/8748\/revisions"}],"predecessor-version":[{"id":8750,"href":"https:\/\/revistakuvendi.org\/index.php?rest_route=\/wp\/v2\/posts\/8748\/revisions\/8750"}],"wp:featuredmedia":[{"embeddable":true,"href":"https:\/\/revistakuvendi.org\/index.php?rest_route=\/wp\/v2\/media\/8749"}],"wp:attachment":[{"href":"https:\/\/revistakuvendi.org\/index.php?rest_route=%2Fwp%2Fv2%2Fmedia&parent=8748"}],"wp:term":[{"taxonomy":"category","embeddable":true,"href":"https:\/\/revistakuvendi.org\/index.php?rest_route=%2Fwp%2Fv2%2Fcategories&post=8748"},{"taxonomy":"post_tag","embeddable":true,"href":"https:\/\/revistakuvendi.org\/index.php?rest_route=%2Fwp%2Fv2%2Ftags&post=8748"}],"curies":[{"name":"wp","href":"https:\/\/api.w.org\/{rel}","templated":true}]}}