{"id":8745,"date":"2020-11-16T22:18:41","date_gmt":"2020-11-16T22:18:41","guid":{"rendered":"http:\/\/revistakuvendi.org\/?p=8745"},"modified":"2020-11-16T22:18:41","modified_gmt":"2020-11-16T22:18:41","slug":"flutura-maci-poezi-per-konkursin","status":"publish","type":"post","link":"https:\/\/revistakuvendi.org\/?p=8745","title":{"rendered":"Flutura Ma\u00e7i &#8211; Poezi per Konkursin"},"content":{"rendered":"\n<figure class=\"wp-block-image\"><img loading=\"lazy\" decoding=\"async\" width=\"156\" height=\"160\" src=\"http:\/\/revistakuvendi.org\/wp-content\/uploads\/2020\/11\/flutura-1.jpg\" alt=\"\" class=\"wp-image-8746\" srcset=\"https:\/\/revistakuvendi.org\/wp-content\/uploads\/2020\/11\/flutura-1.jpg 156w, https:\/\/revistakuvendi.org\/wp-content\/uploads\/2020\/11\/flutura-1-50x50.jpg 50w\" sizes=\"auto, (max-width: 156px) 100vw, 156px\" \/><\/figure>\n\n\n\n<p><strong>TRASHEGIM\n<\/strong><\/p>\n\n\n\n<p>\u201cMbaje\nveten sit \u00eb re!\u201d<\/p>\n\n\n\n<p>M\u00eb\nv\u00ebshtroi gjat\u00eb <\/p>\n\n\n\n<p>e\nmbylli syt\u00eb p\u00ebrgjith\u00ebmon\u00eb<\/p>\n\n\n\n<p>Babai\u2026<\/p>\n\n\n\n<p>\u201c\nkur t\u00eb largohem un\u00eb,<\/p>\n\n\n\n<p>Lulet\nmi rrit<\/p>\n\n\n\n<p>N\u00eb\nballkonin t\u00ebnd!\u201d<\/p>\n\n\n\n<p>P\u00ebshp\u00ebriti\nn\u00ebna.<\/p>\n\n\n\n<p>Do\nt\u00eb mbetem e re<\/p>\n\n\n\n<p>N\u00eb\nballkonin plot lule,<\/p>\n\n\n\n<p>Ku\nmes luleve <\/p>\n\n\n\n<p>Dy\nprind\u00ebrit e mi.<\/p>\n\n\n\n<p><strong>GRUA FUSTANGJELBER<\/strong><\/p>\n\n\n\n<p>Befas<\/p>\n\n\n\n<p>U\nshfaq para meje<\/p>\n\n\n\n<p>Nj\u00eb\ngrua fustangjelb\u00ebr.<\/p>\n\n\n\n<p>Dukej<\/p>\n\n\n\n<p>Sikur\nme at\u00eb veshje<\/p>\n\n\n\n<p>Kish\nlar\u00eb \u00e7do m\u00ebkat.<\/p>\n\n\n\n<p>Sikur\nt\u00eb ish<\/p>\n\n\n\n<p>Kaq\ne thjesht\u00eb,<\/p>\n\n\n\n<p>Do\nt\u00eb gjelb\u00ebronin garderobat.<\/p>\n\n\n\n<p><strong>STAMBOLL 2014<\/strong><\/p>\n\n\n\n<p>Mbi\nbosfor<\/p>\n\n\n\n<p>Lundrojn\u00eb\nanije<\/p>\n\n\n\n<p>Ngadal\u00eb\nose me nxitim.<\/p>\n\n\n\n<p>Disa\nrrin\u00eb n\u00eb port<\/p>\n\n\n\n<p>Presin,\nsi un\u00eb<\/p>\n\n\n\n<p>Me\nmendimin tim.<\/p>\n\n\n\n<p>Pak\nzem\u00ebr po l\u00eb k\u00ebtu<\/p>\n\n\n\n<p>Shprehur\nn\u00eb ngjyra<\/p>\n\n\n\n<p>E\npo nisem <\/p>\n\n\n\n<p>P\u00ebr\nn\u00eb atdhe.<\/p>\n\n\n\n<p>Nj\u00eb\npul\u00ebbardh\u00eb <\/p>\n\n\n\n<p>shkon\ntek nj\u00eb tjet\u00ebr<\/p>\n\n\n\n<p>ngrihen\nbashk\u00eb<\/p>\n\n\n\n<p>n\u00eb\nfluturim\u2026<\/p>\n\n\n\n<p><strong>MONOPATET<\/strong><\/p>\n\n\n\n<p>N\u00ebn\ndrit\u00ebhije<\/p>\n\n\n\n<p>Drur\u00ebsh<\/p>\n\n\n\n<p>Duken,\nzhduken <\/p>\n\n\n\n<p>Monopatet.<\/p>\n\n\n\n<p>Cili\nprej tyre<\/p>\n\n\n\n<p>T\u00eb\n\u00e7on <\/p>\n\n\n\n<p>Tek\ndashuria?<\/p>\n\n\n\n<p>Pyetja\nmbetet<\/p>\n\n\n\n<p>\u201c\ne dehur\u201d n\u00eb brigje.<\/p>\n\n\n\n<p><strong>ZBARDHJE<\/strong><\/p>\n\n\n\n<p>Mendimet\ne turbullta<\/p>\n\n\n\n<p>T\u00eb\nnat\u00ebs,<\/p>\n\n\n\n<p>Zbardhen<\/p>\n\n\n\n<p>N\u00eb\nagim.<\/p>\n\n\n\n<p>Ve\u00e7\n<\/p>\n\n\n\n<p>Nj\u00eb\nprej tyre,<\/p>\n\n\n\n<p>S\u2019kthjellet\ndot<\/p>\n\n\n\n<p>E\nle mendjen shtatzan\u00eb.<\/p>\n\n\n\n<p><strong>EMRI YT<\/strong><\/p>\n\n\n\n<p>I\nfshiva,<\/p>\n\n\n\n<p>I\nfshiva t\u00eb gjitha.<\/p>\n\n\n\n<p>Mbi\nflet\u00ebn e bardh\u00eb<\/p>\n\n\n\n<p>Shkrova\nemrin t\u00ebnd.<\/p>\n\n\n\n<p>Si\nzog i vonuar shteg\u00ebtar<\/p>\n\n\n\n<p>S\u2019di\nku t\u00eb t\u00eb b\u00ebj vend,<\/p>\n\n\n\n<p>P\u00ebrve\u00e7\u00ebse\nn\u00eb zemren time.<\/p>\n\n\n\n<p><strong>TABLOJA<\/strong><\/p>\n\n\n\n<p>Dielli\nu zgjua edhe sot.<\/p>\n\n\n\n<p>Pikturoi\nme ngjyra t\u00eb arta<\/p>\n\n\n\n<p>(\nsi di vet\u00ebm ai)<\/p>\n\n\n\n<p>Vjesht\u00ebn.<\/p>\n\n\n\n<p>Kur\nt\u00eb pikturoi edhe Ty,<\/p>\n\n\n\n<p>Ia\nmora tablon\u00eb nga duart,<\/p>\n\n\n\n<p>Ika\nme vrap.<\/p>\n\n\n\n<p>Askush\ns\u2019mundej<\/p>\n\n\n\n<p>T\u00eb\nm\u00eb kapte.<\/p>\n","protected":false},"excerpt":{"rendered":"<p>TRASHEGIM \u201cMbaje veten sit \u00eb re!\u201d M\u00eb v\u00ebshtroi gjat\u00eb e mbylli syt\u00eb p\u00ebrgjith\u00ebmon\u00eb Babai\u2026 \u201c kur t\u00eb largohem un\u00eb, Lulet mi rrit N\u00eb ballkonin t\u00ebnd!\u201d P\u00ebshp\u00ebriti n\u00ebna. Do t\u00eb mbetem e re N\u00eb ballkonin plot lule, Ku mes luleve Dy prind\u00ebrit e mi. GRUA FUSTANGJELBER Befas U shfaq para meje Nj\u00eb grua fustangjelb\u00ebr. Dukej Sikur&hellip;<\/p>\n","protected":false},"author":1,"featured_media":8746,"comment_status":"open","ping_status":"open","sticky":false,"template":"","format":"standard","meta":{"footnotes":""},"categories":[7],"tags":[],"class_list":["post-8745","post","type-post","status-publish","format-standard","has-post-thumbnail","hentry","category-poezi"],"_links":{"self":[{"href":"https:\/\/revistakuvendi.org\/index.php?rest_route=\/wp\/v2\/posts\/8745","targetHints":{"allow":["GET"]}}],"collection":[{"href":"https:\/\/revistakuvendi.org\/index.php?rest_route=\/wp\/v2\/posts"}],"about":[{"href":"https:\/\/revistakuvendi.org\/index.php?rest_route=\/wp\/v2\/types\/post"}],"author":[{"embeddable":true,"href":"https:\/\/revistakuvendi.org\/index.php?rest_route=\/wp\/v2\/users\/1"}],"replies":[{"embeddable":true,"href":"https:\/\/revistakuvendi.org\/index.php?rest_route=%2Fwp%2Fv2%2Fcomments&post=8745"}],"version-history":[{"count":1,"href":"https:\/\/revistakuvendi.org\/index.php?rest_route=\/wp\/v2\/posts\/8745\/revisions"}],"predecessor-version":[{"id":8747,"href":"https:\/\/revistakuvendi.org\/index.php?rest_route=\/wp\/v2\/posts\/8745\/revisions\/8747"}],"wp:featuredmedia":[{"embeddable":true,"href":"https:\/\/revistakuvendi.org\/index.php?rest_route=\/wp\/v2\/media\/8746"}],"wp:attachment":[{"href":"https:\/\/revistakuvendi.org\/index.php?rest_route=%2Fwp%2Fv2%2Fmedia&parent=8745"}],"wp:term":[{"taxonomy":"category","embeddable":true,"href":"https:\/\/revistakuvendi.org\/index.php?rest_route=%2Fwp%2Fv2%2Fcategories&post=8745"},{"taxonomy":"post_tag","embeddable":true,"href":"https:\/\/revistakuvendi.org\/index.php?rest_route=%2Fwp%2Fv2%2Ftags&post=8745"}],"curies":[{"name":"wp","href":"https:\/\/api.w.org\/{rel}","templated":true}]}}