{"id":8742,"date":"2020-11-16T22:16:48","date_gmt":"2020-11-16T22:16:48","guid":{"rendered":"http:\/\/revistakuvendi.org\/?p=8742"},"modified":"2020-11-16T22:16:48","modified_gmt":"2020-11-16T22:16:48","slug":"bajame-celiku-poezi-per-konkursin","status":"publish","type":"post","link":"https:\/\/revistakuvendi.org\/?p=8742","title":{"rendered":"Bajame \u00c7eliku &#8211; Poezi per Konkursin"},"content":{"rendered":"\n<figure class=\"wp-block-image\"><img loading=\"lazy\" decoding=\"async\" width=\"153\" height=\"160\" src=\"http:\/\/revistakuvendi.org\/wp-content\/uploads\/2020\/11\/bajame-celiku.jpg\" alt=\"\" class=\"wp-image-8743\"\/><\/figure>\n\n\n\n<p>DO\nTE DOJA<\/p>\n\n\n\n<p>Do\nt\u00eb doja t\u00eb ishim n\u00eb nj\u00eb shkret\u00ebtir\u00eb <\/p>\n\n\n\n<p>dhe\nr\u00ebra t\u00eb na b\u00ebhej shtrat, <\/p>\n\n\n\n<p>aty\nn\u00ebn yje t\u00eb dy shtrir\u00eb, <\/p>\n\n\n\n<p>do\nta prisnim agimin plot afsh.<\/p>\n\n\n\n<p>N\u00cb\nINBOX &#8211; IN T\u00cbND<\/p>\n\n\n\n<p>N\u00eb\ninbox-in t\u00ebnd k\u00ebrkoj n\u00eb vite, <\/p>\n\n\n\n<p>se\nmos nj\u00eb mesazh ka mb\u00ebrritur nga ty,<\/p>\n\n\n\n<p>dhe\nkur aty nuk gjej asgj\u00eb t\u00ebnden,<\/p>\n\n\n\n<p>\u00e7do\ndit\u00eb e bukur m\u00eb mbytet n\u00ebp\u00ebr sy. <\/p>\n\n\n\n<p>Harroj\ndhe futem p\u00ebrs\u00ebri, <\/p>\n\n\n\n<p>aq\nsa gjith\u00eb bot\u00ebn t\u00ebnde ndjej, <\/p>\n\n\n\n<p>ti\nq\u00ebndron aq thell\u00eb n\u00eb syt\u00eb e mi, <\/p>\n\n\n\n<p>p\u00ebrjet\u00eb\nbrenda meje t\u00eb gjej.<\/p>\n\n\n\n<p>GJU\nM\u00cb GJU <\/p>\n\n\n\n<p>T\u00eb\ndua pafund\u00ebsisht dashuri! <\/p>\n\n\n\n<p>Mos\nik! <\/p>\n\n\n\n<p>Q\u00ebndro\nk\u00ebtu me mua <\/p>\n\n\n\n<p>t\u00eb\nbisedojm\u00eb gju m\u00eb gju. <\/p>\n\n\n\n<p>Dhe\ngjuh\u00eb m\u00eb gjuh\u00eb t\u00eb harbuar&#8230; <\/p>\n\n\n\n<p>e\nat\u00eb gardh t\u00eb dashuris\u00eb son\u00eb, <\/p>\n\n\n\n<p>ta\ndjeg\u00eb ky diell pa per\u00ebnduar&#8230;<\/p>\n","protected":false},"excerpt":{"rendered":"<p>DO TE DOJA Do t\u00eb doja t\u00eb ishim n\u00eb nj\u00eb shkret\u00ebtir\u00eb dhe r\u00ebra t\u00eb na b\u00ebhej shtrat, aty n\u00ebn yje t\u00eb dy shtrir\u00eb, do ta prisnim agimin plot afsh. N\u00cb INBOX &#8211; IN T\u00cbND N\u00eb inbox-in t\u00ebnd k\u00ebrkoj n\u00eb vite, se mos nj\u00eb mesazh ka mb\u00ebrritur nga ty, dhe kur aty nuk gjej asgj\u00eb t\u00ebnden,&hellip;<\/p>\n","protected":false},"author":1,"featured_media":8743,"comment_status":"open","ping_status":"open","sticky":false,"template":"","format":"standard","meta":{"footnotes":""},"categories":[7],"tags":[],"class_list":["post-8742","post","type-post","status-publish","format-standard","has-post-thumbnail","hentry","category-poezi"],"_links":{"self":[{"href":"https:\/\/revistakuvendi.org\/index.php?rest_route=\/wp\/v2\/posts\/8742","targetHints":{"allow":["GET"]}}],"collection":[{"href":"https:\/\/revistakuvendi.org\/index.php?rest_route=\/wp\/v2\/posts"}],"about":[{"href":"https:\/\/revistakuvendi.org\/index.php?rest_route=\/wp\/v2\/types\/post"}],"author":[{"embeddable":true,"href":"https:\/\/revistakuvendi.org\/index.php?rest_route=\/wp\/v2\/users\/1"}],"replies":[{"embeddable":true,"href":"https:\/\/revistakuvendi.org\/index.php?rest_route=%2Fwp%2Fv2%2Fcomments&post=8742"}],"version-history":[{"count":1,"href":"https:\/\/revistakuvendi.org\/index.php?rest_route=\/wp\/v2\/posts\/8742\/revisions"}],"predecessor-version":[{"id":8744,"href":"https:\/\/revistakuvendi.org\/index.php?rest_route=\/wp\/v2\/posts\/8742\/revisions\/8744"}],"wp:featuredmedia":[{"embeddable":true,"href":"https:\/\/revistakuvendi.org\/index.php?rest_route=\/wp\/v2\/media\/8743"}],"wp:attachment":[{"href":"https:\/\/revistakuvendi.org\/index.php?rest_route=%2Fwp%2Fv2%2Fmedia&parent=8742"}],"wp:term":[{"taxonomy":"category","embeddable":true,"href":"https:\/\/revistakuvendi.org\/index.php?rest_route=%2Fwp%2Fv2%2Fcategories&post=8742"},{"taxonomy":"post_tag","embeddable":true,"href":"https:\/\/revistakuvendi.org\/index.php?rest_route=%2Fwp%2Fv2%2Ftags&post=8742"}],"curies":[{"name":"wp","href":"https:\/\/api.w.org\/{rel}","templated":true}]}}