{"id":8733,"date":"2020-11-16T21:45:03","date_gmt":"2020-11-16T21:45:03","guid":{"rendered":"http:\/\/revistakuvendi.org\/?p=8733"},"modified":"2020-11-16T21:45:03","modified_gmt":"2020-11-16T21:45:03","slug":"hava-mucollari-poezi-per-konkursin","status":"publish","type":"post","link":"https:\/\/revistakuvendi.org\/?p=8733","title":{"rendered":"Hava Mu\u00e7ollari &#8211; Poezi per Konkursin"},"content":{"rendered":"\n<figure class=\"wp-block-image\"><img loading=\"lazy\" decoding=\"async\" width=\"115\" height=\"160\" src=\"http:\/\/revistakuvendi.org\/wp-content\/uploads\/2020\/11\/hava-mucollari.jpg\" alt=\"\" class=\"wp-image-8734\"\/><\/figure>\n\n\n\n<p><strong>Qyrku&nbsp; i lutjeve <\/strong><\/p>\n\n\n\n<p>E ndesh\nbukurin\u00eb \u00e7do dit\u00eb n\u00eb udh\u00eb!<\/p>\n\n\n\n<p>Her\u00eb duke\nqeshur! Her\u00eb duke qar\u00eb!<\/p>\n\n\n\n<p>Hipur mbi\nvagonin e trishtimit!<\/p>\n\n\n\n<p>E\np\u00ebrditshmja e vran\u00ebt t\u00eb v\u00eb n\u00eb gar\u00eb!<\/p>\n\n\n\n<p>Her\u00eb shfaqet\nsi bukuri hyjnore!<\/p>\n\n\n\n<p>Si rrezja e\nfort\u00eb kur del nga kthina!<\/p>\n\n\n\n<p>Kushdo q\u00eb e sheh, mbetet mahnitur!<\/p>\n\n\n\n<p>I terren\nsyt\u00eb, i merret fryma!<\/p>\n\n\n\n<p>Ah! E\np\u00ebrditshmja e k\u00ebtij vendi!<\/p>\n\n\n\n<p>Me\nlasht\u00ebsin\u00eb lindur, barabar\u00eb!<\/p>\n\n\n\n<p>E njeh\nantika me Antigon\u00ebn!<\/p>\n\n\n\n<p>E njeh dhe\nplisi, ende pa thar\u00eb!<\/p>\n\n\n\n<p>E lar\u00eb me\ngjak kjo tok\u00eb pellazge!<\/p>\n\n\n\n<p>Gjysh\u00ebrit\nn\u00ebn dhe r\u00ebnkojn\u00eb ende!<\/p>\n\n\n\n<p>N\u00eb k\u00ebmb\u00eb mes\nkoh\u00ebrash vjen Naimi!<\/p>\n\n\n\n<p>N\u00eb k\u00ebmb\u00eb\nvetmuar dhe Zef Serembe!<\/p>\n\n\n\n<p>Mjekra e\nthinjur e Ali Pash\u00ebs<\/p>\n\n\n\n<p>Pikon akoma\np\u00ebr k\u00ebt\u00eb vend!<\/p>\n\n\n\n<p>Nga Misiri\nme kal\u00eb vjen Tafil Buzi!<\/p>\n\n\n\n<p>Mij\u00ebra burra\nti ngrej\u00eb n\u00eb k\u00ebmb\u00eb!<\/p>\n\n\n\n<p>Ve\u00e7 historia\ni ka mbetur ende!<\/p>\n\n\n\n<p>K\u00ebtij vendi\nmjellmash, por t\u00eb mjer\u00eb!<\/p>\n\n\n\n<p>Cili\nshqiptar e pa t\u00eb tretur?<\/p>\n\n\n\n<p>Dhe nuk\nl\u00ebngoi me mij\u00ebra her\u00eb?!<\/p>\n\n\n\n<p>Merri me\nvete lutjet e mia!<\/p>\n\n\n\n<p>Ti er\u00eb q\u00eb\nbrigje s\u2019le pa kaluar!<\/p>\n\n\n\n<p>Shp\u00ebrndaji e\nqyrk gjithkujt ti b\u00ebhen!<\/p>\n\n\n\n<p>Se vendi im\n\u00ebsht\u00eb i bekuar!<\/p>\n\n\n\n<p>Tiran\u00eb, m\u00eb 06.10.2020<\/p>\n\n\n\n<p><strong>Bukuri nga vendi im<\/strong><\/p>\n\n\n\n<p>Nj\u00eb kala!\nNj\u00eb kala aty n\u00eb Jug! <\/p>\n\n\n\n<p>Ku me\nvrunduj resh qan era!<\/p>\n\n\n\n<p>Qan e\npastron rrug\u00ebn e lasht\u00eb! <\/p>\n\n\n\n<p>Si vet ai,\nPashai nga Tepelena!<\/p>\n\n\n\n<p>Gur\u00ebt e saj, fshehin thell\u00eb historin\u00eb!<\/p>\n\n\n\n<p>Me kuj\u00eb pyet era? A ka m\u00eb t\u00eb till\u00eb?!<\/p>\n\n\n\n<p>Thell\u00ebsia e tok\u00ebs sjell si p\u00ebshp\u00ebrim\u00eb!<\/p>\n\n\n\n<p>Vet\u00ebm gur\u00ebt mbajn\u00eb mend dhe e din\u00eb!<\/p>\n\n\n\n<p>At\u00eb e solli\nkoha se vendi l\u00ebngonte,<\/p>\n\n\n\n<p>Shqip\u00ebria\nhallet po mbante n\u00eb shpin\u00eb,<\/p>\n\n\n\n<p>Dhe Vjosa e\nhershme rrjedh\u00ebn ndryshonte,<\/p>\n\n\n\n<p>P\u00ebrderisa\nbota kish shpikur tradh\u00ebtin\u00eb.<\/p>\n\n\n\n<p>T\u00eb m\u00ebdhenjt\u00eb\ne l\u00ebn\u00eb koh\u00ebn mbrapa,<\/p>\n\n\n\n<p>Ashtu si\u00e7 l\u00eb\ngjurm\u00eb d\u00ebbora n\u00eb brinj\u00eb,<\/p>\n\n\n\n<p>E bardha\nmjek\u00ebr dhe n\u00eb sini shk\u00eblqente:<\/p>\n\n\n\n<p>\u00cbmb\u00ebl!&nbsp; Me bukuri pashai nga vendi im.<\/p>\n","protected":false},"excerpt":{"rendered":"<p>Qyrku&nbsp; i lutjeve E ndesh bukurin\u00eb \u00e7do dit\u00eb n\u00eb udh\u00eb! Her\u00eb duke qeshur! Her\u00eb duke qar\u00eb! Hipur mbi vagonin e trishtimit! E p\u00ebrditshmja e vran\u00ebt t\u00eb v\u00eb n\u00eb gar\u00eb! Her\u00eb shfaqet si bukuri hyjnore! Si rrezja e fort\u00eb kur del nga kthina! Kushdo q\u00eb e sheh, mbetet mahnitur! I terren syt\u00eb, i merret fryma! Ah!&hellip;<\/p>\n","protected":false},"author":1,"featured_media":8734,"comment_status":"open","ping_status":"open","sticky":false,"template":"","format":"standard","meta":{"footnotes":""},"categories":[7],"tags":[],"class_list":["post-8733","post","type-post","status-publish","format-standard","has-post-thumbnail","hentry","category-poezi"],"_links":{"self":[{"href":"https:\/\/revistakuvendi.org\/index.php?rest_route=\/wp\/v2\/posts\/8733","targetHints":{"allow":["GET"]}}],"collection":[{"href":"https:\/\/revistakuvendi.org\/index.php?rest_route=\/wp\/v2\/posts"}],"about":[{"href":"https:\/\/revistakuvendi.org\/index.php?rest_route=\/wp\/v2\/types\/post"}],"author":[{"embeddable":true,"href":"https:\/\/revistakuvendi.org\/index.php?rest_route=\/wp\/v2\/users\/1"}],"replies":[{"embeddable":true,"href":"https:\/\/revistakuvendi.org\/index.php?rest_route=%2Fwp%2Fv2%2Fcomments&post=8733"}],"version-history":[{"count":1,"href":"https:\/\/revistakuvendi.org\/index.php?rest_route=\/wp\/v2\/posts\/8733\/revisions"}],"predecessor-version":[{"id":8735,"href":"https:\/\/revistakuvendi.org\/index.php?rest_route=\/wp\/v2\/posts\/8733\/revisions\/8735"}],"wp:featuredmedia":[{"embeddable":true,"href":"https:\/\/revistakuvendi.org\/index.php?rest_route=\/wp\/v2\/media\/8734"}],"wp:attachment":[{"href":"https:\/\/revistakuvendi.org\/index.php?rest_route=%2Fwp%2Fv2%2Fmedia&parent=8733"}],"wp:term":[{"taxonomy":"category","embeddable":true,"href":"https:\/\/revistakuvendi.org\/index.php?rest_route=%2Fwp%2Fv2%2Fcategories&post=8733"},{"taxonomy":"post_tag","embeddable":true,"href":"https:\/\/revistakuvendi.org\/index.php?rest_route=%2Fwp%2Fv2%2Ftags&post=8733"}],"curies":[{"name":"wp","href":"https:\/\/api.w.org\/{rel}","templated":true}]}}