{"id":8715,"date":"2020-11-15T19:49:58","date_gmt":"2020-11-15T19:49:58","guid":{"rendered":"http:\/\/revistakuvendi.org\/?p=8715"},"modified":"2020-11-15T19:49:58","modified_gmt":"2020-11-15T19:49:58","slug":"klejda-plangarica-poezi-per-konkursin","status":"publish","type":"post","link":"https:\/\/revistakuvendi.org\/?p=8715","title":{"rendered":"KLEJDA PLANGARICA-Poezi per konkursin"},"content":{"rendered":"\n<figure class=\"wp-block-image\"><img loading=\"lazy\" decoding=\"async\" width=\"113\" height=\"160\" src=\"http:\/\/revistakuvendi.org\/wp-content\/uploads\/2020\/11\/klejda-plangarica.jpg\" alt=\"\" class=\"wp-image-8716\"\/><\/figure>\n\n\n\n<p><strong><em>Liria<\/em><\/strong><\/p>\n\n\n\n<p>\u00c7\u2019ka mbetur tjet\u00ebr ve\u00e7 skutave,<\/p>\n\n\n\n<p>P\u00ebr zjarrin tim, <\/p>\n\n\n\n<p>p\u00ebr frym\u00ebn t\u00ebnde?!<\/p>\n\n\n\n<p>E verb\u00ebr<\/p>\n\n\n\n<p>&nbsp;prekja shket mbi duar,<\/p>\n\n\n\n<p>si vello e pa hedhur&#8230;<\/p>\n\n\n\n<p>N\u00eb shesh-betej\u00eb<\/p>\n\n\n\n<p>Liria p\u00ebrplas krah\u00ebt,<\/p>\n\n\n\n<p>Pret plag\u00eb t\u2019i hapen,<\/p>\n\n\n\n<p>q\u00eb t\u2019ia shkrep\u00eb vajit.<\/p>\n\n\n\n<p>Se nuk kupton n\u00eb \u00ebsht\u00eb e gjall\u00eb<\/p>\n\n\n\n<p>pa nj\u00eb p\u00ebshp\u00ebrim\u00eb, <\/p>\n\n\n\n<p>pa gaz, pa vaj&#8230;<\/p>\n\n\n\n<p>P\u00ebr zjarrin tim, <\/p>\n\n\n\n<p>p\u00ebr frym\u00ebn t\u00ebnde&#8230;<\/p>\n\n\n\n<p>Nj\u00eb burg t\u00eb gjendet!<\/p>\n\n\n\n<p>T\u00eb zihet rob liria e t\u2019ia plas\u00eb vajit!<\/p>\n\n\n\n<p>Pa krah\u00eb, pa z\u00eb, pa drit\u00eb,<\/p>\n\n\n\n<p>e n\u00ebmur t\u00eb rroj\u00eb me plag\u00eb&#8230; <\/p>\n\n\n\n<p>E gjall\u00eb!<\/p>\n\n\n\n<p><strong><em>E pamjaftueshme!<\/em><\/strong><\/p>\n\n\n\n<p>M\u00eb shtyp pamjaftueshm\u00ebria ime,<\/p>\n\n\n\n<p>Si hapat e fundit n\u00eb d\u00ebbor\u00ebn e prillit&#8230;<\/p>\n\n\n\n<p>P\u00ebrplaset dyshuese mungesa mbi mua:<\/p>\n\n\n\n<p>-Nuk mjafton d\u00ebbora, apo gjurm\u00ebt?<\/p>\n\n\n\n<p>E pamjaftueshme jam un\u00eb p\u00ebr dimrin,<\/p>\n\n\n\n<p>q\u00eb kurr\u00eb s\u2019m\u00ebsova ta pranoj si\u00e7 \u00ebsht\u00eb.<\/p>\n\n\n\n<p>Ia desha bor\u00ebn, (sa shum\u00eb)! Por e shkela&#8230;<\/p>\n\n\n\n<p>Tani hakmarrsh\u00ebm \u00e7do prill m\u00eb shkel ajo.<\/p>\n\n\n\n<p>E pamjaftueshme p\u00ebr ty, p\u00ebr ne!<\/p>\n\n\n\n<p>Nuk kam m\u00eb bor\u00eb t\u00eb mbush paplot\u00ebsin\u00eb t\u00ebnde.<\/p>\n\n\n\n<p>Tkurrem gjith\u00eb koh\u00ebs t\u00eb mbuloj zgavrat bosh,<\/p>\n\n\n\n<p>P\u00ebrmes zbraz\u00ebtis\u00eb shoh dashurin\u00eb q\u00eb shembet!<\/p>\n\n\n\n<p><strong><em>Ajo heshti&#8230;<\/em><\/strong><\/p>\n\n\n\n<p>Syt\u00eb &#8211;&nbsp;Uj\u00eb dhe zjarr&nbsp;flak\u00ebrinin.<\/p>\n\n\n\n<p>Vrerosnin diejt &#8211; nxinin ylberet&#8230;<\/p>\n\n\n\n<p>Ajo heshti!<\/p>\n\n\n\n<p>Buz\u00ebt &nbsp;&#8211; Digjnin shpres\u00ebn dhe mynxyr\u00ebn.<\/p>\n\n\n\n<p>P\u00ebrc\u00ebllohej i pa z\u00eb\u2019 &#8211; Ngash\u00ebrimi&#8230;<\/p>\n\n\n\n<p>Ajo heshti!<\/p>\n\n\n\n<p>Hapat &#8211; Kuj\u00ebn vrisnin n\u00eb largim.<\/p>\n\n\n\n<p>Trandej dheu &#8211; Fikej qielli&#8230;<\/p>\n\n\n\n<p>Ajo heshti!<\/p>\n\n\n\n<p><br>\nAi po puthej&#8230;<\/p>\n\n\n\n<p>Ai po puthej&#8230;<\/p>\n\n\n\n<p>Ai po puthej?!<\/p>\n\n\n\n<p>&#8211;<\/p>\n\n\n\n<p>Jo me at\u00eb!<\/p>\n\n\n\n<p>(C) Klejda Plangarica<\/p>\n","protected":false},"excerpt":{"rendered":"<p>Liria \u00c7\u2019ka mbetur tjet\u00ebr ve\u00e7 skutave, P\u00ebr zjarrin tim, p\u00ebr frym\u00ebn t\u00ebnde?! E verb\u00ebr &nbsp;prekja shket mbi duar, si vello e pa hedhur&#8230; N\u00eb shesh-betej\u00eb Liria p\u00ebrplas krah\u00ebt, Pret plag\u00eb t\u2019i hapen, q\u00eb t\u2019ia shkrep\u00eb vajit. Se nuk kupton n\u00eb \u00ebsht\u00eb e gjall\u00eb pa nj\u00eb p\u00ebshp\u00ebrim\u00eb, pa gaz, pa vaj&#8230; P\u00ebr zjarrin tim, p\u00ebr frym\u00ebn&hellip;<\/p>\n","protected":false},"author":1,"featured_media":8716,"comment_status":"open","ping_status":"open","sticky":false,"template":"","format":"standard","meta":{"footnotes":""},"categories":[1],"tags":[],"class_list":["post-8715","post","type-post","status-publish","format-standard","has-post-thumbnail","hentry","category-intervista"],"_links":{"self":[{"href":"https:\/\/revistakuvendi.org\/index.php?rest_route=\/wp\/v2\/posts\/8715","targetHints":{"allow":["GET"]}}],"collection":[{"href":"https:\/\/revistakuvendi.org\/index.php?rest_route=\/wp\/v2\/posts"}],"about":[{"href":"https:\/\/revistakuvendi.org\/index.php?rest_route=\/wp\/v2\/types\/post"}],"author":[{"embeddable":true,"href":"https:\/\/revistakuvendi.org\/index.php?rest_route=\/wp\/v2\/users\/1"}],"replies":[{"embeddable":true,"href":"https:\/\/revistakuvendi.org\/index.php?rest_route=%2Fwp%2Fv2%2Fcomments&post=8715"}],"version-history":[{"count":1,"href":"https:\/\/revistakuvendi.org\/index.php?rest_route=\/wp\/v2\/posts\/8715\/revisions"}],"predecessor-version":[{"id":8717,"href":"https:\/\/revistakuvendi.org\/index.php?rest_route=\/wp\/v2\/posts\/8715\/revisions\/8717"}],"wp:featuredmedia":[{"embeddable":true,"href":"https:\/\/revistakuvendi.org\/index.php?rest_route=\/wp\/v2\/media\/8716"}],"wp:attachment":[{"href":"https:\/\/revistakuvendi.org\/index.php?rest_route=%2Fwp%2Fv2%2Fmedia&parent=8715"}],"wp:term":[{"taxonomy":"category","embeddable":true,"href":"https:\/\/revistakuvendi.org\/index.php?rest_route=%2Fwp%2Fv2%2Fcategories&post=8715"},{"taxonomy":"post_tag","embeddable":true,"href":"https:\/\/revistakuvendi.org\/index.php?rest_route=%2Fwp%2Fv2%2Ftags&post=8715"}],"curies":[{"name":"wp","href":"https:\/\/api.w.org\/{rel}","templated":true}]}}