{"id":8696,"date":"2020-11-15T13:44:53","date_gmt":"2020-11-15T13:44:53","guid":{"rendered":"http:\/\/revistakuvendi.org\/?p=8696"},"modified":"2020-11-15T13:44:53","modified_gmt":"2020-11-15T13:44:53","slug":"mehill-velaj-poezi-per-konkursin","status":"publish","type":"post","link":"https:\/\/revistakuvendi.org\/?p=8696","title":{"rendered":"Mehill Velaj- Poezi per konkursin"},"content":{"rendered":"\n<figure class=\"wp-block-image\"><img loading=\"lazy\" decoding=\"async\" width=\"160\" height=\"141\" src=\"http:\/\/revistakuvendi.org\/wp-content\/uploads\/2020\/11\/mhill_velaj.jpg\" alt=\"\" class=\"wp-image-8697\"\/><\/figure>\n\n\n\n<p><strong>Cik\u00ebl me poezi nga M\u00ebhill Velaj<\/strong><\/p>\n\n\n\n<p><strong>P\u00ebr Dit\u00ebt e Let\u00ebrsis\u00eb Shqipe Detroit Michigan 2020<\/strong><\/p>\n\n\n\n<p><strong>Un\u00eb e ti, Etyd!<\/strong><\/p>\n\n\n\n<p><em>&nbsp;U puth\u00ebm gjat\u00eb&nbsp;<\/em><\/p>\n\n\n\n<p><em>qe muzg&nbsp;<\/em><\/p>\n\n\n\n<p><em>sikur puthesha<\/em><\/p>\n\n\n\n<p><em>&nbsp;me nj\u00eb muz\u00eb.<\/em><\/p>\n\n\n\n<p><em>Unaza,&nbsp;<\/em><\/p>\n\n\n\n<p><em>filizat dardane<\/em><\/p>\n\n\n\n<p><em>nguros\u00ebn at\u00eb puthje&nbsp;<\/em><\/p>\n\n\n\n<p><em>nd\u00ebr buz\u00eb\u2026&nbsp;<\/em><\/p>\n\n\n\n<p><strong>M\u00eb mbajn\u00eb peng ato kujtime&nbsp;<\/strong><\/p>\n\n\n\n<p>M\u00eb mbajn\u00eb peng ato kujtime<\/p>\n\n\n\n<p>mes shelgjeve\nlotvajtuese&nbsp;<\/p>\n\n\n\n<p>te Livadhi i Vog\u00ebl&nbsp;<\/p>\n\n\n\n<p>te Krecki Binjak&nbsp;<\/p>\n\n\n\n<p>te Verri i Ademajve&nbsp;<\/p>\n\n\n\n<p>te Lisi i Varreve&nbsp;<\/p>\n\n\n\n<p>te Ara Jon\u00eb&nbsp;<\/p>\n\n\n\n<p>n\u00eb \u00c7abrat<\/p>\n\n\n\n<p>edhe her\u00ebt, edhe von\u00eb.<\/p>\n\n\n\n<p>Nga m\u00ebnga m\u00eb zgjon<\/p>\n\n\n\n<p>buka mis\u00ebrnike&nbsp;<\/p>\n\n\n\n<p>si cop\u00eb prej floriri&nbsp;<\/p>\n\n\n\n<p>n\u00eb \u201947-\u00ebn e uris\u00eb.&nbsp;<\/p>\n\n\n\n<p>Si nj\u00eb shtrig\u00eb\nshpirtkeqe&nbsp;<\/p>\n\n\n\n<p>Viti \u201957 i madh i\nzis\u00eb&nbsp;<\/p>\n\n\n\n<p>kur mblidhte arm\u00eb nd\u00ebr\nshqiptar\u00eb<\/p>\n\n\n\n<p>OZNA e Jugosllavis\u00eb.&nbsp;<\/p>\n\n\n\n<p>Viti &#8217;68&nbsp;<\/p>\n\n\n\n<p>demonstrata p\u00ebr\nflamur&nbsp;<\/p>\n\n\n\n<p>&nbsp;kosovar\u00ebt e\nvegj\u00ebl&nbsp;<\/p>\n\n\n\n<p>duke u shtypur me\ngrusht.&nbsp;<\/p>\n\n\n\n<p>Burgje, tortura, pa\npushim&nbsp;<\/p>\n\n\n\n<p>libra t\u00eb fsheht\u00eb\nshqip\u00eb&nbsp;<\/p>\n\n\n\n<p>drejt \u201874 -\u00ebs&nbsp;<\/p>\n\n\n\n<p>te Kushtetuta.&nbsp;<\/p>\n\n\n\n<p>Gota me ver\u00eb&nbsp;<\/p>\n\n\n\n<p>n\u00eb SHBA i vetmuar&nbsp;<\/p>\n\n\n\n<p>m\u00eb ngjan si gjak &nbsp;<\/p>\n\n\n\n<p>kur e pi&nbsp;<\/p>\n\n\n\n<p>m\u00eb sjell nd\u00ebrmend&nbsp;<\/p>\n\n\n\n<p>vitin \u201981.&nbsp;<\/p>\n\n\n\n<p>Kur shkelnin tanket\nserbe&nbsp;<\/p>\n\n\n\n<p>djal\u00ebrin\u00eb e Kosov\u00ebs<\/p>\n\n\n\n<p>me zinxhir\u00eb.&nbsp;<\/p>\n\n\n\n<p>Sa shum\u00eb kujtime&nbsp;<\/p>\n\n\n\n<p>Erdhi fundshekulli&nbsp;<\/p>\n\n\n\n<p>nj\u00ebmij\u00eb e n\u00ebnt\u00ebqind e\ntet\u00ebdhjet\u00eb e tet\u00eb\u2026&nbsp;<\/p>\n\n\n\n<p>pranver\u00eb<\/p>\n\n\n\n<p>mjaft m\u00eb bisedime&nbsp;<\/p>\n\n\n\n<p>Kosova martire&nbsp;<\/p>\n\n\n\n<p>rr\u00ebmbeu arm\u00ebt k\u00ebt\u00eb her\u00eb.<\/p>\n\n\n\n<p>Kosova ime<\/p>\n\n\n\n<p>M\u00eb prit, po vi!&nbsp;<\/p>\n\n\n\n<p>Si marinar i mplakur&nbsp;<\/p>\n\n\n\n<p>q\u00eb kthen nga detrat p\u00ebr n\u00eb\nskel\u00eb.<\/p>\n\n\n\n<p>M\u00eb ruaj dy metra dhe&nbsp;<\/p>\n\n\n\n<p>nj\u00eb gur gdhendur mbi t\u00eb<\/p>\n\n\n\n<p>emrin e mbiemrin tim!<\/p>\n\n\n\n<p><strong><em>Rrug\u00ebs kah\nvarrezat<\/em><\/strong><\/p>\n\n\n\n<p><em>Kalova bot\u00ebn pash m\u00eb pash&nbsp;<\/em><\/p>\n\n\n\n<p><em>fytyr\u00ebn time mbuloja me dor\u00eb&nbsp;<\/em><\/p>\n\n\n\n<p><em>kisha frik\u00eb nga vetmia ime&nbsp;<\/em><\/p>\n\n\n\n<p><em>nga ato or\u00eb q\u00eb m\u00eb dridhin\u2026 &nbsp;<\/em><\/p>\n\n\n\n<p><em>Mes sysh e vetullash intrigante&nbsp;<\/em><\/p>\n\n\n\n<p><em>ec i vet\u00ebm rrug\u00ebs s\u00eb varrezave&nbsp;<\/em><\/p>\n\n\n\n<p><em>syt\u00eb e n\u00ebn\u00ebs ende m\u00eb m\u00ebshirojn\u00eb&nbsp;<\/em><\/p>\n\n\n\n<p><em>n\u00eb k\u00ebt\u00eb buz\u00ebmbr\u00ebmje t\u00eb zez\u00eb.<\/em><\/p>\n\n\n\n<p><em>N\u00eb krah t\u00eb varrmih\u00ebsve kazma e lopata&nbsp;<\/em><\/p>\n\n\n\n<p><em>gropojn\u00eb dhimbsh\u00ebm mbi dheun si mbi trupin tim&nbsp;<\/em><\/p>\n\n\n\n<p><em>ishte muzgu im i fundit,nuk do kem m\u00eb n\u00ebn\u00eb&nbsp;<\/em><\/p>\n\n\n\n<p><em>nes\u00ebr n\u00eb agim.&nbsp;<\/em><\/p>\n\n\n\n<p><em>N\u00eb kalldr\u00ebmet e rrugic\u00ebs sime&nbsp;<\/em><\/p>\n\n\n\n<p><em>kacavaren litar\u00ebve tek kthenin delet nga kullota&nbsp;<\/em><\/p>\n\n\n\n<p><em>mes kufomash ndjej kurrizin q\u00eb s\u2019e drejtova kurr\u00eb nga\npuna&nbsp;<\/em><\/p>\n\n\n\n<p><em>dhe n\u00ebn\u00ebn time q\u00eb m\u00eb desh sa bota.<\/em><\/p>\n\n\n\n<p><strong>Teat\u00ebr pa spektator\u00eb<\/strong><\/p>\n\n\n\n<p>Nj\u00eb l\u00ebndin\u00eb e madhe, e\nheshtur&nbsp;<\/p>\n\n\n\n<p>dhe lulet kuror\u00eb \u2013 kuror\u00eb<\/p>\n\n\n\n<p>n\u00ebn dhe nuk\npip\u00ebtijn\u00eb&nbsp;<\/p>\n\n\n\n<p>me dhjet\u00ebra e qindra\naktor\u00eb.<\/p>\n\n\n\n<p>T\u00eb gjith\u00eb me fytyr\u00eb kah\nlindja&nbsp;<\/p>\n\n\n\n<p>epigramet gdhendur mir\u00eb<\/p>\n\n\n\n<p>pes\u00eb mij\u00eb njer\u00ebs n\u00eb\nheshtje&nbsp;<\/p>\n\n\n\n<p>jan\u00eb nj\u00eb kor i ngrir\u00eb&#8230;<\/p>\n\n\n\n<p>T\u00eb heshturit n\u00ebn dhe&nbsp;<\/p>\n\n\n\n<p>as nuk grinden, as nuk\nqeshin,&nbsp;<\/p>\n\n\n\n<p>as ankojn\u00eb, as qajn\u00eb, as\nmburren&nbsp;<\/p>\n\n\n\n<p>as ngush\u00ebllojn\u00eb ata q\u00eb\nvdesin.<\/p>\n\n\n\n<p>Pes\u00eb mij\u00eb q\u00eb marrin\nfrym\u00eb&nbsp;<\/p>\n\n\n\n<p>t\u00eb p\u00ebrlotur nuk b\u00ebjn\u00eb z\u00eb<\/p>\n\n\n\n<p>lule v\u00ebn\u00eb te Fan\nNoli&nbsp;<\/p>\n\n\n\n<p>dhe Konica q\u00eb s\u2019jan\u00eb m\u00eb.<\/p>\n\n\n\n<p><strong>Thinjat e tua, Kosov\u00eb!<\/strong><\/p>\n\n\n\n<p>Si nj\u00eb rreth argjendi\ndukej h\u00ebna<\/p>\n\n\n\n<p>n\u00eb gryk\u00ebn e nat\u00ebs<\/p>\n\n\n\n<p>nd\u00ebrsa vajtimi i\nkukuvajk\u00ebs<\/p>\n\n\n\n<p>M\u00eb rrudhte zemr\u00ebn e\nfytyr\u00ebn.<\/p>\n\n\n\n<p>Gjarp\u00ebrinjt\u00eb e nat\u00ebs dol\u00ebn\nnga skuta<\/p>\n\n\n\n<p>helmonin shpirtra t\u00eb\npafajsh\u00ebm.<\/p>\n\n\n\n<p>Insektet &nbsp;thith\u00ebse\n&nbsp;t\u00eb &nbsp;k\u00ebnet\u00ebs<\/p>\n\n\n\n<p>udh\u00ebtonin pa m\u00ebshir\u00eb<\/p>\n\n\n\n<p>n\u00ebp\u00ebr &nbsp;morgun e\nkufomave<\/p>\n\n\n\n<p>shushurisnin\n&nbsp;zhurrm\u00ebn e frikshme<\/p>\n\n\n\n<p>t\u00eb grahm\u00ebs s\u00eb vdekjes.<\/p>\n\n\n\n<p>Merimangat e stuhis\u00eb nga\ner\u00ebrat e historis\u00eb<\/p>\n\n\n\n<p>rrethuan trupin tend,\nKosov\u00eb!<\/p>\n\n\n\n<p>Ata q\u00eb ul\u00ebrinin n\u00eb em\u00ebr t\u00eb\npaqes<\/p>\n\n\n\n<p>nd\u00ebr \u00e7izmet &nbsp;e tyre\nrridhte ve\u00e7se gjak.<\/p>\n\n\n\n<p>Shqiponja shkundi krah\u00ebt\nfort<\/p>\n\n\n\n<p>Pend\u00ebt e saj hap\u00ebn faqen e\nhistoris\u00eb<\/p>\n\n\n\n<p>Toka u tund, f\u00ebmij\u00ebt u\nzgjuan t\u00eb trembur<\/p>\n\n\n\n<p>Vet\u00ebm lapidar\u00ebt e kuptuan<\/p>\n\n\n\n<p>Se po vinte dita e liris\u00eb!<\/p>\n\n\n\n<p>Era f\u00ebrsh\u00ebllente <\/p>\n\n\n\n<p>rrezet p\u00ebrv\u00eblonj\u00ebse t\u00eb\ndiellit<\/p>\n\n\n\n<p>theknin thinjat e tua,\nKosov\u00eb!<\/p>\n\n\n\n<p>Nj\u00eb tuf\u00eb p\u00ebllumbash u shk\u00ebput<\/p>\n\n\n\n<p>nga turma e pafund<\/p>\n\n\n\n<p>me sqepat e tyre<\/p>\n\n\n\n<p>largonin vargonjt\u00eb e\nprangave.<\/p>\n\n\n\n<p>Ishin bijt\u00eb e tu, Kosov\u00eb!<\/p>\n\n\n\n<p>krenar\u00eb si malet\nshekullore t\u00eb Dardanis\u00eb<\/p>\n\n\n\n<p>shqyen \u00e7izmet gjakatare t\u00eb\nSerbis\u00eb.<\/p>\n\n\n\n<p>Luftonin p\u00ebr vdekje,\nderdhnin lot<\/p>\n\n\n\n<p>Derisa vun\u00eb kuror\u00ebn e\nLIRIS\u00cb.<\/p>\n\n\n\n<p><strong>Jam Marathonomaku yt<\/strong><\/p>\n\n\n\n<p><strong>(Ditiramb kushtuar Fan S. Nolit, n\u00eb 45-vjetorin e\nvdekjes)<\/strong><\/p>\n\n\n\n<p>Amanetin t\u00ebnd thinjur nd\u00ebr\nmote,<\/p>\n\n\n\n<p>Pran\u00eb varrit t\u00ebnd e solla,\nsot Fan Nol!<\/p>\n\n\n\n<p>Me z\u00ebrin e vargut t\u00eb\nMigjenit:<\/p>\n\n\n\n<p>\u201c Na t\u00eb birt\u00eb e shekullit\nt\u00eb ri\u201d,<\/p>\n\n\n\n<p>Dhe me krah\u00eb\nt\u00eb&nbsp;shqipes shkruam vargun e librit,<\/p>\n\n\n\n<p>historin\u00eb e historis\u00eb s\u00eb\nIliris\u00eb,<\/p>\n\n\n\n<p>krisma, luft\u00eb e zem\u00ebrim,<\/p>\n\n\n\n<p>p\u00ebrplasjet e\ngardheve,&nbsp;n\u00eb morin\u00eb e bar\u00ebrave t\u00eb k\u00ebqija,<\/p>\n\n\n\n<p>i mboll\u00ebn n\u00eb vend t\u00eb\nluleve <\/p>\n\n\n\n<p>n\u00eb kopshtin &nbsp;e\nDardanis\u00eb!<\/p>\n\n\n\n<p>N\u00eb turravrapin e tmerrsh\u00ebm\nt\u00eb koh\u00ebs,<\/p>\n\n\n\n<p>ngarkuar n\u00eb kurriz barr\u00ebn\ne dhimbjes, revolt\u00ebs&nbsp;e paqes,<\/p>\n\n\n\n<p>z\u00ebri yt, Fan Nol! <\/p>\n\n\n\n<p>Kumboi fort n\u00eb korridoret\nmondane t\u00eb Parisit,<\/p>\n\n\n\n<p>Mos prekni Arb\u00ebrin\u00eb! <\/p>\n\n\n\n<p>Ndalini tik-taket e\nsahatit t\u00eb mbetur t\u00eb <\/p>\n\n\n\n<p>akrepave cinike t\u00eb t\u00eb\nuriturve,<\/p>\n\n\n\n<p>atyre <\/p>\n\n\n\n<p>hipokrit\u00ebve t\u00eb pabes\u00eb t\u00eb\nEvrop\u00ebs,<\/p>\n\n\n\n<p>q\u00eb flirtonin n\u00eb veturat e\nndritura<\/p>\n\n\n\n<p>me hart\u00ebn e Iliriad\u00ebs n\u00eb\nxhep, e&nbsp; <\/p>\n\n\n\n<p>me nj\u00eb t\u00eb r\u00ebn\u00eb t\u00eb lapsit, <\/p>\n\n\n\n<p>e nxor\u00ebn n\u00eb pazar e n\u00ebp\u00ebr\nrrug\u00eb,<\/p>\n\n\n\n<p>mor\u00ebn hisen e\nkreshpave&nbsp;t\u00eb kafazit t\u00eb Shqipes!<\/p>\n\n\n\n<p>Rend\u00ebm pas \u00ebndrr\u00ebs, pas\namanetit,<\/p>\n\n\n\n<p>si Marathonomaku yt dhe<\/p>\n\n\n\n<p>rr\u00ebzuam muret dhe dogj\u00ebm\ngardhet,<\/p>\n\n\n\n<p>zhduk\u00ebm gjurm\u00ebt e m\u00ebkatit\ne mbi to<\/p>\n\n\n\n<p>shtruam qilimin e\nPavar\u00ebsis\u00eb,<\/p>\n\n\n\n<p>n\u00eb tok\u00ebn e Kosov\u00ebs, n\u00eb\nTok\u00ebn e Iliris\u00eb!<\/p>\n\n\n\n<p>Renda e renda, <\/p>\n\n\n\n<p>ja m\u00eb fshij djer\u00ebst nga\nballi dhe<\/p>\n\n\n\n<p>amanetin t\u00ebnd thinjur nd\u00ebr\nmote,<\/p>\n\n\n\n<p>pran\u00eb varrit t\u00ebnd e solla,\nsot Fan Nol!<\/p>\n\n\n\n<p>Me z\u00ebrin e vargut t\u00eb\nMigjenit:<\/p>\n\n\n\n<p>\u201c Na t\u00eb birt\u00eb e shekullit\nt\u00eb ri\u201d.<\/p>\n\n\n\n<p><strong>&nbsp;Fluturimi\nhyjnor i BACALOKUT!-<\/strong><\/p>\n\n\n\n<p><strong>(Poetit Din Mehmeti)<\/strong><\/p>\n\n\n\n<p>U drodha at\u00eb m\u00ebngjes, kur\nqyqja ia dha vajit,<\/p>\n\n\n\n<p>Pik\u00ebllimin e treta tutje\nn\u00eb horizont,<\/p>\n\n\n\n<p>Nuk e pash\u00eb t\u00eb ndri\u00e7onte\nyllin polar,<\/p>\n\n\n\n<p>Pash\u00eb diellin po lotonte,<\/p>\n\n\n\n<p>Pash\u00eb qiellin u b\u00eb gri,<\/p>\n\n\n\n<p>Pash\u00eb p\u00ebllumbat e trishtuar,<\/p>\n\n\n\n<p>Q\u00eb gugisnin me oi, oi\u2026\u2026<\/p>\n\n\n\n<p>U shua&nbsp;poeti Din\nMehmeti, tha dikush,<\/p>\n\n\n\n<p>Romantiku i pandreqsh\u00ebm,\ntha nj\u00eb tjet\u00ebr,<\/p>\n\n\n\n<p>Udh\u00ebtari i kahersh\u00ebm i\npen\u00ebs s\u00eb art\u00eb, shtova un\u00eb dhe <\/p>\n\n\n\n<p>ndjeva syt\u00eb t\u00eb m\u00eb digjnin\nnga lot\u00ebt,<\/p>\n\n\n\n<p>ndjeva parzmin t\u00eb dhimbte\ne zemr\u00ebn t\u00eb tkurrej,<\/p>\n\n\n\n<p>hiri i cigares m\u2019u tha\nnd\u00ebr buz\u00eb!<\/p>\n\n\n\n<p>I vetmuar endem rrug\u00ebve t\u00eb\nGjakov\u00ebs,<\/p>\n\n\n\n<p>Shkel mbi gjethet e\nzverdhura,<\/p>\n\n\n\n<p>V\u00ebshtroj&nbsp;zogjt\u00eb q\u00eb\nlargohen,<\/p>\n\n\n\n<p>Dhe me vete m\u00ebrm\u00ebrij si\nvetw poeti:<\/p>\n\n\n\n<p>\u201dFatin tim nuk e\nn\u00ebnshkruaj\u201d.<\/p>\n\n\n\n<p>Lart n\u00eb qiell ret\u00eb ikin e\nvijn\u00eb,<\/p>\n\n\n\n<p>Un\u00eb akoma \u00e7apitem gur\u00eb m\u00eb\ngur\u00eb,<\/p>\n\n\n\n<p>n\u00eb kalldr\u00ebmet e qytetit t\u00eb\nheshtur,<\/p>\n\n\n\n<p>me shpres\u00ebn e kujtimin.<\/p>\n\n\n\n<p>Dhe n\u00eb hap\u00ebsir\u00ebn e agimit\nt\u00eb dit\u00ebs s\u00eb re<\/p>\n\n\n\n<p>Z\u00ebri im grish cop\u00ebzat e\nkoh\u00ebs,<\/p>\n\n\n\n<p>Jo nuk ka vdekur\nBACALOKU!!!<\/p>\n\n\n\n<p>N\u00eb cepin e horizontit t\u00eb\nbardhan\u00ebs p\u00ebrqark, <\/p>\n\n\n\n<p>Nj\u00eb zog shtegtar fillon t\u00eb\nfluturoj\u00eb,<\/p>\n\n\n\n<p>Para rrezeve t\u00eb diellit e\nqiellit t\u00eb kujtimeve,<\/p>\n\n\n\n<p>\u00cbsht\u00eb fluturimi hyjnor i\npoetit!<\/p>\n","protected":false},"excerpt":{"rendered":"<p>Cik\u00ebl me poezi nga M\u00ebhill Velaj P\u00ebr Dit\u00ebt e Let\u00ebrsis\u00eb Shqipe Detroit Michigan 2020 Un\u00eb e ti, Etyd! &nbsp;U puth\u00ebm gjat\u00eb&nbsp; qe muzg&nbsp; sikur puthesha &nbsp;me nj\u00eb muz\u00eb. Unaza,&nbsp; filizat dardane nguros\u00ebn at\u00eb puthje&nbsp; nd\u00ebr buz\u00eb\u2026&nbsp; M\u00eb mbajn\u00eb peng ato kujtime&nbsp; M\u00eb mbajn\u00eb peng ato kujtime mes shelgjeve lotvajtuese&nbsp; te Livadhi i Vog\u00ebl&nbsp; te Krecki&hellip;<\/p>\n","protected":false},"author":1,"featured_media":8697,"comment_status":"open","ping_status":"open","sticky":false,"template":"","format":"standard","meta":{"footnotes":""},"categories":[7],"tags":[],"class_list":["post-8696","post","type-post","status-publish","format-standard","has-post-thumbnail","hentry","category-poezi"],"_links":{"self":[{"href":"https:\/\/revistakuvendi.org\/index.php?rest_route=\/wp\/v2\/posts\/8696","targetHints":{"allow":["GET"]}}],"collection":[{"href":"https:\/\/revistakuvendi.org\/index.php?rest_route=\/wp\/v2\/posts"}],"about":[{"href":"https:\/\/revistakuvendi.org\/index.php?rest_route=\/wp\/v2\/types\/post"}],"author":[{"embeddable":true,"href":"https:\/\/revistakuvendi.org\/index.php?rest_route=\/wp\/v2\/users\/1"}],"replies":[{"embeddable":true,"href":"https:\/\/revistakuvendi.org\/index.php?rest_route=%2Fwp%2Fv2%2Fcomments&post=8696"}],"version-history":[{"count":1,"href":"https:\/\/revistakuvendi.org\/index.php?rest_route=\/wp\/v2\/posts\/8696\/revisions"}],"predecessor-version":[{"id":8698,"href":"https:\/\/revistakuvendi.org\/index.php?rest_route=\/wp\/v2\/posts\/8696\/revisions\/8698"}],"wp:featuredmedia":[{"embeddable":true,"href":"https:\/\/revistakuvendi.org\/index.php?rest_route=\/wp\/v2\/media\/8697"}],"wp:attachment":[{"href":"https:\/\/revistakuvendi.org\/index.php?rest_route=%2Fwp%2Fv2%2Fmedia&parent=8696"}],"wp:term":[{"taxonomy":"category","embeddable":true,"href":"https:\/\/revistakuvendi.org\/index.php?rest_route=%2Fwp%2Fv2%2Fcategories&post=8696"},{"taxonomy":"post_tag","embeddable":true,"href":"https:\/\/revistakuvendi.org\/index.php?rest_route=%2Fwp%2Fv2%2Ftags&post=8696"}],"curies":[{"name":"wp","href":"https:\/\/api.w.org\/{rel}","templated":true}]}}