{"id":8687,"date":"2020-11-14T15:43:45","date_gmt":"2020-11-14T15:43:45","guid":{"rendered":"http:\/\/revistakuvendi.org\/?p=8687"},"modified":"2020-11-14T15:43:45","modified_gmt":"2020-11-14T15:43:45","slug":"shenime-nga-malesia-e-gjakoves","status":"publish","type":"post","link":"https:\/\/revistakuvendi.org\/?p=8687","title":{"rendered":"SH\u00cbNIME NGA MAL\u00cbSIA E GJAKOV\u00cbS"},"content":{"rendered":"\n<figure class=\"wp-block-image\"><img loading=\"lazy\" decoding=\"async\" width=\"160\" height=\"121\" src=\"http:\/\/revistakuvendi.org\/wp-content\/uploads\/2020\/11\/ndue-dedaj-1.jpg\" alt=\"\" class=\"wp-image-8688\"\/><\/figure>\n\n\n\n<p><strong>NDUE DEDAJ<\/strong><\/p>\n\n\n\n<p>&nbsp;&nbsp;&nbsp;&nbsp;&nbsp;&nbsp;&nbsp;&nbsp;&nbsp; Jemi\nnisur drejt Tropoj\u00ebs, p\u00ebr t\u00eb kundruar piktur\u00ebn e saj t\u00eb vjesht\u00ebs, nga m\u00eb befasueset.\nHarmonia dhe shkrirja e qytetit t\u00eb Bajram Currit, lugin\u00ebs s\u00eb Valbon\u00ebs, fshatrave\nn\u00eb gji t\u00eb Alpeve me vjesht\u00ebn, krijon nj\u00eb pamje eposi, me ngjyrat e k\u00ebsaj kohe. Takohemi\nme njer\u00ebz t\u00eb njohur e t\u00eb panjohur, gjithnj\u00eb duke u zgjatur dor\u00ebn \u201cgrusht\u201d t\u00eb\npandemis\u00eb, stili yn\u00eb i ri i ngjatjetimit, pa dh\u00ebnie dore. Grushti i ngritur lart\ndikur kishte simbolik\u00ebn e nderimit revolucionar dhe si i till\u00eb shihej si di\u00e7ka\ne tejkaluar, por ja q\u00eb grushti u rikthye n\u00eb tjet\u00ebr kontekst. Nd\u00ebrsa udh\u00ebheq\u00ebsit\ntan\u00eb takohen \u201cp\u00ebrzem\u00ebrsisht\u201d duke i zgjatur b\u00ebrrylin nj\u00ebri-tjetrit, q\u00eb t\u00eb sjell\nnd\u00ebrmend at\u00eb fjal\u00ebn e urt\u00eb \u201cHip k\u00ebtu e shih Stambollin!\u201d Ngjan aq artificiale k\u00ebtu,\nn\u00eb Mal\u00ebsin\u00eb e Gjakov\u00ebs, komedia zgjedhore e Tiran\u00ebs, me batuda e b\u00ebrryla t\u00eb nd\u00ebrsjellt\u00eb\nkrer\u00ebsh politik\u00eb. Kurse Prishtina politike q\u00eb sot (\u00ebsht\u00eb 5 n\u00ebntor), duket sikur\nnuk e ka m\u00eb veten n\u00eb dor\u00eb!\u2026 <\/p>\n\n\n\n<p><strong>Nga Qaf\u00eb-Prushi n\u00eb Qaf\u00eb-Morin\u00eb<\/strong><\/p>\n\n\n\n<figure class=\"wp-block-image\"><img loading=\"lazy\" decoding=\"async\" width=\"369\" height=\"271\" src=\"http:\/\/revistakuvendi.org\/wp-content\/uploads\/2020\/11\/ndue-dedaj.png\" alt=\"\" class=\"wp-image-8689\" srcset=\"https:\/\/revistakuvendi.org\/wp-content\/uploads\/2020\/11\/ndue-dedaj.png 369w, https:\/\/revistakuvendi.org\/wp-content\/uploads\/2020\/11\/ndue-dedaj-300x220.png 300w\" sizes=\"auto, (max-width: 369px) 100vw, 369px\" \/><\/figure>\n\n\n\n<p>Nj\u00eb mjegull e r\u00ebnd\u00eb \u00ebsht\u00eb\nnder\u00eb mbi Shk\u00eblzen, Maj\u00ebn e Hekurave, Jezerc\u00eb, mbi masivet e pyjeve t\u00eb nalta t\u00eb\npish\u00ebs e ahut dhe ato t\u00eb g\u00ebshtenjave, q\u00eb jan\u00eb kurorat drusore t\u00eb Tropoj\u00ebs. Mundet\nq\u00eb k\u00ebshtu ngjet p\u00ebrher\u00eb me mjegull\u00ebn k\u00ebndej, por mbase ka dhe nj\u00eb \u201carsye\u201d\u2026 N\u00eb\nmesdit\u00eb, kur po kalonim Qaf\u00ebn e Prushit, p\u00ebr t\u00eb shkuar n\u00eb Gjakov\u00eb e pastaj n\u00eb\nQaf\u00eb-Morin\u00eb, Hashim Tha\u00e7i sapo kishte dh\u00ebn\u00eb dor\u00ebheqjen si President i Republik\u00ebs\ns\u00eb Kosov\u00ebs, p\u00ebr t\u00eb shtegtuar drejt Hag\u00ebs, me duart lidhur!? Ai tha se ky ishte\n\u00e7mimi q\u00eb iu dashka paguar liris\u00eb!?&#8230;<\/p>\n\n\n\n<p>Me miqt\u00eb, me t\u00eb cil\u00ebt udh\u00ebtojm\u00eb,\nmbetemi pa fjal\u00eb. Kan\u00eb kaluar nj\u00ebzet vjet q\u00eb kur jan\u00eb p\u00ebrfolur akuzat e r\u00ebnda p\u00ebr\ndisa nga drejtuesit e U\u00c7K-s\u00eb, q\u00eb sot, gjithashtu, i nis\u00ebn me shpejt\u00ebsi drejt\nHag\u00ebs. Vijojm\u00eb rrug\u00ebn, tashm\u00eb me emocione t\u00eb tjera. Ritmet muzikore n\u00eb Kosov\u00eb sakaq\nkan\u00eb ndryshuar, duke u futur n\u00eb p\u00ebrdorim repertori i k\u00ebng\u00ebve atdhetare, q\u00eb p\u00ebrhapen\ndhe n\u00eb makin\u00ebn ton\u00eb p\u00ebrmes val\u00ebve t\u00eb radios. Z\u00ebrat e fol\u00ebsve jan\u00eb t\u00eb trazuar, qortues\np\u00ebr qeverin\u00eb e Prishtin\u00ebs, q\u00eb nuk dinte m\u00eb shum\u00eb se njer\u00ebzit e thjesht\u00eb p\u00ebr val\u00ebn\ngodit\u00ebse ndaj kreut t\u00eb shtetit dhe ish-shtetar\u00ebve t\u00eb tjer\u00eb. Memorial\u00ebt e luft\u00ebtar\u00ebve\nt\u00eb liris\u00eb t\u00eb vitit 1999 rrin\u00eb t\u00eb heshtur ndan\u00eb udh\u00ebs, a thua se ata q\u00eb iu\nkushtohen kishin b\u00ebr\u00eb \u201cturp\u201d q\u00eb luftuan me heroiz\u00ebm p\u00ebr k\u00ebt\u00eb tok\u00eb. Mbase bash p\u00ebr\nk\u00ebt\u00eb mjegulla ka r\u00ebn\u00eb e s\u2019po di t\u00eb ngrihet mbi Mal\u00ebsin\u00eb e Gjakov\u00ebs, q\u00eb ne po e\np\u00ebrshkojm\u00eb sot, pa e ditur se lajmet nga kryeqyteti i Kosov\u00ebs me arrestime t\u00eb\nbujshme, bastisje banesash t\u00eb politikan\u00ebve t\u00eb lart\u00eb do\nt\u00eb na e nd\u00ebrronin rrjedh\u00ebn e mendimit. <\/p>\n\n\n\n<p>N\u00eb k\u00ebto male, ata q\u00eb u\nprangos\u00ebn, dikur ishin princ\u00ebr t\u00eb liris\u00eb dhe luftonin p\u00ebr t\u2019ia sjell\u00eb at\u00eb\npopullit t\u00eb tyre. Ka dhe nj\u00eb fotografi t\u00eb Ri\u00e7ard Hollbruk asokohe, diku n\u00eb k\u00ebto\npllaja, bashk\u00eb me ish-komandant\u00ebt q\u00eb sapo kan\u00eb marr\u00eb udh\u00ebn e gjyqit\nnd\u00ebrkomb\u00ebtar, pa i b\u00ebr\u00eb asgj\u00eb bot\u00ebs, q\u00eb t\u00eb gjykohen prej gjykat\u00ebsve t\u00eb saj. N\u00ebse\ndo t\u00eb rronte diplomati i lart\u00eb amerikan, mbase do t\u00eb shkonte t\u00eb d\u00ebshmonte n\u00eb\nHag\u00eb, si aleat i U\u00c7K-s\u00eb. Ishte Amerika q\u00eb urdh\u00ebroi \u00e7lirimin e Kosov\u00ebs para 21\nvitesh.<\/p>\n\n\n\n<figure class=\"wp-block-image\"><img loading=\"lazy\" decoding=\"async\" width=\"473\" height=\"350\" src=\"http:\/\/revistakuvendi.org\/wp-content\/uploads\/2020\/11\/tropoje.png\" alt=\"\" class=\"wp-image-8690\" srcset=\"https:\/\/revistakuvendi.org\/wp-content\/uploads\/2020\/11\/tropoje.png 473w, https:\/\/revistakuvendi.org\/wp-content\/uploads\/2020\/11\/tropoje-300x222.png 300w\" sizes=\"auto, (max-width: 473px) 100vw, 473px\" \/><\/figure>\n\n\n\n<p>&#8230;S\u00ebrish lajme, k\u00ebsaj\nhere nga Amerika, p\u00ebr num\u00ebrimin e votave n\u00eb k\u00ebt\u00eb apo at\u00eb shtet dhe s\u00ebrish\npyetja, cili do t\u00eb fitoj\u00eb Biden apo Trump?<\/p>\n\n\n\n<p><strong>N\u00eb \u201cBajram Curri\u201d dhe Tropoj\u00eb t\u00eb Vjet\u00ebr<\/strong><\/p>\n\n\n\n<p>Kemi qen\u00eb dhe para dyzet\nvitesh n\u00eb Tropoj\u00eb dhe at\u00ebher\u00eb ajo p\u00ebrftohej tek ne p\u00ebrmes z\u00ebrit t\u00eb kthjellt\u00eb gurgullues,\nsi gurrat e Alpeve, t\u00eb Sokol Arifit, Fatime Sokolit e m\u00eb von\u00eb dhe Fatmira\nBre\u00e7anit, aq dhe p\u00ebrmes poezis\u00eb moderne t\u00eb poet\u00ebve t\u00eb rinj tropojan\u00eb t\u00eb viteve\n\u201870, metaforat e s\u00eb cil\u00ebs ishin: \u201cz\u00ebri im\u201d apo \u201cnjatjeta diell\u201d, \u201czhurmojn\u00eb uj\u00ebvarat\u201d,\n\u201cbjeshk\u00ebt jan\u00eb mbiemri im\u201d, \u201czogu i bjeshk\u00ebs\u201d, \u201cValbona e kalt\u00ebr\u201d t\u00eb Ndoc Paplek\u00ebs,\nMehmet Elezit, Hamit Aliajt, Sk\u00ebnder Bu\u00e7papajt, Avni Mulajt etj. Pak kush e\ndinte at\u00ebher\u00eb se motivet e bjeshk\u00ebs e v\u00ebrrinit, p\u00ebllumbit e gjarp\u00ebrit, kishin\nqen\u00eb m\u00eb par\u00eb n\u00eb lirikat e nj\u00eb poeti m\u00ebrgimtar t\u00eb atyre mal\u00ebsive veriore, me\nemrin Martin Camaj. Rapsod\u00ebt e eposit kishin mbetur larg, k\u00ebndellur \u201csyrit t\u00eb\nkalt\u00ebr\u201d e rudinave t\u00eb Bjeshk\u00ebve t\u00eb Namuna. Alpet kishin z\u00ebn\u00eb t\u00eb f\u00ebrshf\u00ebrinin p\u00ebrmes\nvargjeve t\u00eb nj\u00eb poetike t\u00eb re. T\u00eb b\u00ebhet se ende d\u00ebgjon gj\u00ebmimet e Fierz\u00ebs t\u00eb\nnj\u00eb gjysm\u00eb shkulli m\u00eb par\u00eb, kur nd\u00ebrtohej diga e hidrocentralit mbi Drin, p\u00ebrcjell\u00eb\nme an\u00eb t\u00eb reportazheve t\u00eb Spiro Ded\u00ebs. Ashtu si\u00e7 ka ardhur tek ti Tropoja dhe p\u00ebrmes\nvezullimit t\u00eb pikturave t\u00eb Nazmi Hoxh\u00ebs. <\/p>\n\n\n\n<p>Qyteti \u201cBajram Curri\u201d, q\u00eb\nu ngrit n\u00eb gjysm\u00ebn e dyt\u00eb t\u00eb shekullit XX n\u00eb vendin e quajtur Kolgecaj, do t\u00eb\nishte qendra e zhvillimeve politike, sociale e kulturore t\u00eb krahin\u00ebs. Sot ai \u00ebsht\u00eb\nm\u00eb s\u00eb shumti nj\u00eb qytet turistik, q\u00eb ka ndjer\u00eb dor\u00ebn e ndryshimit dhe\nurbanizimit, vep\u00ebr komplekse e komunitetit, qeverisjes vendore dhe asaj qendrore,\narkitekt\u00ebve, projektuesve, nd\u00ebrtuesve, donator\u00ebve, biznesit, shkoll\u00ebs e gjer\nlulishtar\u00ebve q\u00eb kujdes\u00ebn p\u00ebr mjedisnin. Por nuk ka pun\u00ebsim dhe ky \u00ebsht\u00eb, si t\u00eb\nthuash, problemi. Duket se p\u00ebr krejt Tropoj\u00ebn punon vet\u00ebm lugina e Valbon\u00ebs me\nbujtinat e saj. \u201cAsht vet\u00ebm Valbona q\u00eb e mban gjall\u00eb k\u00ebt\u00eb vend\u201d, na thot\u00eb nj\u00ebri\nnga bashk\u00ebbiseduesit tan\u00eb n\u00eb \u201cBajram Curri\u201d. <\/p>\n\n\n\n<p>E pyesim nj\u00eb t\u00eb ri,\nSabianin, q\u00eb banon n\u00eb fshat,se \u00e7far\u00eb mendon ai p\u00ebr t\u00eb nes\u00ebrmen dhe ai na thot\u00eb\n\u201cS\u2019ke \u00e7far\u00eb ban k\u00ebtu\u201d. Mendon, po sikur t\u00eb b\u00ebheshin m\u00eb shum\u00eb p\u00ebrpjekje, nga\nshteti dhe banor\u00ebt, p\u00ebr ta mbajtur Tropoj\u00ebn n\u00eb \u201ck\u00ebmb\u00eb\u201d, jo thjesht\u00eb si nj\u00eb\nHirushe turistike mes Alpeve, por dhe si nj\u00eb areal t\u00eb pem\u00ebtaris\u00eb, blegtoris\u00eb\netj.? <\/p>\n\n\n\n<p>Ka gjithsesi nj\u00eb kontrast\nmes qytetit q\u00eb llamburit dhe fshatit n\u00eb kufijt\u00eb e ekzistenc\u00ebs! N\u00eb Tropoj\u00ebn e\nVjet\u00ebr, q\u00eb \u00ebsht\u00eb nj\u00ebsia m\u00eb e madhe administrative e Tropoj\u00ebs, me 5600 banor\u00eb,\nshkoll\u00ebn e mesme t\u00eb bashkuar me 270 nx\u00ebn\u00ebs e 25 m\u00ebsues, mund ta marr\u00ebsh dhe n\u00eb\nrrug\u00eb nj\u00eb \u201cleksion\u201d se si duhen b\u00ebr\u00eb gj\u00ebrat, duke filluar nga ato q\u00eb ishin,\npasi natyra dhe klima nuk kan\u00eb nd\u00ebrruar e braktisja nuk \u00ebsht\u00eb ende n\u00eb kufinj\nkritik\u00eb. Thot\u00eb Sulejman Neza, 86 vje\u00e7: \u201cTropoja asht vend prodhues, i ban t\u00eb\ntana: misrin, grunin, g\u00ebshtenjat, kumbullat, rrushin. Por g\u00ebshtenjat i ka mbyt\nbunga (lisi), se nuk kujdest njeri p\u00ebr to. Kumbullat kan\u00eb dal\u00eb fare. U bashin\nme tonelata dje. Si kumbullat e Tropoj\u00ebs, ma!&#8230; Nuk shitet as qum\u00ebshti, nuk ka\nbaxha p\u00ebr p\u00ebrpunimin e tij, leshi i deleve mbetet ferrave\u2026\u201d Nj\u00eb panoram\u00eb e\ntrisht\u00eb, me pak fjal\u00eb, q\u00eb nuk \u00ebsht\u00eb shqet\u00ebsimi vet\u00ebm i nj\u00eb njeriu, por i mbar\u00eb\nnj\u00eb komuniteti. &nbsp;<\/p>\n\n\n\n<figure class=\"wp-block-image\"><img loading=\"lazy\" decoding=\"async\" width=\"450\" height=\"337\" src=\"http:\/\/revistakuvendi.org\/wp-content\/uploads\/2020\/11\/malesia-e-gjakoves.png\" alt=\"\" class=\"wp-image-8691\" srcset=\"https:\/\/revistakuvendi.org\/wp-content\/uploads\/2020\/11\/malesia-e-gjakoves.png 450w, https:\/\/revistakuvendi.org\/wp-content\/uploads\/2020\/11\/malesia-e-gjakoves-300x225.png 300w\" sizes=\"auto, (max-width: 450px) 100vw, 450px\" \/><\/figure>\n\n\n\n<p>N\u00eb shkoll\u00eb punohej me p\u00ebrkushtim\nnga nx\u00ebn\u00ebs e m\u00ebsues. Drejtori i saj, Bekim Berbati, na thot\u00eb se pak dit\u00eb m\u00eb par\u00eb\nkan\u00eb festuar 50 &#8211; vjetorin e shkoll\u00ebs. Ka ardhur sot p\u00ebr t\u2019i par\u00eb drejtori i\nDRAP-it Lezh\u00eb, Bardhok Pulaj. Rregullsia shihej q\u00eb te porta, ku t\u00eb pret nj\u00eb njeri\nme bluz\u00eb t\u00eb bardh\u00eb dhe mask\u00eb n\u00eb fytyr\u00eb, q\u00eb ishte nj\u00ebri nga m\u00ebsusit. Shkolla\nmban emrin e atdhetarit t\u00eb shquar Ali Ib\u00ebr Neza dhe pas disa dit\u00ebsh n\u00eb Bajram\nCurri do t\u00eb vihet shtatorja e tij. <\/p>\n\n\n\n<p>Kjo trev\u00eb historike ka nxjerr\u00eb\nfigura t\u00eb m\u00ebdha q\u00eb i b\u00ebjn\u00eb nder kombit, si Mic Sokoli, Binak Alia, Ali Ibra,\nBajram Curri e shum\u00eb t\u00eb tjer\u00eb. (E jo vet\u00ebm n\u00eb Lidhjen e Prizrenit a Shpalljen e\nPavar\u00ebsis\u00eb, po dhe s\u00eb voni, n\u00eb Demokraci, personalitete politike si Sali Berisha,\nAzem Hadari, Besnik Mustafaj etj.) Bukur! Por historia \u00ebsht\u00eb dhe nj\u00eb thirrje\ndhe p\u00ebr t\u00eb sotmen. Nuk jan\u00eb vet\u00ebm t\u00eb tjer\u00ebt, ata \u201clart\u201d, q\u00eb lypet t\u00eb b\u00ebjn\u00eb p\u00ebr\nne, por dhe vet\u00eb ne, me mund\u00ebsit\u00eb q\u00eb kemi. Curraj &#8211; Ep\u00ebr, nj\u00eb nga perlat e\nbjeshk\u00ebve shqiptare, si rrall\u00eb fshat n\u00eb Shqip\u00ebri, nuk lidhej me rrug\u00eb makine\ndhe nism\u00ebtar\u00eb p\u00ebr rrug\u00ebn e re u b\u00ebn\u00eb pik\u00ebrisht banor\u00ebt (dhe ata q\u00eb kishin\nikur), t\u00eb cil\u00ebt me kontributet e tyre financiare dhe me investimin e bashkis\u00eb s\u00eb\nTropoj\u00ebs, dy vite m\u00eb par\u00eb, ia arrit\u00ebn q\u00ebllimit. Na kujtohet Gjin Progni, poet\ndhe veprimtar i L\u00ebvizjes Demokratike, q\u00eb dhe pse rronte n\u00eb Tiran\u00eb, ishte aktiv\np\u00ebr nd\u00ebrtimin e rrug\u00ebs Mserr &#8211; Pal\u00e7 &#8211; Salc\u00eb n\u00eb vendlindjen e tij dhe falenderus\np\u00ebr v\u00ebllez\u00ebrit kontribues t\u00eb emigracionit, nga SHBA, Kanadaja, Europa, Kosova\netj.<\/p>\n\n\n\n<p>Miqt\u00eb e mi t\u00eb hersh\u00ebm jan\u00eb\nprap\u00eb aty. Petrit Zeneli, q\u00eb ka drejtuar p\u00ebr disa vite Zyr\u00ebn Vendore Arsimore,\n\u00ebsht\u00eb nj\u00eb studiues i njohur i trash\u00ebgimis\u00eb tropojane, ve\u00e7mas leksikut dhe\nfrazeologjis\u00eb, por dhe etnografis\u00eb etj., autor i nj\u00eb fjalori t\u00eb gjuh\u00ebs shqipe.\nPublicisti i palodhur Gjon Ne\u00e7aj sjell n\u00eb shkrimet e tij kullat n\u00eb z\u00eb t\u00eb trev\u00ebs,\ntradit\u00ebn e Nikaj-Merturit etj. Poeti Lulzim Logu drejton klubin e letrave t\u00eb\nTropoj\u00ebs, duke kryer veprimtari letrare t\u00eb p\u00ebrbashk\u00ebta me shkrimtart\u00eb e\nGjakov\u00ebs etj. Po dhe sa e sa emra t\u00eb tjer\u00eb krijuesish e studiuesish t\u00eb Mal\u00ebsis\u00eb\ns\u00eb Gjakov\u00ebs, q\u00eb nuk i \u201cndahen\u201d visarit etnokulturor t\u00eb vendlindjes, pa\u00e7ka se ku\nrrojn\u00eb.<\/p>\n\n\n\n<p>&nbsp;&nbsp;&nbsp;&nbsp;&nbsp;&nbsp;&nbsp;&nbsp;&nbsp; *<\/p>\n\n\n\n<p>Kthehemi, t\u00eb nes\u00ebrmen, t\u00eb\nnj\u00ebjt\u00ebs rrug\u00eb nga kishim ardhur. Rrokim me sy vargun malor nga Qaf\u00eb Morina n\u00eb\nQaf\u00eb-Prush e deri n\u00eb Pashtrik, ashtu si dhe bjeshk\u00ebt e Rugov\u00ebs e t\u00eb Sharrit. <\/p>\n\n\n\n<p>\u201cKy \u00ebsht\u00eb \u00e7mimi q\u00eb i duhet\npaguar liris\u00eb\u201d!&#8230; <\/p>\n\n\n\n<p>Kush do t\u00eb fitoj\u00eb n\u00eb Amerik\u00eb, Trump apo Biden?&#8230;<\/p>\n","protected":false},"excerpt":{"rendered":"<p>NDUE DEDAJ &nbsp;&nbsp;&nbsp;&nbsp;&nbsp;&nbsp;&nbsp;&nbsp;&nbsp; Jemi nisur drejt Tropoj\u00ebs, p\u00ebr t\u00eb kundruar piktur\u00ebn e saj t\u00eb vjesht\u00ebs, nga m\u00eb befasueset. Harmonia dhe shkrirja e qytetit t\u00eb Bajram Currit, lugin\u00ebs s\u00eb Valbon\u00ebs, fshatrave n\u00eb gji t\u00eb Alpeve me vjesht\u00ebn, krijon nj\u00eb pamje eposi, me ngjyrat e k\u00ebsaj kohe. Takohemi me njer\u00ebz t\u00eb njohur e t\u00eb panjohur, gjithnj\u00eb duke&hellip;<\/p>\n","protected":false},"author":1,"featured_media":8688,"comment_status":"open","ping_status":"open","sticky":false,"template":"","format":"standard","meta":{"footnotes":""},"categories":[11],"tags":[],"class_list":["post-8687","post","type-post","status-publish","format-standard","has-post-thumbnail","hentry","category-publicistike"],"_links":{"self":[{"href":"https:\/\/revistakuvendi.org\/index.php?rest_route=\/wp\/v2\/posts\/8687","targetHints":{"allow":["GET"]}}],"collection":[{"href":"https:\/\/revistakuvendi.org\/index.php?rest_route=\/wp\/v2\/posts"}],"about":[{"href":"https:\/\/revistakuvendi.org\/index.php?rest_route=\/wp\/v2\/types\/post"}],"author":[{"embeddable":true,"href":"https:\/\/revistakuvendi.org\/index.php?rest_route=\/wp\/v2\/users\/1"}],"replies":[{"embeddable":true,"href":"https:\/\/revistakuvendi.org\/index.php?rest_route=%2Fwp%2Fv2%2Fcomments&post=8687"}],"version-history":[{"count":1,"href":"https:\/\/revistakuvendi.org\/index.php?rest_route=\/wp\/v2\/posts\/8687\/revisions"}],"predecessor-version":[{"id":8692,"href":"https:\/\/revistakuvendi.org\/index.php?rest_route=\/wp\/v2\/posts\/8687\/revisions\/8692"}],"wp:featuredmedia":[{"embeddable":true,"href":"https:\/\/revistakuvendi.org\/index.php?rest_route=\/wp\/v2\/media\/8688"}],"wp:attachment":[{"href":"https:\/\/revistakuvendi.org\/index.php?rest_route=%2Fwp%2Fv2%2Fmedia&parent=8687"}],"wp:term":[{"taxonomy":"category","embeddable":true,"href":"https:\/\/revistakuvendi.org\/index.php?rest_route=%2Fwp%2Fv2%2Fcategories&post=8687"},{"taxonomy":"post_tag","embeddable":true,"href":"https:\/\/revistakuvendi.org\/index.php?rest_route=%2Fwp%2Fv2%2Ftags&post=8687"}],"curies":[{"name":"wp","href":"https:\/\/api.w.org\/{rel}","templated":true}]}}