{"id":8681,"date":"2020-11-14T14:11:06","date_gmt":"2020-11-14T14:11:06","guid":{"rendered":"http:\/\/revistakuvendi.org\/?p=8681"},"modified":"2020-11-14T14:11:06","modified_gmt":"2020-11-14T14:11:06","slug":"julia-gjika-nga-poezite-per-konkursin","status":"publish","type":"post","link":"https:\/\/revistakuvendi.org\/?p=8681","title":{"rendered":"Julia Gjika ( Nga poezite per konkursin )"},"content":{"rendered":"\n<figure class=\"wp-block-image\"><img loading=\"lazy\" decoding=\"async\" width=\"150\" height=\"188\" src=\"http:\/\/revistakuvendi.org\/wp-content\/uploads\/2020\/11\/Julia_Gjika.jpg\" alt=\"\" class=\"wp-image-8682\"\/><\/figure>\n\n\n\n<p><strong>DAFINA<\/strong><\/p>\n\n\n\n<p>Un\u00eb\njam e gjitha,<\/p>\n\n\n\n<p>shekujt\ni lash\u00eb t\u00eb ikin nj\u00eb nga nj\u00eb.<\/p>\n\n\n\n<p>Her\u00eb\nsi ret\u00eb e bardha, t\u00eb panumurta, her\u00eb t\u00eb hirta.<\/p>\n\n\n\n<p>Ngarkuar\nme furtuna, me stin\u00eb t\u00eb begata.<\/p>\n\n\n\n<p>Jeta\nime ishte e pasur, p\u00ebrderisa isha e lir\u00eb.<\/p>\n\n\n\n<p>Vrapoja\ne lumtur n\u00ebp\u00ebr pyje t\u00eb virgj\u00ebr,<\/p>\n\n\n\n<p>an\u00ebs\nlumenjve q\u00eb m\u00eb g\u00ebzonin shpirtin.<\/p>\n\n\n\n<p>M\u00eb\nquajt\u00ebn hyjnesh\u00eb e ujrave t\u00eb kristalta,<\/p>\n\n\n\n<p>mbeta\ne p\u00ebrqafuar me drit\u00ebn, e mira e saj<\/p>\n\n\n\n<p>m\u00eb\ndha shk\u00eblqimin, muzik\u00eb, jet\u00eb.<\/p>\n\n\n\n<p>Kan\u00eb\nshkuar m\u00eb shum\u00eb se tridhjet\u00eb shekuj.<\/p>\n\n\n\n<p>Thon\u00eb\nse isha nj\u00eb nimf\u00eb e mahnit\u00ebshme<\/p>\n\n\n\n<p>n\u00eb\nat\u00eb bot\u00eb t\u00eb lasht\u00eb, vrapoja n\u00eb natyr\u00eb,<\/p>\n\n\n\n<p>lirin\u00eb\nkisha n\u00eb gjak. Gjithcka e imja,<\/p>\n\n\n\n<p>e\nt\u00ebrhoqi si me magnet Per\u00ebndin\u00eb e Diellit,<\/p>\n\n\n\n<p>Apolloni\nu trullos pas meje, por un\u00eb nuk e doja.<\/p>\n\n\n\n<p>Ai\nish tallur me Per\u00ebndin\u00eb e dashuris\u00eb, Erosin,<\/p>\n\n\n\n<p>ai\ni d\u00ebrgoi nj\u00eb shigjet\u00eb me maj\u00eb t\u00eb art\u00eb,<\/p>\n\n\n\n<p>e\ngoditi n\u00eb zem\u00ebr. Mua m\u00eb d\u00ebrgoi nj\u00eb tjet\u00ebr shigjet\u00eb<\/p>\n\n\n\n<p>me\nmaj\u00eb plumbi, e m\u00eb dha urrejtje p\u00ebr Apollonin.<\/p>\n\n\n\n<p>M\u00eb\nndiqte, nj\u00eb dit\u00eb m\u00eb ndoqi deri sa m\u00eb ariti,<\/p>\n\n\n\n<p>m\u00eb\nshtr\u00ebngoi, t\u00eb zura m\u00eb n\u00eb fund \u2013 tha me krenari,<\/p>\n\n\n\n<p>sa\nnuk m\u00eb theu kockat!<\/p>\n\n\n\n<p>I\nndjeva dihatjen, frym\u00ebn n\u00eb flok\u00ebt e mij,<\/p>\n\n\n\n<p>pastaj\ngisht\u00ebrinjt\u00eb si gozhd\u00eb n\u00eb mish e kudo.<\/p>\n\n\n\n<p>Syt\u00eb\ne tij m\u00eb p\u00ebrfshin\u00eb t\u00eb t\u00ebr\u00ebn, nga fija e flokut<\/p>\n\n\n\n<p>deri\nn\u00eb thonjt\u00eb e k\u00ebmb\u00ebs.<\/p>\n\n\n\n<p>Z\u00ebri\ni tij ishte urdh\u00ebr, q\u00eb nuk ju binda.<\/p>\n\n\n\n<p>Nuk\nju dhash\u00eb, i thash\u00eb jo forc\u00ebs, jo n\u00ebn\u00ebshtrimit.<\/p>\n","protected":false},"excerpt":{"rendered":"<p>DAFINA Un\u00eb jam e gjitha, shekujt i lash\u00eb t\u00eb ikin nj\u00eb nga nj\u00eb. Her\u00eb si ret\u00eb e bardha, t\u00eb panumurta, her\u00eb t\u00eb hirta. Ngarkuar me furtuna, me stin\u00eb t\u00eb begata. Jeta ime ishte e pasur, p\u00ebrderisa isha e lir\u00eb. Vrapoja e lumtur n\u00ebp\u00ebr pyje t\u00eb virgj\u00ebr, an\u00ebs lumenjve q\u00eb m\u00eb g\u00ebzonin shpirtin. M\u00eb quajt\u00ebn hyjnesh\u00eb&hellip;<\/p>\n","protected":false},"author":1,"featured_media":8682,"comment_status":"open","ping_status":"open","sticky":false,"template":"","format":"standard","meta":{"footnotes":""},"categories":[7],"tags":[],"class_list":["post-8681","post","type-post","status-publish","format-standard","has-post-thumbnail","hentry","category-poezi"],"_links":{"self":[{"href":"https:\/\/revistakuvendi.org\/index.php?rest_route=\/wp\/v2\/posts\/8681","targetHints":{"allow":["GET"]}}],"collection":[{"href":"https:\/\/revistakuvendi.org\/index.php?rest_route=\/wp\/v2\/posts"}],"about":[{"href":"https:\/\/revistakuvendi.org\/index.php?rest_route=\/wp\/v2\/types\/post"}],"author":[{"embeddable":true,"href":"https:\/\/revistakuvendi.org\/index.php?rest_route=\/wp\/v2\/users\/1"}],"replies":[{"embeddable":true,"href":"https:\/\/revistakuvendi.org\/index.php?rest_route=%2Fwp%2Fv2%2Fcomments&post=8681"}],"version-history":[{"count":1,"href":"https:\/\/revistakuvendi.org\/index.php?rest_route=\/wp\/v2\/posts\/8681\/revisions"}],"predecessor-version":[{"id":8683,"href":"https:\/\/revistakuvendi.org\/index.php?rest_route=\/wp\/v2\/posts\/8681\/revisions\/8683"}],"wp:featuredmedia":[{"embeddable":true,"href":"https:\/\/revistakuvendi.org\/index.php?rest_route=\/wp\/v2\/media\/8682"}],"wp:attachment":[{"href":"https:\/\/revistakuvendi.org\/index.php?rest_route=%2Fwp%2Fv2%2Fmedia&parent=8681"}],"wp:term":[{"taxonomy":"category","embeddable":true,"href":"https:\/\/revistakuvendi.org\/index.php?rest_route=%2Fwp%2Fv2%2Fcategories&post=8681"},{"taxonomy":"post_tag","embeddable":true,"href":"https:\/\/revistakuvendi.org\/index.php?rest_route=%2Fwp%2Fv2%2Ftags&post=8681"}],"curies":[{"name":"wp","href":"https:\/\/api.w.org\/{rel}","templated":true}]}}