{"id":8678,"date":"2020-11-14T14:04:43","date_gmt":"2020-11-14T14:04:43","guid":{"rendered":"http:\/\/revistakuvendi.org\/?p=8678"},"modified":"2020-11-14T14:04:43","modified_gmt":"2020-11-14T14:04:43","slug":"violeta-kadriu-podujeve-poezi-per-konkursin","status":"publish","type":"post","link":"https:\/\/revistakuvendi.org\/?p=8678","title":{"rendered":"Violeta Kadriu- Podujeve ( Poezi per konkursin )"},"content":{"rendered":"\n<figure class=\"wp-block-image\"><img loading=\"lazy\" decoding=\"async\" width=\"138\" height=\"160\" src=\"http:\/\/revistakuvendi.org\/wp-content\/uploads\/2020\/11\/violeta-kadriu.jpg\" alt=\"\" class=\"wp-image-8679\"\/><\/figure>\n\n\n\n<p><strong>PERQAFOM, I\nDASHUR!&#8230;<\/strong><\/p>\n\n\n\n<p>T\u00eb\nlutem, i dashur, sonte p\u00ebrqafom fort<\/p>\n\n\n\n<p>p\u00ebrqafom\nfort e me zjarr\u00eb, si t\u00eb ishte p\u00ebrqafimi yn\u00eb i mbram\u00eb,<\/p>\n\n\n\n<p>mu\nsikur at\u00ebher\u00eb, mu sikur at\u00eb nat\u00eb<\/p>\n\n\n\n<p>kur\np\u00ebr her\u00eb t\u00eb par\u00eb u p\u00ebrqafuam me sy<\/p>\n\n\n\n<p>n\u00eb\nmomentin q\u00eb u pam\u00eb<\/p>\n\n\n\n<p>e\nzemrat tona i ngujuam me dry<\/p>\n\n\n\n<p>e\nm\u00eb kurr\u00eb s&#8221; u ndam\u00eb!&#8230;<\/p>\n\n\n\n<p>P\u00ebrqafom\naq fort, i dashur, ti sonte,<\/p>\n\n\n\n<p>mos\nthuaj asgj\u00eb, vet\u00ebm m\u00eb p\u00ebrqafo,<\/p>\n\n\n\n<p>k\u00ebt\u00eb\nshpirt t\u00eb zhuritur p\u00ebr dashurin\u00eb t\u00ebnde<\/p>\n\n\n\n<p>e\nsi m\u00ebngjes pranveror mua prap m\u00eb ago!&#8230;<\/p>\n\n\n\n<p>P\u00ebrqafom\ne me lot\u00eb malli t\u00eb qajm\u00eb n\u00eb heshtje,<\/p>\n\n\n\n<p>sikur\nky p\u00ebrqafim t\u00eb jet\u00eb p\u00ebr lamtumir\u00eb,<\/p>\n\n\n\n<p>l\u00ebre,\nle t\u00eb pikoj\u00eb loti si gjethe vjeshte<\/p>\n\n\n\n<p>se\nt\u00eb duash kaq shum\u00eb \u00ebsht\u00eb shum\u00eb e v\u00ebshtir\u00eb!<\/p>\n\n\n\n<p>P\u00ebrqafom\nfort, sonte i dashur,<\/p>\n\n\n\n<p>m\u00eb\ndhuro lule e m\u00eb p\u00ebrqafo<\/p>\n\n\n\n<p>e\ntregoji gjith\u00eb bot\u00ebs s\u00eb lig\u00eb e hileqare<\/p>\n\n\n\n<p>thuaji&#8230;Zemra\nime vet\u00ebm k\u00ebt\u00eb e do!&#8230;<\/p>\n\n\n\n<p>P\u00ebrqafom\nsi at\u00ebher\u00eb, kur dielli<\/p>\n\n\n\n<p>me\nafsh e zili, prej s\u00eb larti na shikonte,<\/p>\n\n\n\n<p>kur\nurdh\u00ebronte h\u00ebn\u00ebn mbas reve t\u00eb fshihej<\/p>\n\n\n\n<p>e\nduke na lakmuar p\u00ebrtonte t\u00eb per\u00ebndonte!<\/p>\n\n\n\n<p>P\u00ebrqafom\nfort, sonte i dashur, pash\u00eb t&#8221; Madhin Zot,<\/p>\n\n\n\n<p>si\nt\u00eb ishte p\u00ebr ne p\u00ebrqafimi yn\u00eb i mbram\u00eb,<\/p>\n\n\n\n<p>q\u00eb\nas aj\u00ebri mes nesh mos t\u00eb dep\u00ebrtoj\u00eb dot<\/p>\n\n\n\n<p>e\nnga smira bot\u00eb e lig\u00eb t\u00eb l\u00ebshoj\u00eb t&#8221; fundit piskam\u00eb!&#8230;<\/p>\n\n\n\n<p>Mos\nvono, i dashur e mos m\u00eb l\u00eb t\u00eb pres,<\/p>\n\n\n\n<p>mos\nharro kur dham\u00eb nj\u00eb t\u00eb shenjtin premtim,<\/p>\n\n\n\n<p>&#8230;P\u00ebr\nk\u00ebt\u00eb Diell e Han\u00eb dhe dit\u00ebn q\u00eb do vdes,<\/p>\n\n\n\n<p>dua\nt\u00eb jap shpirt n\u00eb tandin p\u00ebrqafim!&#8230;<\/p>\n","protected":false},"excerpt":{"rendered":"<p>PERQAFOM, I DASHUR!&#8230; T\u00eb lutem, i dashur, sonte p\u00ebrqafom fort p\u00ebrqafom fort e me zjarr\u00eb, si t\u00eb ishte p\u00ebrqafimi yn\u00eb i mbram\u00eb, mu sikur at\u00ebher\u00eb, mu sikur at\u00eb nat\u00eb kur p\u00ebr her\u00eb t\u00eb par\u00eb u p\u00ebrqafuam me sy n\u00eb momentin q\u00eb u pam\u00eb e zemrat tona i ngujuam me dry e m\u00eb kurr\u00eb s&#8221; u&hellip;<\/p>\n","protected":false},"author":1,"featured_media":8679,"comment_status":"open","ping_status":"open","sticky":false,"template":"","format":"standard","meta":{"footnotes":""},"categories":[7],"tags":[],"class_list":["post-8678","post","type-post","status-publish","format-standard","has-post-thumbnail","hentry","category-poezi"],"_links":{"self":[{"href":"https:\/\/revistakuvendi.org\/index.php?rest_route=\/wp\/v2\/posts\/8678","targetHints":{"allow":["GET"]}}],"collection":[{"href":"https:\/\/revistakuvendi.org\/index.php?rest_route=\/wp\/v2\/posts"}],"about":[{"href":"https:\/\/revistakuvendi.org\/index.php?rest_route=\/wp\/v2\/types\/post"}],"author":[{"embeddable":true,"href":"https:\/\/revistakuvendi.org\/index.php?rest_route=\/wp\/v2\/users\/1"}],"replies":[{"embeddable":true,"href":"https:\/\/revistakuvendi.org\/index.php?rest_route=%2Fwp%2Fv2%2Fcomments&post=8678"}],"version-history":[{"count":1,"href":"https:\/\/revistakuvendi.org\/index.php?rest_route=\/wp\/v2\/posts\/8678\/revisions"}],"predecessor-version":[{"id":8680,"href":"https:\/\/revistakuvendi.org\/index.php?rest_route=\/wp\/v2\/posts\/8678\/revisions\/8680"}],"wp:featuredmedia":[{"embeddable":true,"href":"https:\/\/revistakuvendi.org\/index.php?rest_route=\/wp\/v2\/media\/8679"}],"wp:attachment":[{"href":"https:\/\/revistakuvendi.org\/index.php?rest_route=%2Fwp%2Fv2%2Fmedia&parent=8678"}],"wp:term":[{"taxonomy":"category","embeddable":true,"href":"https:\/\/revistakuvendi.org\/index.php?rest_route=%2Fwp%2Fv2%2Fcategories&post=8678"},{"taxonomy":"post_tag","embeddable":true,"href":"https:\/\/revistakuvendi.org\/index.php?rest_route=%2Fwp%2Fv2%2Ftags&post=8678"}],"curies":[{"name":"wp","href":"https:\/\/api.w.org\/{rel}","templated":true}]}}