{"id":8675,"date":"2020-11-14T13:57:58","date_gmt":"2020-11-14T13:57:58","guid":{"rendered":"http:\/\/revistakuvendi.org\/?p=8675"},"modified":"2020-11-14T13:57:58","modified_gmt":"2020-11-14T13:57:58","slug":"ilir-shaqiri-fragment-poeme-per-konkurs","status":"publish","type":"post","link":"https:\/\/revistakuvendi.org\/?p=8675","title":{"rendered":"Ilir Shaqiri ( fragment poeme, per konkurs)"},"content":{"rendered":"\n<figure class=\"wp-block-image\"><img loading=\"lazy\" decoding=\"async\" width=\"160\" height=\"160\" src=\"http:\/\/revistakuvendi.org\/wp-content\/uploads\/2020\/11\/ILIR-SHAQIRI.jpg\" alt=\"\" class=\"wp-image-8676\" srcset=\"https:\/\/revistakuvendi.org\/wp-content\/uploads\/2020\/11\/ILIR-SHAQIRI.jpg 160w, https:\/\/revistakuvendi.org\/wp-content\/uploads\/2020\/11\/ILIR-SHAQIRI-150x150.jpg 150w, https:\/\/revistakuvendi.org\/wp-content\/uploads\/2020\/11\/ILIR-SHAQIRI-50x50.jpg 50w\" sizes=\"auto, (max-width: 160px) 100vw, 160px\" \/><\/figure>\n\n\n\n<p><strong>ILIR\nSHAQIRI, PRISHTINE<\/strong><\/p>\n\n\n\n<p><strong>JET\u00cbDH\u00cbN\u00cbSJA\nIME<\/strong><\/p>\n\n\n\n<p>I<\/p>\n\n\n\n<p>Erdhe nj\u00eb m\u00ebngjes tetori, 1939,&nbsp; <\/p>\n\n\n\n<p>teksa fryma e pa p\u00ebrgjumur <\/p>\n\n\n\n<p>e mosn\u00ebnshtrimeve shekullore<\/p>\n\n\n\n<p>p\u00ebrdit\u00ebsohej kodrinave t\u00eb buta t\u00eb Vitakut<\/p>\n\n\n\n<p>nga siluetat e kudondodhshme hijem\u00ebdha <\/p>\n\n\n\n<p>t\u00eb Omerit t\u00eb vog\u00ebl,<\/p>\n\n\n\n<p>tek ngrinte dylbit\u00eb andej nga vjen oshtima<\/p>\n\n\n\n<p>s\u2019e kishte do haqe t\u00eb pambyllura me krajlin.&nbsp; <\/p>\n\n\n\n<p>Grat\u00eb lanin tirq galana n\u00eb lum\u00eb<\/p>\n\n\n\n<p>e plisa t\u00eb bardh\u00eb n\u00eb krua&#8230;,<\/p>\n\n\n\n<p>koh\u00eb, kur s\u2019kishte as p\u00ebr hua <\/p>\n\n\n\n<p>qoft\u00eb dhe nj\u00eb gjilp\u00ebr\u00eb,<\/p>\n\n\n\n<p>as dhe nj\u00eb patkua&#8230;,<\/p>\n\n\n\n<p>por, arat duheshin mbjell\u00eb,<\/p>\n\n\n\n<p>arat duheshin korr\u00eb<\/p>\n\n\n\n<p>me duart e brishta <\/p>\n\n\n\n<p>t\u00eb b\u00ebra prush e plor.<\/p>\n\n\n\n<p>II<\/p>\n\n\n\n<p>Sa her\u00eb shpalosje hidh\u00ebrimin<\/p>\n\n\n\n<p>n\u00eb pragun e sht\u00ebpis\u00eb<\/p>\n\n\n\n<p>n\u00eb Motin e lig, dhembjen e thell\u00eb,<\/p>\n\n\n\n<p>tek p\u00ebrzjarreshin e thyheshin <\/p>\n\n\n\n<p>rrasat e \u00e7atis\u00eb,<\/p>\n\n\n\n<p>dalzot\u00ebs \u2013 v\u00ebllap\u00ebrmalli <\/p>\n\n\n\n<p>t\u00eb b\u00ebhej ombrell\u00eb.<\/p>\n\n\n\n<p>T\u00eb merrte p\u00ebr dore arave t\u00eb gjata,<\/p>\n\n\n\n<p>m\u00ebkat t\u00eb mos l\u00ebvroheshin <\/p>\n\n\n\n<p>e t\u00eb mos mbilleshin bisht-\u00eb-m\u2019bisht<\/p>\n\n\n\n<p>dhe m\u00eb shum\u00eb se mot\u00ebr iu b\u00ebre v\u00eblla<\/p>\n\n\n\n<p>n\u00eb \u00e7do hap krah djatht\u00eb, p\u00ebrsosm\u00ebrisht!<\/p>\n\n\n\n<p>III<\/p>\n\n\n\n<p>Kur mbushe 18, u b\u00ebre nuse<\/p>\n\n\n\n<p>p\u00ebr birin e kat\u00ebrt t\u00eb n\u00ebn\u00ebs Nuri,<\/p>\n\n\n\n<p>t\u00eb quajt\u00ebn: Drenush\u00eb q\u00eb s\u2019trembet prej fushe,<\/p>\n\n\n\n<p>dor\u00ebdjathta e merakut q\u00eb ndrit\u00eb nj\u00eb sht\u00ebpi! <\/p>\n\n\n\n<p>Pas dy vitesh t\u00eb plota u b\u00ebre n\u00ebn\u00eb<\/p>\n\n\n\n<p>dhe me foshnj\u00ebn ngryk nga pun\u00ebt s\u2019u tunde,<\/p>\n\n\n\n<p>t\u00eb ndriste ninulla n\u00eb buz\u00eb rrezeh\u00ebn\u00eb, <\/p>\n\n\n\n<p>p\u00ebrderisa tet\u00eb djepa i mbushe, i p\u00ebrkunde&#8230;<\/p>\n\n\n\n<p>Kur hallet e m\u00ebdha t\u00eb trokisnin n\u00eb xham,<\/p>\n\n\n\n<p>u thoshe: mir\u00eb se vini, sht\u00ebpin\u00eb plot e kam!<\/p>\n\n\n\n<p>IV<\/p>\n\n\n\n<p>Si krah\u00eb dall\u00ebndysheje ballit t\u00ebnd t\u00eb shesht\u00eb<\/p>\n\n\n\n<p>vetullat harkore ngrysur s\u2019t\u2019i pash\u00eb kurr\u00eb,<\/p>\n\n\n\n<p>g\u00ebrshetin e lidhur me flokun e shpesht\u00eb,<\/p>\n\n\n\n<p>qerpik\u00ebt kallinj si val\u00ebzat mbi grur\u00eb!<\/p>\n\n\n\n<p>Dua t\u00eb ju shoh lart, thoshe, n\u00eb bregun e lir\u00eb<\/p>\n\n\n\n<p>atje ku del dielli q\u00eb e p\u00ebrthan\u00eb ves\u00ebn,<\/p>\n\n\n\n<p>s\u2019dua t\u2019ju gjej\u00eb agu n\u00eb shtrat t\u00eb pa gdhir\u00eb,<\/p>\n\n\n\n<p>puna b\u00ebn\u00eb t\u00eb sotmen, t\u00eb p\u00ebrndritur shpres\u00ebn! <\/p>\n\n\n\n<p>Hipur mbi nj\u00eb kal\u00eb m\u00eb nise p\u00ebr n\u00eb shkoll\u00eb,<\/p>\n\n\n\n<p>m\u00eb the: p\u00ebrtej maleve do m\u00ebsosh \u00e7far\u00eb ka,<\/p>\n\n\n\n<p>kujdes motit t\u00eb eg\u00ebr, vishu e mos rri holl\u00eb,<\/p>\n\n\n\n<p>sh\u00ebndetin dhe jet\u00ebn s\u2019ta jep kush hua. <\/p>\n\n\n\n<p>E un\u00eb ku ta dija \u00e7\u2019pesh\u00eb ka malli yt,<\/p>\n\n\n\n<p>andaj ktheva kok\u00ebn dhe nj\u00eb her\u00eb me t\u2019pa,<\/p>\n\n\n\n<p>di\u00e7ka e panjohur m\u00eb gul\u00e7oi n\u00eb fyt,<\/p>\n\n\n\n<p>sakaq nj\u00eb lot faqesh m\u2019rr\u00ebshqiti e dheut i ra.<\/p>\n\n\n\n<p>V<\/p>\n\n\n\n<p>Fund muajve kur kthehesha n\u00ebp\u00ebr balt\u00eb e bor\u00eb<\/p>\n\n\n\n<p>deri n\u00eb m\u00ebngjes m\u00eb mbaje pran\u00eb vatr\u00ebs<\/p>\n\n\n\n<p>me kok\u00ebn mb\u00ebshtetur n\u2019t\u00ebndin kraharor <\/p>\n\n\n\n<p>m\u00ebsoja sesi ec\u00ebt dhe n\u00eb teh t\u00eb shpat\u00ebs&#8230;<\/p>\n\n\n\n<p>Ashtu, k\u00ebpuc\u00eb p\u00ebr\u00e7apur udh\u00ebve t\u00eb gjata,<\/p>\n\n\n\n<p>kurr\u00eb s\u2019do e ktheja kok\u00ebn nga asgj\u00eb q\u00eb leh\u00eb&nbsp; <\/p>\n\n\n\n<p>n\u00eb dit\u00ebt e hirta, drit\u00ebn vriste nata<\/p>\n\n\n\n<p>dhe kur s\u2019t\u00eb kisha pran\u00eb tek ti gjeja streh\u00eb!<\/p>\n\n\n\n<p>\u00c7far\u00eb shihja tej maleve, mir\u00ebsit\u00eb t\u2019i tregoja,<\/p>\n\n\n\n<p>t\u00eb shtohej buz\u00ebqeshja teksa m\u00eb b\u00ebje burr\u00eb,<\/p>\n\n\n\n<p>ato q\u00eb t\u00eb ngrysnin p\u00ebrpiqesha t\u2019i mbuloja<\/p>\n\n\n\n<p>nga drit\u00ebshprehja jote q\u00eb s\u2019u ngopa kurr\u00eb!<\/p>\n\n\n\n<p>Ajo drita jote q\u00eb ngrihej mbi \u00e7do breng\u00eb<\/p>\n\n\n\n<p>qe, bekimi yt shtruar n\u00ebp\u00ebr k\u00ebng\u00eb!<\/p>\n\n\n\n<p>VI<\/p>\n\n\n\n<p>Erdhi fundi i shekullit, kudo xixa stralli<\/p>\n\n\n\n<p>plag\u00eb me er\u00eb baruti, dit\u00ebvdekje mes brigjesh<\/p>\n\n\n\n<p>dhe p\u00ebr fjal\u00ebn t\u00ebnde m\u00eb shkrumbonte malli:<\/p>\n\n\n\n<p>do b\u00ebsh krejt \u00e7far\u00eb duhet, kujdes t\u00eb mos digjesh?!<\/p>\n\n\n\n<p>N\u00eb fush\u00ebn e vdekjes u gjende papritur,<\/p>\n\n\n\n<p>n\u2019dy an\u00ebt e bregoreve plisat ran\u00eb p\u00ebrdh\u00e9,<\/p>\n\n\n\n<p>sakaq nj\u00eb z\u00eb foshnje u ngrit n\u00eb t\u00eb th\u00ebrritur&#8230;, <\/p>\n\n\n\n<p>ishte fati yt, a lindja jon\u00eb e re?<\/p>\n\n\n\n<p>Lumnaj\u00eb, gra e f\u00ebmij\u00eb n\u00ebp\u00ebr hone e gropa,<\/p>\n\n\n\n<p>derisa barbaria villte zjarr me topa.<\/p>\n\n\n\n<p>E more n\u00eb duar dhe e mb\u00ebshtolle fort, <\/p>\n\n\n\n<p>e panjohura nuse dy binjake s\u2019mbante,<\/p>\n\n\n\n<p>e quajte Kaltrin\u00eb qiejve t\u00eb pa mort,<\/p>\n\n\n\n<p>derisa mitraljeri dhe koka foshnjash hante&#8230;<\/p>\n\n\n\n<p>Shpalosje hidh\u00ebrimin n\u00eb cep t\u00eb shamis\u00eb,<\/p>\n\n\n\n<p>n\u00eb Motin e tymt\u00eb dhembjen e thell\u00eb,<\/p>\n\n\n\n<p>me nj\u00eb foshnje ngryk n\u2019preh\u00ebr t\u00eb Per\u00ebndis\u00eb,<\/p>\n\n\n\n<p>dalzot\u00ebs-ja e vetvetes n\u00ebn malet ombrell\u00eb.<\/p>\n\n\n\n<p>Sa her\u00eb hija e trupit binte kat\u00ebr k\u00ebmb\u00eb<\/p>\n\n\n\n<p>tamblatorja \u201ce Zeusit\u201d vinte p\u00ebr tu mjel\u00eb,<\/p>\n\n\n\n<p>jet\u00ebn edhe vdekjen e mbaje nd\u00ebr dh\u00ebmb\u00eb, <\/p>\n\n\n\n<p>di\u00e7ka e pamposhtur t\u00eb ting\u00ebllonte thell\u00eb.<\/p>\n\n\n\n<p>Kaltrin\u00eb, u b\u00eb dheu i lir\u00eb si\u00e7 e deshe<\/p>\n\n\n\n<p>nga burrat e mbjell\u00eb, lule n\u00eb \u00e7do skaj,<\/p>\n\n\n\n<p>zbrit\u00ebn \u00e7lirimtar\u00ebt n\u00ebp\u00ebr udh\u00eb e sheshe&#8230;,<\/p>\n\n\n\n<p>n\u00eb syt\u00eb e t\u00eb gjith\u00ebve shihje syt\u00eb e saj!<\/p>\n\n\n\n<p>P\u00ebrs\u00ebri na mblodhe n\u00eb shkrumbin e vatr\u00ebs,<\/p>\n\n\n\n<p>n\u00eb heshtjen e madhe p\u00ebrreth sofr\u00ebs boshe<\/p>\n\n\n\n<p>ku ta gjenim fillin n\u00ebn hijen e \u00e7adr\u00ebs, <\/p>\n\n\n\n<p>tek ti mbanim vesh se \u00e7far\u00eb do na thoshe.<\/p>\n\n\n\n<p>Nuk \u00ebsht\u00eb hera e par\u00eb q\u00eb u rr\u00ebzuam p\u00ebrdh\u00e9,<\/p>\n\n\n\n<p>por prap\u00eb jemi ngritur me syt\u00eb nga liria&#8230;,<\/p>\n\n\n\n<p>n\u00eb thelb gjith\u00e7ka e bukur q\u00eb ndrit\u00eb mbi atdhe<\/p>\n\n\n\n<p>ka forc\u00ebn e djepit, bekim nga sht\u00ebpia!<\/p>\n\n\n\n<p>Ati i s\u00eb tashmes duhet t\u00eb jet\u00eb ve\u00e7 dija,<\/p>\n\n\n\n<p>t\u00eb lir\u00eb e t\u2019pa cenuar mbillni dashuri,<\/p>\n\n\n\n<p>n\u00eb nj\u00eb bot\u00eb pandehmash qiejve me shk\u00ebndija<\/p>\n\n\n\n<p>ata q\u00eb harrojn\u00eb digjen p\u00ebrs\u00ebri.<\/p>\n\n\n\n<p>VII<\/p>\n\n\n\n<p>N\u00eb Fush\u00eb t\u00eb Kosov\u00ebs kur zonja Ollbrajt zbriti,<\/p>\n\n\n\n<p>se \u00e7\u2019b\u00ebnim me lirin\u00eb, pat ardhur t\u2019na shoh\u00eb,<\/p>\n\n\n\n<p>di\u00e7ka sillje n\u2019mendje n\u00ebn\u00eb, askush nuk e diti,<\/p>\n\n\n\n<p>tek hyre n\u00eb rr\u00ebnoja dhe u ktheve nd\u00ebrkoh\u00eb.<\/p>\n\n\n\n<p>Kostumin e nus\u00ebris\u00eb nga arka e djegur<\/p>\n\n\n\n<p>e nxore e shkunde e b\u00ebre pal\u00eb-pal\u00eb,<\/p>\n\n\n\n<p>s\u2019ka gj\u00eb se flak\u00ebt diku e pask\u00ebshin prekur,<\/p>\n\n\n\n<p>asaj, Zonj\u00ebs s\u00eb Qiellit, the, dua me ja fal\u00eb!<\/p>\n\n\n\n<p>Me er\u00ebn e shkrumbit mbi p\u00eblhur\u00eb t\u00eb vekut<\/p>\n\n\n\n<p>n\u00eb em\u00ebr t\u00eb n\u00ebnave q\u00eb u martirizuan<\/p>\n\n\n\n<p>n\u00eb shesh t\u00eb Prishtin\u00ebs mes djemve t\u2019dyfekut<\/p>\n\n\n\n<p>dy vajza sorkadhe n\u00eb dor\u00eb ia dor\u00ebzuan.<\/p>\n\n\n\n<p>Ngryk e mbante zonja, sikur ti Kaltrin\u00ebn,<\/p>\n\n\n\n<p>teksa ligj\u00ebronte flladiste Prishtin\u00ebn!<\/p>\n\n\n\n<p>\u00c7\u2019k\u00ebrkes\u00eb ke pasluft\u00ebs moj n\u00ebn\u00eblokja ime?<\/p>\n\n\n\n<p>ta shoh Shqip\u00ebrin\u00eb, the, t\u00eb ndalem n\u00eb Fush\u00eb Kruj\u00eb,<\/p>\n\n\n\n<p>kam nj\u00eb peng t\u00eb vjet\u00ebr p\u00ebr dad\u00ebn Qerime<\/p>\n\n\n\n<p>t\u00eb flas pak me t\u00eb dhe t\u2019i ul\u00ebm n\u2019gjunj\u00eb.<\/p>\n\n\n\n<p>Kur mb\u00ebrrit\u00ebm n\u00eb Morin\u00eb mjegulla i kish ra Drinit,<\/p>\n\n\n\n<p>sakaq nj\u00eb rrudh\u00eb t\u2019re ta pash\u00eb p\u00ebrmbi vetull:<\/p>\n\n\n\n<p>a vet\u00ebm deri k\u00ebtu \u00ebsht\u00eb hisja e \u00e7lirimit,<\/p>\n\n\n\n<p>k\u00ebshtu, prap\u00eb t\u00eb ndar\u00eb do na gjej\u00eb ky shekull?<\/p>\n\n\n\n<p>Ja Fusha e Uj\u00ebbardh\u00ebs n\u00ebn\u00eb, frym\u00eb e Albulen\u00ebs<\/p>\n\n\n\n<p>dhe si p\u00ebr \u00e7udi sot \u00ebsht\u00eb 2 shtator&#8230;<\/p>\n\n\n\n<p>\u00c7\u2019merr prej K\u00ebshtjell\u00ebs s\u00eb Kruj\u00ebs deri n\u2019cep t\u00eb Lezh\u00ebs<\/p>\n\n\n\n<p>shqip hukaste dheu agun arb\u00ebror!<\/p>\n\n\n\n<p>Por, pas vdekjes s\u00eb Gjergjit gjith\u00e7ka u b\u00eb fut\u00eb,<\/p>\n\n\n\n<p>rizgjimet dardane&#8230;, eh sa zi e mort&#8230;,<\/p>\n\n\n\n<p>dhe kur mbet atjehja pa burra e barut,<\/p>\n\n\n\n<p>jetim\u00ebt n\u00ebnsqetull k\u00ebtu i soll dada Shot\u00eb.<\/p>\n\n\n\n<p>\u201cPa m\u00eb ler\u00eb ca koh\u00eb bir\u00eb, t\u00eb rri me t\u00eb vet\u00ebm\u201d,<\/p>\n\n\n\n<p>t\u2019ia flladis pak ballin me kumtin jehon\u00eb&#8230;<\/p>\n\n\n\n<p>t\u2019i them s\u00eb, na e mbolle n\u00eb asht lirijet\u00ebn,<\/p>\n\n\n\n<p>ndritsh\u00ebm dhe lavdish\u00ebm n\u00eb nd\u00ebrgjegjen ton\u00eb!<\/p>\n\n\n\n<p>N\u00eb k\u00ebng\u00ebt kreshnike kur k\u00ebndonte baba<\/p>\n\n\n\n<p>Ajkuna arb\u00ebrore me h\u00ebn\u00ebn zem\u00ebrohej,<\/p>\n\n\n\n<p>xhubleta i qe grisur maleve t\u00eb larta<\/p>\n\n\n\n<p>7 dit\u00eb e 7 net teksa p\u00ebrgj\u00ebrohej&#8230;,<\/p>\n\n\n\n<p>priste q\u00eb Omeri nga varri t\u2019i zgjohej.<\/p>\n\n\n\n<p>\u00c7\u2019prej kur labeat\u00ebt u zun\u00eb me furtuna<\/p>\n\n\n\n<p>k\u00ebndej rron Rozafa me foshnj\u00ebn n\u00eb gji,<\/p>\n\n\n\n<p>kuror\u00eb p\u00ebrmbi Shkod\u00ebr, k\u00ebmish\u00ebn ia lan\u00eb Buna,&nbsp; <\/p>\n\n\n\n<p>kult bese shenjt\u00ebruar p\u00ebrdeg dashuri!<\/p>\n\n\n\n<p>Ecnim n\u00eb mes malesh ngado arom\u00eb deti,<\/p>\n\n\n\n<p>m\u00eb t\u00eb thell\u00eb syt\u00eb e saj sesa t\u00eb nj\u00eb poeti!<\/p>\n\n\n\n<p>Ja dhe Argjiroja, n\u00ebn\u00eb, yll q\u00eb nuk u shua&#8230;,<\/p>\n\n\n\n<p>tek s\u2019gjente shp\u00ebtimin foshnj\u00ebn ta m\u00ebkoj\u00eb,<\/p>\n\n\n\n<p>k\u00ebrceu nga kalaja mbi shk\u00ebmb u cop\u00ebtua,<\/p>\n\n\n\n<p>guri mori jet\u00eb, qum\u00ebsht zu t\u00eb pikoj\u00eb&#8230;<\/p>\n\n\n\n<p>Pas dhjet\u00eb dit\u00ebsh po ktheheshim <\/p>\n\n\n\n<p>p\u00ebrpjet\u00eb bregut t\u00eb Drinit,<\/p>\n\n\n\n<p>n\u00eb radion e makin\u00ebs s\u2019mb\u00ebrrin val\u00eb Tirane,<\/p>\n\n\n\n<p>n\u00eb mjegull\u00ebn e dendur, n\u00eb nin\u00ebz t\u00eb syrit<\/p>\n\n\n\n<p>teshtinin tetar\u00ebt me tuje e nishane.&nbsp; <\/p>\n\n\n\n<p>H\u00eb&#8230;, m\u00eb thuaj n\u00ebn\u00ebloke, si tu duk Shqip\u00ebria?<\/p>\n\n\n\n<p>Sh\u00ebmb\u00ebllen&#8230;, m\u00eb e gjer\u00eb n\u00eb \u00ebndrrat e mia!<\/p>\n","protected":false},"excerpt":{"rendered":"<p>ILIR SHAQIRI, PRISHTINE JET\u00cbDH\u00cbN\u00cbSJA IME I Erdhe nj\u00eb m\u00ebngjes tetori, 1939,&nbsp; teksa fryma e pa p\u00ebrgjumur e mosn\u00ebnshtrimeve shekullore p\u00ebrdit\u00ebsohej kodrinave t\u00eb buta t\u00eb Vitakut nga siluetat e kudondodhshme hijem\u00ebdha t\u00eb Omerit t\u00eb vog\u00ebl, tek ngrinte dylbit\u00eb andej nga vjen oshtima s\u2019e kishte do haqe t\u00eb pambyllura me krajlin.&nbsp; Grat\u00eb lanin tirq galana n\u00eb lum\u00eb&hellip;<\/p>\n","protected":false},"author":1,"featured_media":8676,"comment_status":"open","ping_status":"open","sticky":false,"template":"","format":"standard","meta":{"footnotes":""},"categories":[7],"tags":[],"class_list":["post-8675","post","type-post","status-publish","format-standard","has-post-thumbnail","hentry","category-poezi"],"_links":{"self":[{"href":"https:\/\/revistakuvendi.org\/index.php?rest_route=\/wp\/v2\/posts\/8675","targetHints":{"allow":["GET"]}}],"collection":[{"href":"https:\/\/revistakuvendi.org\/index.php?rest_route=\/wp\/v2\/posts"}],"about":[{"href":"https:\/\/revistakuvendi.org\/index.php?rest_route=\/wp\/v2\/types\/post"}],"author":[{"embeddable":true,"href":"https:\/\/revistakuvendi.org\/index.php?rest_route=\/wp\/v2\/users\/1"}],"replies":[{"embeddable":true,"href":"https:\/\/revistakuvendi.org\/index.php?rest_route=%2Fwp%2Fv2%2Fcomments&post=8675"}],"version-history":[{"count":1,"href":"https:\/\/revistakuvendi.org\/index.php?rest_route=\/wp\/v2\/posts\/8675\/revisions"}],"predecessor-version":[{"id":8677,"href":"https:\/\/revistakuvendi.org\/index.php?rest_route=\/wp\/v2\/posts\/8675\/revisions\/8677"}],"wp:featuredmedia":[{"embeddable":true,"href":"https:\/\/revistakuvendi.org\/index.php?rest_route=\/wp\/v2\/media\/8676"}],"wp:attachment":[{"href":"https:\/\/revistakuvendi.org\/index.php?rest_route=%2Fwp%2Fv2%2Fmedia&parent=8675"}],"wp:term":[{"taxonomy":"category","embeddable":true,"href":"https:\/\/revistakuvendi.org\/index.php?rest_route=%2Fwp%2Fv2%2Fcategories&post=8675"},{"taxonomy":"post_tag","embeddable":true,"href":"https:\/\/revistakuvendi.org\/index.php?rest_route=%2Fwp%2Fv2%2Ftags&post=8675"}],"curies":[{"name":"wp","href":"https:\/\/api.w.org\/{rel}","templated":true}]}}