{"id":8668,"date":"2020-11-05T17:34:14","date_gmt":"2020-11-05T17:34:14","guid":{"rendered":"http:\/\/revistakuvendi.org\/?p=8668"},"modified":"2020-11-05T17:34:14","modified_gmt":"2020-11-05T17:34:14","slug":"erinda-medolli-nga-poezite-per-konkurs","status":"publish","type":"post","link":"https:\/\/revistakuvendi.org\/?p=8668","title":{"rendered":"Erinda Medolli: nga poezite per Konkurs."},"content":{"rendered":"\n<figure class=\"wp-block-image\"><img loading=\"lazy\" decoding=\"async\" width=\"128\" height=\"160\" src=\"http:\/\/revistakuvendi.org\/wp-content\/uploads\/2020\/11\/ERI21.jpg\" alt=\"\" class=\"wp-image-8669\"\/><\/figure>\n\n\n\n<p><strong>TIRANA<\/strong><\/p>\n\n\n\n<p>Kafene moderne, drita dhe luks.<\/p>\n\n\n\n<p>Taka t\u00eb larta e z\u00ebra t\u00eb lart\u00eb,<\/p>\n\n\n\n<p>Vajza me dekolte, l\u00ebkur\u00ebl\u00ebmuara.<\/p>\n\n\n\n<p>Tirana ndryshe nga e kaluara!<\/p>\n\n\n\n<p><\/p>\n\n\n\n<p>Djem\u00eb me flok\u00eb t\u00eb prera shkurt<\/p>\n\n\n\n<p>t\u00eb b\u00ebra me xhel, si iriq, <\/p>\n\n\n\n<p>Me kufje n\u00eb vesh e tinguj k\u00ebnge,<\/p>\n\n\n\n<p>t\u00eb huaj q\u00eb flasin gjuh\u00ebn t\u00ebnde.<\/p>\n\n\n\n<p><\/p>\n\n\n\n<p>Bukuroshet shk\u00eblqejn nga d\u00ebshira.<\/p>\n\n\n\n<p>Rrotull sygjahtar\u00ebt, dinak\u00eb, t\u00eb\npabes\u00eb<\/p>\n\n\n\n<p>Dikush ka mall p\u00ebr Tiran\u00ebn e djeshme<\/p>\n\n\n\n<p>t\u00eb tjer\u00eb virtytin e lan\u00eb t\u00eb vdes\u00eb!<\/p>\n\n\n\n<p><\/p>\n\n\n\n<p>Nj\u00eb \u00e7ift puthet para syve t\u00eb tyre<\/p>\n\n\n\n<p>Puthjen s\u2019e dalloje dot nga\nkafshimi,<\/p>\n\n\n\n<p>As fest\u00ebn nga lufta, lindjen nga\nvrasja,<\/p>\n\n\n\n<p>as dashurin\u00eb nga p\u00ebrdhunimi\u2026<\/p>\n\n\n\n<p><\/p>\n\n\n\n<p>\u00c7\u2019em\u00ebr t\u2019i vendos puthjes s\u00eb atij\n\u00e7iftit,<\/p>\n\n\n\n<p>Dashuri e lumtur apo forc\u00ebrim?<\/p>\n\n\n\n<p>Dashuria duhet t\u00eb ishte e but\u00eb,<\/p>\n\n\n\n<p>si pambuku i bardh\u00eb, n\u00eb lul\u00ebzim.<\/p>\n\n\n\n<p><\/p>\n\n\n\n<p>Veshur me rroba q\u00eb binin n\u00eb sy<\/p>\n\n\n\n<p>N\u00eb Tiran\u00ebn, kryeqytet t\u00eb shqiptar\u00ebve<\/p>\n\n\n\n<p>K\u00ebrcisnin k\u00ebpuc\u00ebt e shtrenjta\nitaliane<\/p>\n\n\n\n<p>mbi pllakat e thyera t\u00eb trotuar\u00ebve.<\/p>\n\n\n\n<p><\/p>\n\n\n\n<p>I ka humbur kuptimi p\u00ebrshtypjes!<\/p>\n\n\n\n<p>Pronar\u00ebt e butik\u00ebve modern\u00eb, dilnin\njasht\u00eb.<\/p>\n\n\n\n<p>Ata largonin me fjal\u00eb t\u00eb ashpra\nlyp\u00ebsit,<\/p>\n\n\n\n<p>q\u00eb zgjidhnin t\u00eb kryenin ritin e\np\u00ebrditsh\u00ebm&#8230; <\/p>\n\n\n\n<p>Zoti t\u00eb dhasht\u00eb!<\/p>\n","protected":false},"excerpt":{"rendered":"<p>TIRANA Kafene moderne, drita dhe luks. Taka t\u00eb larta e z\u00ebra t\u00eb lart\u00eb, Vajza me dekolte, l\u00ebkur\u00ebl\u00ebmuara. Tirana ndryshe nga e kaluara! Djem\u00eb me flok\u00eb t\u00eb prera shkurt t\u00eb b\u00ebra me xhel, si iriq, Me kufje n\u00eb vesh e tinguj k\u00ebnge, t\u00eb huaj q\u00eb flasin gjuh\u00ebn t\u00ebnde. Bukuroshet shk\u00eblqejn nga d\u00ebshira. Rrotull sygjahtar\u00ebt, dinak\u00eb, t\u00eb&hellip;<\/p>\n","protected":false},"author":1,"featured_media":8669,"comment_status":"open","ping_status":"open","sticky":false,"template":"","format":"standard","meta":{"footnotes":""},"categories":[7],"tags":[],"class_list":["post-8668","post","type-post","status-publish","format-standard","has-post-thumbnail","hentry","category-poezi"],"_links":{"self":[{"href":"https:\/\/revistakuvendi.org\/index.php?rest_route=\/wp\/v2\/posts\/8668","targetHints":{"allow":["GET"]}}],"collection":[{"href":"https:\/\/revistakuvendi.org\/index.php?rest_route=\/wp\/v2\/posts"}],"about":[{"href":"https:\/\/revistakuvendi.org\/index.php?rest_route=\/wp\/v2\/types\/post"}],"author":[{"embeddable":true,"href":"https:\/\/revistakuvendi.org\/index.php?rest_route=\/wp\/v2\/users\/1"}],"replies":[{"embeddable":true,"href":"https:\/\/revistakuvendi.org\/index.php?rest_route=%2Fwp%2Fv2%2Fcomments&post=8668"}],"version-history":[{"count":1,"href":"https:\/\/revistakuvendi.org\/index.php?rest_route=\/wp\/v2\/posts\/8668\/revisions"}],"predecessor-version":[{"id":8670,"href":"https:\/\/revistakuvendi.org\/index.php?rest_route=\/wp\/v2\/posts\/8668\/revisions\/8670"}],"wp:featuredmedia":[{"embeddable":true,"href":"https:\/\/revistakuvendi.org\/index.php?rest_route=\/wp\/v2\/media\/8669"}],"wp:attachment":[{"href":"https:\/\/revistakuvendi.org\/index.php?rest_route=%2Fwp%2Fv2%2Fmedia&parent=8668"}],"wp:term":[{"taxonomy":"category","embeddable":true,"href":"https:\/\/revistakuvendi.org\/index.php?rest_route=%2Fwp%2Fv2%2Fcategories&post=8668"},{"taxonomy":"post_tag","embeddable":true,"href":"https:\/\/revistakuvendi.org\/index.php?rest_route=%2Fwp%2Fv2%2Ftags&post=8668"}],"curies":[{"name":"wp","href":"https:\/\/api.w.org\/{rel}","templated":true}]}}