{"id":8654,"date":"2020-10-30T19:00:40","date_gmt":"2020-10-30T19:00:40","guid":{"rendered":"http:\/\/revistakuvendi.org\/?p=8654"},"modified":"2020-10-30T21:20:10","modified_gmt":"2020-10-30T21:20:10","slug":"urime-kuvendit-te-vatres-me-31-tetorit-2020","status":"publish","type":"post","link":"https:\/\/revistakuvendi.org\/?p=8654","title":{"rendered":"URIME KUVENDIT TE VATRES ME 31 TETORIT 2020!"},"content":{"rendered":"\n<figure class=\"wp-block-image\"><img loading=\"lazy\" decoding=\"async\" width=\"160\" height=\"78\" src=\"http:\/\/revistakuvendi.org\/wp-content\/uploads\/2020\/10\/vatra-per-koopertine.png\" alt=\"\" class=\"wp-image-8655\"\/><\/figure>\n\n\n\n<p>VATRA QE DO T\u00cb VAZHDOJ\u00cb\nRRUG\u00cbN E FILLIMIT<\/p>\n\n\n\n<p><strong>Nga Pjet\u00ebr Jaku<\/strong><\/p>\n\n\n\n<p>Vatra q\u00eb u krijua tetorin e vitit t\u00eb kaluar, do jet\u00eb VATRA e v\u00ebrtet\u00eb, n\u00eb vazhdim t\u00eb  rrug\u00ebs se fillimit t\u00eb saj, pa asnj\u00eb devijim, si\u00e7 po ndodh k\u00ebto tri vitet e fundit, me futjen e komunist\u00ebve, hajdut\u00ebve dhe ish sigurimsave n\u00eb Vatr\u00ebn ekzistuese. Qendrimet e k\u00ebsaj Vatre q\u00eb kemi, nuk kan\u00eb asgj\u00eb t\u00eb p\u00ebrbashk\u00ebt me idealet e vatran\u00ebve q\u00eb e krijuan dhe qellimin e tyre. Sot p\u00ebr sot, ajo \u00ebsht\u00eb e gjitha n\u00eb ndihm\u00eb t\u00eb majtist\u00ebve, qoft\u00eb n\u00eb trojet shqiptare, t\u00eb cilat i mbrojti dikur, duke p\u00ebrfaq\u00ebsuar shqiptar\u00ebt n\u00eb Amerik\u00eb dhe Organizma nd\u00ebrkomb\u00ebtare, si t\u00eb ishte nj\u00eb Qeveri n\u00eb m\u00ebrgim, edhe kur Shqip\u00ebria nuk kisht\u00eb marr\u00ebdhenie me disa vende per\u00ebndimore e, sidomos me Ameriken. KOMISIONI VATRA \u2013 5 TETORI, n\u00eb p\u00ebrb\u00ebrjen e tij ka vatran\u00eb t\u00eb bindur p\u00ebr t\u00eb vazhduar rrugen p\u00ebr t\u00eb cilen u krijua Panfederata me t\u00eb nj\u00ebjtin em\u00ebr. N\u00eb historikun e saj, gati 110 vje\u00e7ar, Vatra ka pasur disa her\u00eb paknaq\u00ebsi dhe ndarje, por bashk\u00ebbisedimet e kan\u00eb \u00e7uar p\u00ebrher\u00eb drejt bashkimit dhe marr\u00ebveshjeve. Futja e disa vatran\u00ebve, sidomos pas vitit 2015, ku edhe qeverin\u00eb shqiptare e moren komunsitat e tipit Rama-Ruci, e b\u00ebn\u00eb at\u00eb t\u00eb afrohet drejt tyre dhe t\u00eb bier\u00eb totalisht n\u00eb preher. Pik\u00ebrisht p\u00ebr k\u00ebt\u00eb dhe p\u00ebr akuzat ( q\u00eb do t\u00eb zgjidhen s\u00eb shpejti ) KOMISIONI 5 TETORI KRIJOJI VATR\u00cbN E VJET\u00cbR ( T\u00cb RE) P\u00cbR T\u00cb VAZHDUAR UDH\u00cbN E NISUR Q\u00cb N\u00cb VITIN E LARG\u00cbT 1911!<\/p>\n\n\n\n<figure class=\"wp-block-image\"><img loading=\"lazy\" decoding=\"async\" width=\"336\" height=\"428\" src=\"http:\/\/revistakuvendi.org\/wp-content\/uploads\/2020\/10\/vatra.png\" alt=\"\" class=\"wp-image-8656\" srcset=\"https:\/\/revistakuvendi.org\/wp-content\/uploads\/2020\/10\/vatra.png 336w, https:\/\/revistakuvendi.org\/wp-content\/uploads\/2020\/10\/vatra-236x300.png 236w\" sizes=\"auto, (max-width: 336px) 100vw, 336px\" \/><\/figure>\n\n\n\n<p>URIME VATR\u00cbS S\u00cb V\u00cbRTET\u00cb\nDHE KUVENDIT T\u00cb SAJ!<\/p>\n\n\n\n<p>Jemi n\u00eb nj\u00eb vit jasht\u00ebzakonsh\u00ebm t\u00eb zgjedhjeve Presidenciale n\u00eb Amerik\u00eb, n\u00eb vendin ku\u00a0 jetojn\u00eb nj\u00eb million e m\u00eb shum\u00eb shqiptar\u00eb dhe, Vatra tradicionale, q\u00eb mban emrin e fillimit, ende nuk ka dal\u00eb me nj\u00eb deklarat\u00eb mb\u00ebshtet\u00ebse p\u00ebr Presidentin Donald J. TRUMP, nd\u00ebrsa kan\u00eb inkurajuar indirekt disa \u201cvatran\u00eb\u201d (vet\u00ebm n\u00eb Detroit) p\u00ebr ta mb\u00ebshtetur. Kjo \u00ebsht\u00eb nj\u00eb taktik\u00eb extra komuniste, p\u00ebr ta pas\u00eb mire me dy kahjet, por m\u00eb shum\u00eb me t\u00eb majt\u00ebt. Jo m\u00eb larg se para 4 dit\u00ebsh\u201d Dielli\u201d, si organ historik i k\u00ebsaj Vatre, publikon shkrime kilomterike kund\u00ebr Presidentit TRUMP! ( Shih Sami Repishtin 26 tetor 2020!) Asnj\u00eb reagim deri m\u00eb sot, duke q\u00ebn\u00eb koh\u00eb e mjaftueshme p\u00ebr t\u00eb reaguar\u2026 vet\u00ebm kjo do t\u00eb mjaftonte p\u00ebr ta ditur se m\u00eb k\u00eb \u00ebsht\u00eb Vatra e sotme e cunguar dhe e mbetur vet\u00ebm.<\/p>\n\n\n\n<p>PUNIME TE MBARA E\nVENDIME T\u00cb MIRA VATR\u00cbS Q\u00cb PO MBAN KUVENDIN E SAJ! URIME P\u00cbR BULETININ E\nPUBLIKUAR K\u00cbTO MUAJT E FUNDIT!<\/p>\n\n\n\n<figure class=\"wp-block-image\"><img loading=\"lazy\" decoding=\"async\" width=\"336\" height=\"410\" src=\"http:\/\/revistakuvendi.org\/wp-content\/uploads\/2020\/10\/vatra-1.png\" alt=\"\" class=\"wp-image-8657\" srcset=\"https:\/\/revistakuvendi.org\/wp-content\/uploads\/2020\/10\/vatra-1.png 336w, https:\/\/revistakuvendi.org\/wp-content\/uploads\/2020\/10\/vatra-1-246x300.png 246w\" sizes=\"auto, (max-width: 336px) 100vw, 336px\" \/><\/figure>\n\n\n\n<p>Nj\u00eb falenderim p\u00ebr Komisionin\ndhe ftes\u00ebn e d\u00ebrguar, n\u00eb pamund\u00ebsi p\u00ebr t\u00eb q\u00ebn\u00eb i pranish\u00ebm!<\/p>\n","protected":false},"excerpt":{"rendered":"<p>VATRA QE DO T\u00cb VAZHDOJ\u00cb RRUG\u00cbN E FILLIMIT Nga Pjet\u00ebr Jaku Vatra q\u00eb u krijua tetorin e vitit t\u00eb kaluar, do jet\u00eb VATRA e v\u00ebrtet\u00eb, n\u00eb vazhdim t\u00eb rrug\u00ebs se fillimit t\u00eb saj, pa asnj\u00eb devijim, si\u00e7 po ndodh k\u00ebto tri vitet e fundit, me futjen e komunist\u00ebve, hajdut\u00ebve dhe ish sigurimsave n\u00eb Vatr\u00ebn ekzistuese.&hellip;<\/p>\n","protected":false},"author":1,"featured_media":8655,"comment_status":"open","ping_status":"open","sticky":false,"template":"","format":"standard","meta":{"footnotes":""},"categories":[12],"tags":[],"class_list":["post-8654","post","type-post","status-publish","format-standard","has-post-thumbnail","hentry","category-jete-komuniteti"],"_links":{"self":[{"href":"https:\/\/revistakuvendi.org\/index.php?rest_route=\/wp\/v2\/posts\/8654","targetHints":{"allow":["GET"]}}],"collection":[{"href":"https:\/\/revistakuvendi.org\/index.php?rest_route=\/wp\/v2\/posts"}],"about":[{"href":"https:\/\/revistakuvendi.org\/index.php?rest_route=\/wp\/v2\/types\/post"}],"author":[{"embeddable":true,"href":"https:\/\/revistakuvendi.org\/index.php?rest_route=\/wp\/v2\/users\/1"}],"replies":[{"embeddable":true,"href":"https:\/\/revistakuvendi.org\/index.php?rest_route=%2Fwp%2Fv2%2Fcomments&post=8654"}],"version-history":[{"count":4,"href":"https:\/\/revistakuvendi.org\/index.php?rest_route=\/wp\/v2\/posts\/8654\/revisions"}],"predecessor-version":[{"id":8662,"href":"https:\/\/revistakuvendi.org\/index.php?rest_route=\/wp\/v2\/posts\/8654\/revisions\/8662"}],"wp:featuredmedia":[{"embeddable":true,"href":"https:\/\/revistakuvendi.org\/index.php?rest_route=\/wp\/v2\/media\/8655"}],"wp:attachment":[{"href":"https:\/\/revistakuvendi.org\/index.php?rest_route=%2Fwp%2Fv2%2Fmedia&parent=8654"}],"wp:term":[{"taxonomy":"category","embeddable":true,"href":"https:\/\/revistakuvendi.org\/index.php?rest_route=%2Fwp%2Fv2%2Fcategories&post=8654"},{"taxonomy":"post_tag","embeddable":true,"href":"https:\/\/revistakuvendi.org\/index.php?rest_route=%2Fwp%2Fv2%2Ftags&post=8654"}],"curies":[{"name":"wp","href":"https:\/\/api.w.org\/{rel}","templated":true}]}}