{"id":8636,"date":"2020-10-23T16:45:06","date_gmt":"2020-10-23T16:45:06","guid":{"rendered":"http:\/\/revistakuvendi.org\/?p=8636"},"modified":"2020-10-23T16:56:43","modified_gmt":"2020-10-23T16:56:43","slug":"festimi-i-datelindjes-se-fishtes-per-here-te-pare-ne-detroit-reagim","status":"publish","type":"post","link":"https:\/\/revistakuvendi.org\/?p=8636","title":{"rendered":"Fishtes, per here te pare i festohet datelindja ne Diasporen e Amerikes, nga Kuvendi!"},"content":{"rendered":"\n<figure class=\"wp-block-image\"><img loading=\"lazy\" decoding=\"async\" width=\"158\" height=\"160\" src=\"http:\/\/revistakuvendi.org\/wp-content\/uploads\/2020\/10\/l0g0.png\" alt=\"\" class=\"wp-image-8637\" srcset=\"https:\/\/revistakuvendi.org\/wp-content\/uploads\/2020\/10\/l0g0.png 158w, https:\/\/revistakuvendi.org\/wp-content\/uploads\/2020\/10\/l0g0-50x50.png 50w\" sizes=\"auto, (max-width: 158px) 100vw, 158px\" \/><\/figure>\n\n\n\n<p>\u2026dhe Fjalori i par\u00eb fishtjan, botim i Shoqerise Botuese \u201cKuvendit\u201d<\/p>\n\n\n\n<p>( Per dijeni Frano Kullit, kryeministrit, dhe te gjitha qeverive shqiptare, nga viti 1992 e deri me sot!)<\/p>\n\n\n\n<p>Nga PJETER JAKU<\/p>\n\n\n\n<p>Si sot 20 vjet m\u00eb par\u00eb Kuvendi organizoi mbr\u00ebmjen e par\u00eb t\u00eb leximeve\nkolektive me krijimtarin\u00eb e Fisht\u00ebs, n\u00eb 130 vjetorin e lindjes s\u00eb Poetit, kur\npara nj\u00eb viti Qeveria Shqiptare organizoi Drejtorin\u00eb e Leximeve. Asnj\u00eb fjal\u00eb p\u00ebr\nk\u00ebt\u00eb veprimtari, q\u00eb nderoi emrin e nj\u00eb krijuesi t\u00eb nderuar. Shum\u00eb vjeshta kan\u00eb\nkaluar pas 90-t\u00ebs, por Fishten, asnj\u00ebri s\u2019u p\u00ebrpoq&nbsp; ta argumentoje p\u00ebr vlerat letrare t\u00eb Lahutes\ns\u00eb Malcis, ku edhe u p\u00ebrfol n\u00eb koh\u00ebn e realizmit socialist nga Kadare e ndonj\u00eb\ntjet\u00ebr. Vet\u00ebm k\u00ebshtu \u201cmbrohet\u201d krijimtaria e mbrojtur natyrsh\u00ebm e Fisht\u00ebs nga\ndenigrimi dashakeq\u00ebs. Analizat e deritashme, n\u00eb p\u00ebrgjith\u00ebsi kan\u00eb fytyr\u00eb\npolitike, tradicionale, empirike, folklorike dhe historike, kur FISHTA ka shum\u00eb\nma shum\u00eb vlera letrare, tuj fillu nga figurcioni e tuj p\u00ebrfundu te leksiku. Nuk\nthuhet pa qellim : \u201c Gjuha t\u00eb mbyt, argument t\u00eb shp\u00ebton\u201d. Por, do Zoti jemi n\u00eb epoken\ne&nbsp; publikimeve, ku secili ka media p\u00ebrsonale\ndhe shp\u00ebrndarja \u00ebsht\u00eb shum\u00eb m\u00eb e madhe se e mjeteve shtetrore ose private, t\u00eb\n\u201cm\u00ebdha\u201d.<\/p>\n\n\n\n<p>N\u00eb Gushtin e vitit 2001, Kuvendi b\u00ebri takimin e par\u00eb me disa p\u00ebrsonalitete\nt\u00eb kultures t\u00eb emigruar dhe, sidomos me kleriket Dom Anton K\u00e7ira dhe Dom Fred\nKalaj. Me 23 tettor u b\u00eb takimi, ku ve\u00e7 vargjeve t\u00eb recituara e lexuara nga t\u00eb\npranishmit u b\u00eb dhe promovimi i nj\u00eb disku t\u00eb Artistit t\u00eb Merituar , Sali Mani, i\ncili ishte i pranish\u00ebm, banues n\u00eb Detroit. Askund dhe asgje nuk u tha, ve\u00e7 s\u00eb p\u00ebrmuajshmes\n\u201cKuvendi\u201d.<\/p>\n\n\n\n<p>Nj\u00eb vit m\u00eb von\u00eb ky takim, u b\u00eb filles\u00eb e Dit\u00ebve t\u00eb Let\u00ebrsis\u00eb Shqipe n\u00eb\nAmerik\u00eb, shum\u00eb m\u00eb e organizuar, po me 23 tetor t\u00eb vitit 2002, dhe n\u00eb vazhdim\nderi m\u00eb sot, \u00e7do vit u organizuan Dit\u00ebt e Let\u00ebrsis\u00eb n\u00eb Tetor, po n\u00eb kujtim t\u00eb\nFishtes, por me pjes\u00ebmarrjen e pranin\u00eb dhe t\u00eb autor\u00ebve t\u00eb tjer\u00eb shqiptar\u00eb t\u00eb t\u00eb\ngjitha kohrave&nbsp; e krahinave. N\u00eb k\u00ebto net\u00eb\n( Tri net\u00eb n\u00eb vit ) n\u00eb jav\u00ebn e fundit t\u00eb tetorit t\u00eb \u00e7do viti, u lexuan poezi, u\nndan\u00eb \u00e7mime t\u00eb vler\u00ebsuara nga Juri prej poet\u00ebsh t\u00eb njohur, u takuan autor\u00eb q\u00eb\njetonin e punonin , jo ve\u00e7 n\u00eb Amerik\u00eb, por edhe nga Europa q\u00eb udh\u00ebtonin p\u00ebr k\u00ebt\u00eb\nfest\u00eb letrare, q\u00eb askujt nga Qeveria Shqiptare, ( as e Shqip\u00ebris\u00eb, as e Kosov\u00ebs\n) , edhe pse Ambasador\u00ebt e tyre merrnin pjes\u00eb, nuk u kujtua ta p\u00ebrmend, qoft\u00eb\nedhe nj\u00ebher\u00eb t\u00eb vetme, p\u00ebr k\u00ebt\u00eb pun\u00eb e organizim t\u00eb papaguar, q\u00eb e b\u00ebnte\nRevista \u201cKuvendi\u201d, me bashk\u00ebpun\u00ebrtor\u00ebt e saj. Deri k\u00ebtu \u00ebsht\u00eb shum\u00eb m\u00eb mir\u00eb q\u00eb\nFishten e kujtuam larg vendlindjes.<\/p>\n\n\n\n<p>Sot, 23 tetor 2020, n\u00eb p\u00ebrkujtim t\u00eb dat\u00eblindjes s\u00eb tij, n\u00eb Fisht\u00eb dhe,\nbash te kulla ku ka lindur, u b\u00eb nj\u00eb takim p\u00ebr ta p\u00ebrkujtuar. Dhe, kur n\u00eb prag\nt\u00eb Fushat\u00ebs, i pranish\u00ebm ishte dhe Kryeministri me ministren Panariti. Frano\nKulli, pronari i Sht\u00ebpis\u00eb Botuese dhe Shtypshkronj\u00ebs \u201c Gjergj Fishta\u201d mbajti\nfjal\u00ebn e rastit. Ajo q\u00eb m\u00eb b\u00ebri p\u00ebrshtypje ishte pseh-ja e mos p\u00ebrmendjes s\u00eb\nFjalorit Fishtjan, q\u00eb Shoq\u00ebria Botuese \u201c KUVENDI\u201d e publikoi q\u00eb n\u00eb vitin 2001,\nbashk\u00eb me \u201c Vlerat Letrare ne Lahuten e Malcis\u201d dhe \u201c Vargje t\u00eb zgjedhura nga\npoezia e Fishtes\u201d. N\u00eb nj\u00eb an\u00eb ia di p\u00ebr nder q\u00eb nuk ma p\u00ebrmendi emrin para\nkryeministrit, q\u00eb partia e tij dhe t\u00eb par\u00ebt e tij ia humben eshtrat e, tani, po\nvajtojn\u00eb kull\u00ebn, kur nuk kan\u00eb \u00e7\u2019t\u00eb fusin brenda.<\/p>\n\n\n\n<p>Fjalori Fishtjan tani po ripunohet dhe \u00ebsht\u00eb n\u00eb dor\u00ebn e fundit, nga autori\ni k\u00ebtij sh\u00ebnimi, me redkator e recensent t\u00eb njohur n\u00eb fush\u00ebn e gjuh\u00ebsis\u00eb. Gjith\u00ebkush\nmund t\u00eb botoj tjet\u00ebr, por do jen\u00eb pik\u00ebrisht ata, q\u00eb n\u00eb&nbsp; 30 vjet hapje, nuk u kujtuan aq shum\u00eb p\u00ebr\nFisht\u00ebn e , tani\u2026 von\u00eb nuk \u00ebsht\u00eb kurr\u00eb!<\/p>\n\n\n\n<figure class=\"wp-block-image\"><img loading=\"lazy\" decoding=\"async\" width=\"553\" height=\"342\" src=\"http:\/\/revistakuvendi.org\/wp-content\/uploads\/2020\/10\/DIT-TE-LET-FOTO-E-PARE.png\" alt=\"\" class=\"wp-image-8638\" srcset=\"https:\/\/revistakuvendi.org\/wp-content\/uploads\/2020\/10\/DIT-TE-LET-FOTO-E-PARE.png 553w, https:\/\/revistakuvendi.org\/wp-content\/uploads\/2020\/10\/DIT-TE-LET-FOTO-E-PARE-300x186.png 300w\" sizes=\"auto, (max-width: 553px) 100vw, 553px\" \/><\/figure>\n\n\n\n<p>Takimi i pare ne Restorantin \u201c Denis\u201d\nper te perkujtuar 130 vjetorin e lindjes se Fishtes,<\/p>\n\n\n\n<p>Michigan, Shtator 2001<\/p>\n\n\n\n<p>Nga e majta reth; Pjeter Jaku, Arian\nGruda, Dom Anton K\u00e7ira, Dom Fred Kalaj, Kanto Dushaj,<\/p>\n\n\n\n<p>Gjergj Ivezaj, Besnik Bezhi, Luigj\nGjokaj, Dod\u00eb Nikolla, Enver Isufi, Mergim Korca (!), (!),<\/p>\n\n\n\n<p>Kol\u00eb Goj\u00e7aj.<\/p>\n","protected":false},"excerpt":{"rendered":"<p>\u2026dhe Fjalori i par\u00eb fishtjan, botim i Shoqerise Botuese \u201cKuvendit\u201d ( Per dijeni Frano Kullit, kryeministrit, dhe te gjitha qeverive shqiptare, nga viti 1992 e deri me sot!) Nga PJETER JAKU Si sot 20 vjet m\u00eb par\u00eb Kuvendi organizoi mbr\u00ebmjen e par\u00eb t\u00eb leximeve kolektive me krijimtarin\u00eb e Fisht\u00ebs, n\u00eb 130 vjetorin e lindjes s\u00eb&hellip;<\/p>\n","protected":false},"author":1,"featured_media":8637,"comment_status":"open","ping_status":"open","sticky":false,"template":"","format":"standard","meta":{"footnotes":""},"categories":[5],"tags":[],"class_list":["post-8636","post","type-post","status-publish","format-standard","has-post-thumbnail","hentry","category-letersi"],"_links":{"self":[{"href":"https:\/\/revistakuvendi.org\/index.php?rest_route=\/wp\/v2\/posts\/8636","targetHints":{"allow":["GET"]}}],"collection":[{"href":"https:\/\/revistakuvendi.org\/index.php?rest_route=\/wp\/v2\/posts"}],"about":[{"href":"https:\/\/revistakuvendi.org\/index.php?rest_route=\/wp\/v2\/types\/post"}],"author":[{"embeddable":true,"href":"https:\/\/revistakuvendi.org\/index.php?rest_route=\/wp\/v2\/users\/1"}],"replies":[{"embeddable":true,"href":"https:\/\/revistakuvendi.org\/index.php?rest_route=%2Fwp%2Fv2%2Fcomments&post=8636"}],"version-history":[{"count":2,"href":"https:\/\/revistakuvendi.org\/index.php?rest_route=\/wp\/v2\/posts\/8636\/revisions"}],"predecessor-version":[{"id":8640,"href":"https:\/\/revistakuvendi.org\/index.php?rest_route=\/wp\/v2\/posts\/8636\/revisions\/8640"}],"wp:featuredmedia":[{"embeddable":true,"href":"https:\/\/revistakuvendi.org\/index.php?rest_route=\/wp\/v2\/media\/8637"}],"wp:attachment":[{"href":"https:\/\/revistakuvendi.org\/index.php?rest_route=%2Fwp%2Fv2%2Fmedia&parent=8636"}],"wp:term":[{"taxonomy":"category","embeddable":true,"href":"https:\/\/revistakuvendi.org\/index.php?rest_route=%2Fwp%2Fv2%2Fcategories&post=8636"},{"taxonomy":"post_tag","embeddable":true,"href":"https:\/\/revistakuvendi.org\/index.php?rest_route=%2Fwp%2Fv2%2Ftags&post=8636"}],"curies":[{"name":"wp","href":"https:\/\/api.w.org\/{rel}","templated":true}]}}