{"id":8613,"date":"2020-10-12T23:04:01","date_gmt":"2020-10-12T23:04:01","guid":{"rendered":"http:\/\/revistakuvendi.org\/?p=8613"},"modified":"2020-10-12T23:04:01","modified_gmt":"2020-10-12T23:04:01","slug":"pse-elmi-berisha-po-e-keqperdor-deren-e-vatres","status":"publish","type":"post","link":"https:\/\/revistakuvendi.org\/?p=8613","title":{"rendered":"Pse Elmi Berisha po e keqp\u00ebrdor der\u00ebn e &#8220;VATR\u00cbS&#8221;?"},"content":{"rendered":"\n<figure class=\"wp-block-image\"><img loading=\"lazy\" decoding=\"async\" width=\"151\" height=\"160\" src=\"http:\/\/revistakuvendi.org\/wp-content\/uploads\/2020\/10\/skender-karacica.png\" alt=\"\" class=\"wp-image-8614\"\/><\/figure>\n\n\n\n<p>By&nbsp;<a href=\"https:\/\/www.voal.ch\/author\/voal-admin\/\">voal.ch<\/a>&nbsp;| October 8,\n2020<\/p>\n\n\n\n<p><strong>Nga Sk\u00ebnder Kara\u00e7ica<\/strong><\/p>\n\n\n\n<p><strong>N\u00eb vend t\u00eb reagimit<\/strong><\/p>\n\n\n\n<p><em>Koh\u00ebve t\u00eb fundit po dalin disa p\u00ebrsona t\u00eb diaspior\u00ebs shqiptare n\u00eb\nAmerik\u00eb dhe n\u00eb stilin e loj\u00ebs:Kush zgjohet m\u00eb her\u00ebt n\u00eb m\u00ebngjes dhe po vrapojn\u00eb\npas kapu\u00e7it t\u00eb madh dhe n\u00eb vet\u00ebn e par\u00eb,,Un\u00eb kam b\u00ebr\u00eb e kam punuar p\u00ebr \u00e7\u00ebshtjen\nshqiptare,,(sic!)dhe vrap tek titujt dhe mir\u00ebnjohjet\u2026(sic!).<\/em><\/p>\n\n\n\n<p><em>Kjo q\u00eb po ndodh\u00eb \u00ebsht\u00eb p\u00ebr t\u00eb adhur keq!Figur\u00ebn e Elmi Berish\u00ebs n\u00eb\nNju Jork dhe n\u00eb p\u00ebrgjith\u00ebsi pakkush e njeh n\u00eb rrethet e diaspor\u00ebs shqiptare n\u00eb\nAmerik\u00eb!Ky njeri&nbsp;\u00ebsht\u00eb &nbsp;ve\u00e7se nj\u00eb veprimtar i thjesht\u00eb q\u00eb nuk ka b\u00ebr\u00eb\nasgj\u00eb m\u00eb shum\u00eb se sa t\u00eb tjer\u00ebt n\u00eb rrethet e diaspor\u00ebs shqiptare n\u00eb Amerik\u00eb.<\/em><\/p>\n\n\n\n<p><em>Kjo q\u00eb po ndodh\u00eb me Elmi Berish\u00ebn \u00ebsht\u00eb p\u00ebr t\u00eb adhur keq.Pse kaq\nshum\u00eb yryshet e tij p\u00ebr ,,karier\u00eb politike,,(sic!)kur dihet se n\u00eb Amerik\u00eb ka me\ndhjetra e qindra burra e gra shqiptar\u00eb nga trojet tona etnike,q\u00eb kan\u00eb b\u00ebr\u00eb\nshum\u00eb p\u00ebr \u00e7\u00ebshtjen komb\u00ebtare dhe p\u00ebr pjes\u00ebn m\u00eb t\u00eb dhimbshme t\u00eb atdheut p\u00ebr Kosov\u00ebn\ndhe z\u00ebrin e saj t\u00eb kryengritjeve kund\u00ebr regjimeve antishqiptare t\u00eb Serbis\u00eb.Kur\ni doli ,,hise,,Elmi Berish\u00ebs&nbsp;p\u00ebrmes ,,Vatr\u00ebs,,si amblema jon\u00eb komb\u00ebtare n\u00eb\nAmerik\u00eb,q\u00eb t\u00eb marr\u00eb udh\u00eb si i pari i saj dhe yryshet e tij p\u00ebr t\u00eb grabitur sa\nm\u00eb shum\u00eb tituj dhe mir\u00ebnjohje q\u00eb,dor\u00ebn n\u00eb zem\u00ebr nuk ka b\u00ebr\u00eb asgj\u00eb m\u00eb shum\u00eb se\nsa t\u00eb tjer\u00ebt.Madje,ky veprimtar i thjesht\u00eb q\u00eb si biznes e kishte nj\u00eb piceri n\u00eb\nNju Jork dhe p\u00ebr shkall\u00ebn e tij profesionale ,,shkencore,,as q\u00eb mund t\u00eb b\u00ebhet\nfjal\u00eb,universiteti ,,Laurasi,,n\u00eb Vlor\u00eb i akordon titullin,,Honoris\nCausa,,(sic!)dhe p\u00ebrzgjidhet si ligj\u00ebrues i k\u00ebtij tempulli t\u00eb dijes(sic!).<\/em><\/p>\n\n\n\n<p><em>Kjo \u00ebsht\u00eb e tep\u00ebrt p\u00ebr Elmi Beish\u00ebn!Ky njeri po e theksojm\u00eb s\u00ebrish\ntash sa koh\u00eb po vrapon pas kapu\u00e7it t\u00eb madh dhe nuk \u00ebsht\u00eb larg koha kur ky\nveprimtar i thjesht\u00eb vraponte pas zgjedhjeve komunale n\u00eb Kosov\u00eb dhe kishte p\u00ebr\nsynim q\u00eb t\u00eb b\u00ebhej kyetar i qytetit t\u00eb Pej\u00ebs(sic!).Nd\u00ebrkaq nuk dihet se si erdhi\nn\u00eb der\u00ebn e ,,VATR\u00cbS,,dhe posa e hapi der\u00ebn e saj historike komb\u00ebtare me seli n\u00eb\nNju Jork e ,,shpaloi platform\u00ebn,,p\u00ebr t\u00eb marr\u00eb udh\u00ebn e karier\u00ebs s\u00eb tij p\u00ebrsonale\ne m\u00eb pak p\u00ebr t\u00eb mos th\u00ebn\u00eb fare p\u00ebr ndonj\u00eb ,,projekt,,komb\u00ebtar\u2026!Kjo po shihet\nnga t\u00eb gjitha an\u00ebt se Elmi Berisha ua ka z\u00ebn\u00eb udh\u00ebn t\u00eb tjer\u00ebve q\u00eb kan\u00eb b\u00ebr\u00eb\nshum\u00eb dhe m\u00eb shum\u00eb se ai n\u00eb krah t\u00eb \u00e7\u00ebshtjes shqiptare n\u00eb Ballkan dhe p\u00ebr\nlirin\u00eb e Kosov\u00ebs.<\/em><\/p>\n\n\n\n<p><em>Elmi Berisha me suit\u00ebn e tij nga dera e ,,VATR\u00cbS,,ia kan\u00eb humbur\ndhe e kan\u00eb l\u00ebn\u00eb n\u00eb ,,harres\u00eb,,t\u00ebr\u00eb veprimtarin\u00eb tridhejt\u00ebvjeqare t\u00eb LQSHA-s\u00eb\nJoe DioGuardi,i cili n\u00eb detyr\u00ebn e tij si kongresmen\u00eb dhe m\u00eb von\u00eb si i vetmi\nnjeri lobues i \u00e7\u00ebshtjes shqiptare i doli ball\u00eb makineris\u00eb fashiste t\u00eb Serbis\u00eb\nme kryekriminelin S.Millosheviq p\u00ebrmes&nbsp;Kongresit dhe\n&nbsp;dhe&nbsp;Senatit &nbsp;amerikan\u00eb n\u00eb Washington.Arb\u00ebreshi e jo Elmi\nBerisha e as ,,VATRA,,nuk pat\u00ebn mund\u00ebsin\u00eb q\u00eb t\u00eb shkojn\u00eb deri n\u00eb Gjyakt\u00ebn\nNd\u00ebrkomb\u00ebtare n\u00eb Hag\u00eb q\u00eb t\u00eb ballafaqohen me kryekriminelin e Serbis\u00eb\nS.Millosheviq.<\/em><\/p>\n\n\n\n<p><em>Pse Elmi Berisha po e keqp\u00ebrdor angazhimet e qindra burrave dhe\ngrave shqiptare dhe LQSHA-s\u00eb dhe tashti del sheshit e rrah gjoksin si pari dhe\ni mbrami n\u00eb aktivitetet komb\u00ebtare n\u00eb Amerik\u00eb.Pse ky njeri dhe disa t\u00eb tjer\u00eb q\u00eb\npo vrapojn\u00eb pas kapu\u00e7it t\u00eb madh nuk e pan\u00eb asnj\u00ebher\u00eb t\u00eb udh\u00ebs dhe n\u00eb nderim t\u00eb\naktivitetit t\u00eb arb\u00ebreshit Joe DioGuardi t\u00eb thon\u00eb nj\u00eb fjal\u00eb t\u00eb vetme:Nj\u00eb\nMir\u00ebnjohje p\u00ebr JOE DIOGUARDIN!<\/em><\/p>\n\n\n\n<p><em>P\u00ebr fund n\u00eb k\u00ebt\u00eb (n\u00eb vend t\u00eb reagimti)po theksojm\u00eb se Elmi Berisha\ne ka z\u00ebn\u00eb vendin e huaj tek ,,VATRA,,dhe nuk dihet as sot se si erdhi tek dera\ne saj dhe,tevona e shihni sa shpejt na u b\u00eb ,,fugur\u00eb e madhe,,(sic!),ndon\u00ebse ai\nishte dhe \u00ebsht\u00eb ve\u00e7se nj\u00eb veprimtar i thjesht\u00eb i diaspor\u00ebs shqiptare n\u00eb\nAmerik\u00eb!<\/em><\/p>\n\n\n\n<p><em>Elmi Berisha zbrit n\u00eb tok\u00eb dhe mendo pak se me sjelljet p\u00ebr\n,,karier\u00eb politike,,n\u00eb der\u00ebn e ,,VATR\u00cbS,,nuk e keni t\u00eb gjat\u00eb as udh\u00ebn e synimet\ntuaja,q\u00eb,n\u00eb emrin e saj dhe tek dera&nbsp;e saj historike nuk keni (hise)p\u00ebr t\u00eb\nz\u00ebn\u00eb hap\u00ebsir\u00ebn shqiptare\u2026!<\/em><\/p>\n","protected":false},"excerpt":{"rendered":"<p>By&nbsp;voal.ch&nbsp;| October 8, 2020 Nga Sk\u00ebnder Kara\u00e7ica N\u00eb vend t\u00eb reagimit Koh\u00ebve t\u00eb fundit po dalin disa p\u00ebrsona t\u00eb diaspior\u00ebs shqiptare n\u00eb Amerik\u00eb dhe n\u00eb stilin e loj\u00ebs:Kush zgjohet m\u00eb her\u00ebt n\u00eb m\u00ebngjes dhe po vrapojn\u00eb pas kapu\u00e7it t\u00eb madh dhe n\u00eb vet\u00ebn e par\u00eb,,Un\u00eb kam b\u00ebr\u00eb e kam punuar p\u00ebr \u00e7\u00ebshtjen shqiptare,,(sic!)dhe vrap tek&hellip;<\/p>\n","protected":false},"author":1,"featured_media":8614,"comment_status":"open","ping_status":"open","sticky":false,"template":"","format":"standard","meta":{"footnotes":""},"categories":[3],"tags":[],"class_list":["post-8613","post","type-post","status-publish","format-standard","has-post-thumbnail","hentry","category-politike"],"_links":{"self":[{"href":"https:\/\/revistakuvendi.org\/index.php?rest_route=\/wp\/v2\/posts\/8613","targetHints":{"allow":["GET"]}}],"collection":[{"href":"https:\/\/revistakuvendi.org\/index.php?rest_route=\/wp\/v2\/posts"}],"about":[{"href":"https:\/\/revistakuvendi.org\/index.php?rest_route=\/wp\/v2\/types\/post"}],"author":[{"embeddable":true,"href":"https:\/\/revistakuvendi.org\/index.php?rest_route=\/wp\/v2\/users\/1"}],"replies":[{"embeddable":true,"href":"https:\/\/revistakuvendi.org\/index.php?rest_route=%2Fwp%2Fv2%2Fcomments&post=8613"}],"version-history":[{"count":1,"href":"https:\/\/revistakuvendi.org\/index.php?rest_route=\/wp\/v2\/posts\/8613\/revisions"}],"predecessor-version":[{"id":8615,"href":"https:\/\/revistakuvendi.org\/index.php?rest_route=\/wp\/v2\/posts\/8613\/revisions\/8615"}],"wp:featuredmedia":[{"embeddable":true,"href":"https:\/\/revistakuvendi.org\/index.php?rest_route=\/wp\/v2\/media\/8614"}],"wp:attachment":[{"href":"https:\/\/revistakuvendi.org\/index.php?rest_route=%2Fwp%2Fv2%2Fmedia&parent=8613"}],"wp:term":[{"taxonomy":"category","embeddable":true,"href":"https:\/\/revistakuvendi.org\/index.php?rest_route=%2Fwp%2Fv2%2Fcategories&post=8613"},{"taxonomy":"post_tag","embeddable":true,"href":"https:\/\/revistakuvendi.org\/index.php?rest_route=%2Fwp%2Fv2%2Ftags&post=8613"}],"curies":[{"name":"wp","href":"https:\/\/api.w.org\/{rel}","templated":true}]}}