{"id":8608,"date":"2020-10-12T22:41:11","date_gmt":"2020-10-12T22:41:11","guid":{"rendered":"http:\/\/revistakuvendi.org\/?p=8608"},"modified":"2020-10-12T22:41:11","modified_gmt":"2020-10-12T22:41:11","slug":"vatra-ne-preher-te-komustave","status":"publish","type":"post","link":"https:\/\/revistakuvendi.org\/?p=8608","title":{"rendered":"VATRA NE PREHER TE KOMUSTAVE"},"content":{"rendered":"\n<figure class=\"wp-block-image\"><img loading=\"lazy\" decoding=\"async\" width=\"112\" height=\"160\" src=\"http:\/\/revistakuvendi.org\/wp-content\/uploads\/2020\/10\/pjeter-jaku.jpg\" alt=\"\" class=\"wp-image-8609\"\/><\/figure>\n\n\n\n<p><strong>Pjet\u00ebr\nJaku<\/strong><\/p>\n\n\n\n<p>Ndoshta \u00ebsht\u00eb hera e par\u00eb q\u00eb nga krijimi i Vatr\u00ebs, at\u00ebhere nj\u00eb Panfederat\u00eb e sot nj\u00eb organizat\u00eb pa asnj\u00eb vep\u00ebr prej 30 vitesh, bie hapur n\u00eb preh\u00ebr t\u00eb komunistave shqiptar\u00eb, duke u dor\u00ebzuar pa kushte. Megalomania e kryetarit t\u00eb sot\u00ebm, pas shum\u00eb oshilacionesh pa kurriz, dor\u00ebzohet hapur aty ku \u00ebsht\u00eb drejtuar, t\u00eb pakten, prej pak ma shum\u00eb se tri vjet\u00ebsh. Mir\u00ebnjohjet, dekoratatat, shum\u00eb falenderime e ftesa t\u00eb tjera, kryetari sot\u00ebm i gjysm\u00ebs s\u00eb Vatr\u00ebs i pranon nga segmente politike majtiste ekstreme, n\u00eb em\u00ebr t\u00eb njohjes dhe respektimit t\u00eb institucioneve, kur Vatra , n\u00eb kanunoren e saj e ka t\u00eb ndaluar propaganden dhe veprimtarin\u00eb politike. Por, edhe pse t\u00eb ndaluar, Vatra n\u00eb zgjedhjet e fundit ka v\u00ebn\u00eb nj\u00eb n\u00ebnkryetar politik, q\u00eb si\u00e7 duket kryetari nuk e pyet. N\u00eb t\u00eb gjitha daljet dhe deklarimet n\u00eb em\u00ebr t\u00eb Vatr\u00ebs, k\u00ebsaj vatre t\u00eb p\u00ebr\u00e7ar\u00eb, q\u00eb me futjen e ish komunist\u00ebve , sigurimsave dhe hajdut\u00ebve ordiner n\u00eb k\u00ebshillin drejtues t\u00eb saj, kryetari nuk ka mbajt\u00eb nj\u00eb qendrim t\u00eb prer\u00eb. \u00cbsht\u00eb munduar t\u00eb luaj me disa porta, por i p\u00ebrqendruar n\u00eb politiken e socializmit amerikan, alias kinez, q\u00eb po p\u00ebrpiqet t\u00eb vendos e majta amerikane, dmth Partia Demokratike, ne rastin konkret.\u00a0 M\u00ebkat t\u00eb veprosh k\u00ebshtu e t\u00eb rr\u00ebshqas\u00ebsh n\u00eb k\u00ebt\u00eb batak, nj\u00eb organizat\u00eb historike si kjo! Le t\u00eb shohim Kuvendin e fundtetorit t\u00eb Vatr\u00ebs Konservativo-Patriotike t\u00eb dal\u00eb nga kjo vat\u00ebr e tjet\u00ebrsuar, krejt\u00ebsisht jasht\u00eb shinave t\u00eb krijimit t\u00eb saj dhe misionit patriotik e komb\u00ebtar! Shihni veprimtarin\u00eb e tij ( Elmi Berishes ) q\u00eb nga zgjedhja, dhe sidomos takimet ne Shqiperi gjat\u00eb muajt tetor t\u00eb k\u00ebtij viti. Pritet e i jepet nderim, nj\u00eb p\u00ebrsoni si Elmi Berisha q\u00eb nuk vjen nga fusha akademike, prej Et\u2019hem Rukes, nj\u00eb p\u00ebrsonazh i njohur i s\u00eb majt\u00ebs shqiptare, si dhe nga Kryetari i Parlamentit t\u00eb sot\u00ebm, aktorit kryesor t\u00eb masakr\u00ebs s\u00eb 2 prillit, n\u00eb Shkod\u00ebr Gramoz Ru\u00e7i. E pabesueshme dhe jo e ndershme! T\u00eb pakt\u00ebn nj\u00ebfar\u00eb kushti duhet t\u2019ua kishte v\u00ebn\u00eb para takimit, i cili duhej b\u00ebr\u00eb publik, ose, s\u00ebpaku nj\u00eb sqarim. Sot p\u00ebr sot, edhe pse po sht\u00ebrzojn\u00eb t\u00eb lindin Vatr\u00ebn e shekullit XXI, nuk kan\u00eb asnj\u00eb pesh\u00eb n\u00eb Diasporen e Shqiptar\u00ebve t\u00eb Amerik\u00ebs, ve\u00e7 asaj muzeale q\u00eb nuk po din\u00eb ta drejtojn\u00eb.<\/p>\n\n\n\n<figure class=\"wp-block-image\"><img loading=\"lazy\" decoding=\"async\" width=\"448\" height=\"254\" src=\"http:\/\/revistakuvendi.org\/wp-content\/uploads\/2020\/10\/elmi-berisha.jpg\" alt=\"\" class=\"wp-image-8610\" srcset=\"https:\/\/revistakuvendi.org\/wp-content\/uploads\/2020\/10\/elmi-berisha.jpg 448w, https:\/\/revistakuvendi.org\/wp-content\/uploads\/2020\/10\/elmi-berisha-300x170.jpg 300w, https:\/\/revistakuvendi.org\/wp-content\/uploads\/2020\/10\/elmi-berisha-220x126.jpg 220w\" sizes=\"auto, (max-width: 448px) 100vw, 448px\" \/><\/figure>\n\n\n\n<figure class=\"wp-block-image\"><img loading=\"lazy\" decoding=\"async\" width=\"448\" height=\"274\" src=\"http:\/\/revistakuvendi.org\/wp-content\/uploads\/2020\/10\/elmi-berisha1.jpg\" alt=\"\" class=\"wp-image-8611\" srcset=\"https:\/\/revistakuvendi.org\/wp-content\/uploads\/2020\/10\/elmi-berisha1.jpg 448w, https:\/\/revistakuvendi.org\/wp-content\/uploads\/2020\/10\/elmi-berisha1-300x183.jpg 300w\" sizes=\"auto, (max-width: 448px) 100vw, 448px\" \/><\/figure>\n","protected":false},"excerpt":{"rendered":"<p>Pjet\u00ebr Jaku Ndoshta \u00ebsht\u00eb hera e par\u00eb q\u00eb nga krijimi i Vatr\u00ebs, at\u00ebhere nj\u00eb Panfederat\u00eb e sot nj\u00eb organizat\u00eb pa asnj\u00eb vep\u00ebr prej 30 vitesh, bie hapur n\u00eb preh\u00ebr t\u00eb komunistave shqiptar\u00eb, duke u dor\u00ebzuar pa kushte. Megalomania e kryetarit t\u00eb sot\u00ebm, pas shum\u00eb oshilacionesh pa kurriz, dor\u00ebzohet hapur aty ku \u00ebsht\u00eb drejtuar, t\u00eb pakten,&hellip;<\/p>\n","protected":false},"author":1,"featured_media":8609,"comment_status":"open","ping_status":"open","sticky":false,"template":"","format":"standard","meta":{"footnotes":""},"categories":[12],"tags":[],"class_list":["post-8608","post","type-post","status-publish","format-standard","has-post-thumbnail","hentry","category-jete-komuniteti"],"_links":{"self":[{"href":"https:\/\/revistakuvendi.org\/index.php?rest_route=\/wp\/v2\/posts\/8608","targetHints":{"allow":["GET"]}}],"collection":[{"href":"https:\/\/revistakuvendi.org\/index.php?rest_route=\/wp\/v2\/posts"}],"about":[{"href":"https:\/\/revistakuvendi.org\/index.php?rest_route=\/wp\/v2\/types\/post"}],"author":[{"embeddable":true,"href":"https:\/\/revistakuvendi.org\/index.php?rest_route=\/wp\/v2\/users\/1"}],"replies":[{"embeddable":true,"href":"https:\/\/revistakuvendi.org\/index.php?rest_route=%2Fwp%2Fv2%2Fcomments&post=8608"}],"version-history":[{"count":1,"href":"https:\/\/revistakuvendi.org\/index.php?rest_route=\/wp\/v2\/posts\/8608\/revisions"}],"predecessor-version":[{"id":8612,"href":"https:\/\/revistakuvendi.org\/index.php?rest_route=\/wp\/v2\/posts\/8608\/revisions\/8612"}],"wp:featuredmedia":[{"embeddable":true,"href":"https:\/\/revistakuvendi.org\/index.php?rest_route=\/wp\/v2\/media\/8609"}],"wp:attachment":[{"href":"https:\/\/revistakuvendi.org\/index.php?rest_route=%2Fwp%2Fv2%2Fmedia&parent=8608"}],"wp:term":[{"taxonomy":"category","embeddable":true,"href":"https:\/\/revistakuvendi.org\/index.php?rest_route=%2Fwp%2Fv2%2Fcategories&post=8608"},{"taxonomy":"post_tag","embeddable":true,"href":"https:\/\/revistakuvendi.org\/index.php?rest_route=%2Fwp%2Fv2%2Ftags&post=8608"}],"curies":[{"name":"wp","href":"https:\/\/api.w.org\/{rel}","templated":true}]}}