{"id":8600,"date":"2020-10-07T17:16:33","date_gmt":"2020-10-07T17:16:33","guid":{"rendered":"http:\/\/revistakuvendi.org\/?p=8600"},"modified":"2020-10-07T19:54:09","modified_gmt":"2020-10-07T19:54:09","slug":"me-cilen-gjysme-te-vatres-jane-institucionet-shteterore-dhe-partikake-shqiptare-dhe-kosovare","status":"publish","type":"post","link":"https:\/\/revistakuvendi.org\/?p=8600","title":{"rendered":"ME CILEN GJYSME TE VATRES JANE INSTITUCIONET SHTETERORE DHE PARTIKAKE SHQIPTARE DHE KOSOVARE?"},"content":{"rendered":"\n<figure class=\"wp-block-image\"><img loading=\"lazy\" decoding=\"async\" width=\"285\" height=\"378\" src=\"http:\/\/revistakuvendi.org\/wp-content\/uploads\/2020\/10\/Zef-Pergega-1-1.png\" alt=\"\" class=\"wp-image-8601\" srcset=\"https:\/\/revistakuvendi.org\/wp-content\/uploads\/2020\/10\/Zef-Pergega-1-1.png 285w, https:\/\/revistakuvendi.org\/wp-content\/uploads\/2020\/10\/Zef-Pergega-1-1-226x300.png 226w\" sizes=\"auto, (max-width: 285px) 100vw, 285px\" \/><\/figure>\n\n\n\n<p><strong><em>&nbsp;&nbsp;&nbsp;&nbsp;&nbsp;&nbsp;&nbsp;&nbsp;&nbsp;&nbsp;&nbsp; O Zot bej mrekulli dhe na e ruaj\nemrin e mire te Vatres. O zot shkurtoja duart politkes ne katerkendeshin Tirane\n&#8211; Prishtine \u2013 Beograd \u2013Athine. Pse dekoratat dhe cokullatat politika shqiptare\ndhe ajo kosovare i ndajne me Vatren?!<\/em><\/strong><\/p>\n\n\n\n<p><strong> \u00a0\u00a0\u00a0\u00a0\u00a0\u00a0\u00a0\u00a0\u00a0\u00a0\u00a0\u00a0\u00a0 <\/strong><\/p>\n\n\n\n<p><strong> \u00a0\u00a0\u00a0\u00a0\u00a0\u00a0\u00a0\u00a0\u00a0\u00a0\u00a0\u00a0\u00a0 <\/strong><\/p>\n\n\n\n<p><strong>&nbsp;&nbsp;&nbsp;&nbsp;&nbsp;&nbsp;&nbsp;&nbsp;&nbsp;&nbsp;&nbsp;&nbsp;&nbsp;&nbsp; <\/strong><strong>ZEF PERGEGA<\/strong><\/p>\n\n\n\n<p><strong>&nbsp;&nbsp;&nbsp;&nbsp;&nbsp;&nbsp;&nbsp;&nbsp;&nbsp;&nbsp;&nbsp;&nbsp;&nbsp;&nbsp;&nbsp;&nbsp;&nbsp; Analist, autor ne SHBA<\/strong><\/p>\n\n\n\n<p><strong>&nbsp;&nbsp;&nbsp;&nbsp;&nbsp;&nbsp; <\/strong>Ne kete pike ka nje tymnaje. Reja e dyshimit sillet si bolla\nrreth vezeve te breshkes nen nje gjethe te verdhe si ndryshku. Manipulimi dhe\nfshehja e te vertetes eshte me e rende se vjedhja e nje banke. Komuniteti\nshqiptar nuk eshte i sqaruar. Me gjithese Vatra me ne krye Dr. Gjon Bucaj, para\ndisa viteve, erdhi ne Detroit me shpaten e demokleut si triumfuese, mbeshtetur\nne nje dege amorfe,&nbsp; mori pjese me nje\npompozitet te madh ne 100 vjetorin e Pavaresise. Foli e kush nuk foli. O zot sa\ni vogel mu duk Ismail Qemali! O zot sa i perkulur mu duk Dom Nikoll Kacorri! Pa\nrevole ne brez mu paraqit, si i zene rob Isa Buletini. Pa le sa larg Luigj\nGurakuqi. Asgje nuk ishte ngritja e flamurit ne De\u00e7iq nga Ded Gjo\u2019luli! Keta\nishin pra \u201cfirmetaret\u201d e Pavaresise, por te dale nga varri me krimba ne\nspaleta, qe po festonin fitoren e tyre dhe, jo te nderonin ata qe me te vertete\nkishin kontribuar per Pavaresine e Shqiperise. Si te thuash komuniteti shqiptar\ndhe dy institucionet katolike te kultit ne Detroit rane, me ose pa dashje\ninfluencuar nga Dega e Detroitit, viktime dhe nuk munden te reagojne, per ta\nndaluar kete per\u00e7arje. Ne sallen e bibliotekes \u201cGjergj Fishta\u201d eshte zhvilluar\nnje debat mes Deges se Vatres ne Michigan dhe komisionit me ne krye biznesmenin\nNdue Ftoni, qe e beri 100 vjetorin me 60 personalitete amerikane dhe 1200\nshqiptar falas ne Imperial Hause. Ne ate mbledhje acaruese prifti i ikur mbante\nanen e Vatres dhe u permend&nbsp; fjala \u201c\narme\u201d.&nbsp; Ne nje vend, ku predikohet fjala\ne Zotit eshte e ndaluar te bisedohet me ze te larte, te ofendohet tjetri, dhe\naq me keq te flitet per vrasje mes shqiptarve. (jane kasetat). Ne kete kuptim, personalisht\ne kam konsideruar,&nbsp; ndoshta gabimisht, &nbsp;Dr. Gjonin, qe te gjithe thone se eshte i\nmire, si skenaristin e kesaj pe\u00e7arje ne komunitetin shqiptar ne Detroit, edhe\npse me vone u kuptua se per\u00e7aresit e vertete ishin Kryesia e Deges se Vatres ne\nDetroit, qe e kishte \u201cmarre peng\u201d Priftin e Shen Palit.&nbsp;&nbsp;&nbsp; <\/p>\n\n\n\n<p>&nbsp;&nbsp;&nbsp;&nbsp;&nbsp; &nbsp;Me\nka \u00e7uditur qendrimi i Dr. Gjon Bucajt, i cili nuk mori mundimin as te\nkomunikonte me pjesen tjeter te komunitetit. O zot sa te medhenj dukeshin para\nte tjereve, ndonese nuk ishin me shume se nje meter nga toka, me gjithe hijen e\ntyre.&nbsp; Zotin sikur e kishin ne preher!\nEshte hera e pare me sa di une qe nje katolik verior te jete kryetari i Vatres,\nkur dihet se gjithmone kane qene nga jugu musliman. Nuk kishte si te ndodhte\nndryshe, qe me ndihmen e disa katolikeve Gjon Bu\u00e7ajn e spostuan me lezet. Gjoni\nkishte humbur kontaktin me njerezit dhe me intelektualet, qe gjithmone i ka\nsulmuar e anatemuar kjo shoqate. Kontraditat dhe rastet e vjedhjeve te fondeve\nne Vater jane te vjetra. Kujtoj njerin nga kryetaret, per te cilin vete\nDielli&nbsp; boton nje artikull, qe u largua\nnga Amerika dhe themeloi ne Kor\u00e7e \u201cVatren\u201d dhe \u201cDiellin\u201d, me fondet qe kishte\nterhequr nga fondi i Vatres. Nese Vatra nuk do te kishte fonde, asnje nuk do\nishte anetar i saj. Keto i ka thene vete Dielli ne vite dhe ne rrjetet sociale.\nAsgje nuk po them nga vetja.<\/p>\n\n\n\n<p>&nbsp;&nbsp;&nbsp;&nbsp;&nbsp; Kontributin me te Madh ne Amerike, keto\n20 vitet e fundit e ka dhene Shoqata e Malesise se Madhe me 20 milion dollar\ndhe ne asnje rast nuk eshte anatemuar apo perfolur per fondet qe ka mbledh. Kjo\nka te beje me ndergjegjen e tyre qytetare, ne besimin e tyre fanatik katolik\ndhe, se drejtuesit e saj gjithmone kane qene te ketij besimi, sepse ata vijne\nnga trevat shqiptare ne Mal te Zi nga Malesia e Madhe. \u00c7\u2019fare bie ne sy?!.\nAsnje nga qeveritaret, perfshi kryeministra, president, kryetar partish nuk\nndalen ne kete komunitet, ne Detroit dhe ne kryesine e shoqates Malesia e\nMadhe. Dekoratat dhe \u00e7okollatat i ndajne me Vatren! Pse? Tani qe gjysma e Vatres\neshte kundra gjysmes tjeter, kam pare foto njerez te gjysmes, te bejne foto\nperballe Lterit, ndersa pjesa tjeter e \u00e7on ne gjyq \u00e7eshtjen. Tani&nbsp; lind nje pytje: me ke jane institucionet\nshqiptare, liderit e PD, si Berish e Basha, liderit kosovar si Haradinaj, te\ncilet po e trajtojne gjysmen e Vatres si primare?! A po e mohojne ato pjesen\ntjeter qe kerkon, sipas tyre te vendoset autoriteti i kesaj shoqate dhe i\nkontributit te tyre ne vend?! Po qendrimi i Zef Bales, njehere me Gjonin dhe\nnjehere kundra e tij?! Me sa porta luan ky njeri?! Mire eshte ti jepni\npergjigje opinionit, ketu dhe ne Kosove e Shqiperi, sepse do te jete me dobi,\nper unitetin nderkomunitar dhe per mbarevjatjen e kesaj shoqate te vjeter, qe\nme Nolin e Konicen ka kontribute te medha. Por, kjo nuk duhet te kthehet ne\npelerine, per tu mbrojtur nga shiu i poshtersive mes vetes. Sot, ne Detroit,\nende jane gjalle ish dy krytare te Vatres qe ne kohen para se te binte\nkomunizmi! Si jane anashkaluar keta dhe te deges tjeter ne Pontiak, qe ka\nanetare qe jetojne akoma dhe te dale nje Vater tjeter me dy tre vete mbi ta!\n\u00c7\u2019fare kanonureje eshte kjo Dr. Gjoni, qe si i vjeter dhe nacionalist, duhet ta\nkishe ditur dhe e ke ditur, por ke preferuar ti per\u00e7mosh keto realitete.<\/p>\n\n\n\n<p>&nbsp; &nbsp;&nbsp;&nbsp;&nbsp;&nbsp;&nbsp;&nbsp;Dr.\nGjon Bucaj, ish kryetar i Vatres : Pse un\u00eb e p\u00ebrkrah Komisionin e 5 tetorit\n2019 t\u00eb Vatr\u00ebs, ne prononcimin e tij publik nder te tjera shkruan: \u201c\u2026N\u00eb\nmbledhjen e dat\u00ebs 5 Tetor 2019 t\u00eb gjith\u00eb t\u00eb pranishmit i premtuen Komisionit\nndim\u00ebn dhe p\u00ebrkrahjen e parezerv\u00eb p\u00ebr kryemjen e detyr\u00ebs jo t\u00eb leht\u00eb, por t\u00eb\nnji rand\u00ebsie thelb\u00ebsore p\u00ebr jet\u00ebn e Vatr\u00ebs. Asht e nevojshme dhe e dobishme q\u00eb\nt\u00eb shtoj k\u00ebtu disa fakte e sqarime, p\u00ebr vatran\u00ebt q\u00eb mund t\u00eb mos i dijn\u00eb mire\ndhe p\u00ebr opinionin e gjan\u00eb, q\u00eb t\u00eb ken\u00eb nji pasqyr\u00eb t\u00eb kjart\u00eb t\u00eb zhvillimeve,\nsidomos n\u00eb k\u00ebto dy vjet\u00eb e disa muej t\u00eb fundit. Mbasi un\u00eb k\u00ebtu baj fjal\u00eb p\u00ebr\nfakte, po sjell nji definicion t\u00eb Faik Konic\u00ebs, sidomos p\u00ebr ndonji p\u00ebrson, t\u00eb\ncilit mund t\u00eb mos i p\u00eblqejn\u00eb k\u00ebto fakte: <\/p>\n\n\n\n<p><strong><em>&nbsp;\u201cFaktet jan\u00eb fakte. \u00c7fryj, ul\u00ebri, hith\nk\u00eblbaza, qesh, qaj, p\u00ebrk\u00ebdhel, gris, vrit bot\u00ebn, vrit veten, faktet t\u00eb thata\ndhe t\u00eb ftofta, s\u2019luajn\u00eb nga v\u00ebndi dhe mbeten fakte\u201d.&nbsp;&nbsp;&nbsp;&nbsp;&nbsp; &nbsp;<\/em><\/strong><\/p>\n\n\n\n<p>&nbsp;&nbsp;&nbsp; &nbsp;\u2026P\u00ebr\nt\u00eb p\u00ebrforcue p\u00ebrshtypjen se kishte p\u00ebrkrahjen e Partis\u00eb Demokratike, sh\u00ebrben\nrasti i mbledhjes s\u00eb K\u00ebshillit Drejtues t\u00eb 3 marsit 2018, q\u00eb dihej paraprakisht\nse do t\u2019ishte shum\u00eb problematike p\u00ebr Mishton.&nbsp;\nN\u00eb mes t\u00eb mbledhjes, ku kritikohej dhe k\u00ebrkohej dor\u00ebheqja e tij, ai mori\nnji thirrje n\u00eb celular dhe njoftoi t\u00eb pranishmit se n\u00eb telefon ishte Lulzim\nBashha dhe, se ai i p\u00ebrsh\u00ebndeste dhe u uronte sukses.&nbsp; Vatran\u00ebt, s\u00eb pakut shumica, nuk e kan\u00eb dijt\u00eb\nse ai ishte i biri i nji prokurori t\u00eb diktatur\u00ebs komuniste q\u00eb kishte k\u00ebrkue\ndenime me vdekje n\u00eb Shqipni.&nbsp; Nuk asht\ndijt\u00eb, s\u00eb pakut nga shumica, se bashk\u00ebshortja e tij ishte sekretare e nji\norganizate t\u00eb grave greke n\u00eb Amerik\u00eb (dihet se organizatat greke n\u00eb k\u00ebt\u00eb vend\nkan\u00eb platform\u00eb politike antishqiptare: Vorio Epiri!). Disa nga p\u00ebrkrah\u00ebsat e z.\nMishto ushtruen militantiz\u00ebm agresiv n\u00eb Kuvend, manipuluen haptas numrin e\ndelegat\u00ebve dhe deklaruen se Mishto ishte an\u00ebtar i VATR\u00cbS prej 5-6 vjet\u00ebsh, nji\ne pav\u00ebrtet\u00eb q\u00eb Mishto nuk e mohoi (simbas Amendamenteve t\u00eb Kanunores s\u00eb Vatr\u00ebs,\nkandidati p\u00ebr kryetar duhet t\u00eb ket\u00eb qen\u00eb s\u00eb pakut 5 vjet an\u00ebtar i\nrregullt).&nbsp; Nuk asht dijt\u00eb, s\u00eb pakut nga\nshumica, se Mishto vet\u00eb mban q\u00ebndrime progreke. Un\u00eb, p\u00ebr t\u00eb tregue paan\u00ebsin\u00eb si\nkryetar para dor\u00ebheqjes dhe tue u mb\u00ebshtet\u00eb verbnisht n\u00eb besimin tek p\u00ebrkrahsat\ne tij dhe n\u00eb objektivitetin e delegat\u00ebve, e kam trajtue kandidatur\u00ebn e Mishtos\nnjisoj si at\u00eb t\u00eb kandidatit tjet\u00ebr, z. Mithat Gashi, pedagog universitar, me\nprejardhje nga nji familje e nderueme e shtes\u00ebs s\u00eb p\u00ebrsekutueme dhe vatran i\np\u00ebrkushtuem p\u00ebr ma se 30 vjet. Ky ka qen\u00eb gabim i rand\u00eb nga ana e ime dhe\nk\u00ebrkoj ndjes\u00eb profesor Gashit dhe vatran\u00ebve. Nuk e kam thirr\u00eb Mishton \u201ceja dhe\nbanu kryetar i Vatr\u00ebs\u201d dhe nuk e dij kush e ka p\u00ebrhap\u00eb k\u00ebt\u00eb fjal\u00eb, a Mishto\nvet\u00eb apo tjet\u00ebrkush, ndoshta p\u00ebr t\u00eb arsyetue p\u00ebrkrajen p\u00ebr te, por kjo nuk m\u00eb\nliron nga faji q\u00eb nuk e kam kund\u00ebrshtue kandidatur\u00ebn e tij, edhe pse nuk kam\nmujt\u00eb me i parapa intrigat q\u00eb jan\u00eb luejt\u00eb n\u00eb dit\u00ebt para Kuvendit, as\nmanipulimin e numrit t\u00eb delegat\u00ebve, militantizmin agresiv dhe falsitetet e\nshfaqun n\u00eb Kuvend dhe ma von\u00eb. M\u00eb kan\u00eb befasue sjelljet arrogante t\u00eb Mishtos me\nvatran\u00ebt dhe shkeljet e randa t\u00eb Kanunores; nuk e dij n\u00eb se jan\u00eb befasue deri\ndikund edhe disa nga p\u00ebrkrahsat e zjarrt\u00eb t\u00eb tij, por kjo le t\u00eb mbetet n\u00eb\nnd\u00ebrgjegjen e tyne.<\/p>\n\n\n\n<p>&nbsp;&nbsp;&nbsp; \u2026Veprimi i par\u00eb, 2-3 dite mbas kuvendit,\nishte publikimi i dy deklaratave, n\u00ebnshkrue me dor\u00eb dhe publikue n\u00eb gazet\u00ebn\n\u201cDielli\u201d: \u201cN\u00eb baz\u00eb t\u00eb vendimeve t\u00eb Kuvendit dhe simbas Kanunores, vendosa\u2026..\u201d,\nku njoftoi formimin e \u201cKabinetit t\u00eb presidentit\u201d(sic!), me emna p\u00ebr shefa t\u00eb\nkabinetit, t\u00eb protokolit, t\u00eb marr\u00ebdhanjevet me media (ma von\u00eb edhe shefa t\u00eb\ntjer\u00eb), si dhe formimin e&nbsp; \u201cKomisionit t\u00eb\ngarancive t\u00eb Kanunores\u201d. Pohimi \u201cN\u00eb baz\u00eb t\u00eb vendimeve t\u00eb Kuvendit\u2026.\u201d nuk asht i\nv\u00ebrtet\u00eb, kurse \u201c\u2026.simbas Kanunores vendosa\u2026\u2026\u201d, asht pik\u00ebrisht e kund\u00ebrta; smbas\nKanunores nuk vendos\u00eb kryetari p\u00ebr struktura t\u00eb reja q\u00eb ndryshojn\u00eb Kanunoren,\npor ai, ose \u00e7do antar mund propozoj\u00eb, K\u00ebshilli Drejtues duhet t\u00eb aprovoj\u00eb\npropozimin dhe vet\u00ebm Kuvendi mundet me vendos\u00eb\u2026.&nbsp; Vatra e Mishtos bojkotoi ceremonin\u00eb e New\nYork-ut t\u00eb p\u00ebrcjelljes s\u00eb eshtnave t\u00eb Mit\u2019hat Frash\u00ebrit n\u00eb atdhe, me arsyetimin\ne pakuptimt\u00eb, se kjo ishte vep\u00ebr e qeveris\u00eb s\u00eb Ram\u00ebs, kur dihet se propozimi\nkishte ardh\u00eb nga Instituti i Studimeve \u201cLumo Skendo\u201d me drejtor dhe themelues\nhistorianin Uran Butka, i cili ishte arkitekti i krejt k\u00ebsaj vepre. .. Mishto e\nka hesht\u00eb Vatr\u00ebn p\u00ebrsa i p\u00ebrket politik\u00ebs antishqiptare t\u00eb&nbsp; ekstremizmit grek, n\u00eb kund\u00ebrshtim me tradit\u00ebn\ne saj 105 vje\u00e7are (kjo ishte mosha e Vatr\u00ebs kur ai e mori n\u00eb dor\u00eb). Qe disa nga\nfaktet q\u00eb tregojn\u00eb heshtjen e Vatr\u00ebs. Asnji deklarat\u00eb e Vatr\u00ebs mbi memorialet e\nushtar\u00ebvet grek\u00eb t\u00eb ram\u00eb si okupator\u00eb n\u00eb tok\u00ebn shqiptare, kur ky skandal ishte\ntema e dit\u00ebs n\u00eb median shqiptare nga fundi i vitit 2017. n\u00eb dhetor 2017\nJanullatos mori shtet\u00ebsin\u00eb shqiptare dhe fotografia e tij botue n\u00eb faqen e par\u00eb\nt\u00eb \u201cDiellit\u201d, nd\u00ebrsa gazetat tjera n\u00eb diaspor\u00eb e kan publikue si lajm n\u00eb faqet\ne mbrendshme; n\u00eb vend t\u00eb nji deklarate mospajtimi t\u00eb Vatr\u00ebs, z. Mishto iu p\u00ebrgjegj\npyetjes se \u00e7\u2019asht q\u00ebndrimi i Vatr\u00ebs me k\u00ebt\u00eb rast: \u201cduhet t\u00eb ruhet autoqefalia e\nKish\u00ebs Ortodokse\u201d dhe p\u00ebrs\u00ebri, pyetjes se cili asht q\u00ebndrimi i kryetarit t\u00eb\nVatr\u00ebs, p\u00ebraf\u00ebrsisht \u201cme doemos duhet t\u00eb ruhet autoqefalia me t\u00eb gjitha\nfuqit\u00eb\u201d, p\u00ebrgjigje q\u00eb mund t\u2019a kishte dhan\u00eb edhe Janullatos. Asnji deklarat\u00eb\nnga ana e Vatr\u00ebs n\u00eb lidhje me vrasjen e terroristit Kaqifas n\u00eb Bularat t\u00eb\nGjirokastr\u00ebs n\u00eb tetorin e vitit 2018\u2026.!\u201d<\/p>\n\n\n\n<p>&nbsp;&nbsp;&nbsp;&nbsp;&nbsp;&nbsp;&nbsp;&nbsp;&nbsp;&nbsp;&nbsp;&nbsp;&nbsp;&nbsp;&nbsp;&nbsp; Mishto nuk eshte me ne\nkryesine e Vatres. Erdhi e doli ne tryezen e nderit pa kurrefare nderi ne\nmbremjen perkujtimire te Gjergj Kastriotit Skenderbeu, qe u organizue ne\nDetroit. U thirren me hanger e me pi me yndyre, deri ne zorren e fundit, duke\nju kerkuar me detyrim qe lektoret e aktivitetit te paguanin nga 100 dollare per\nkete mbremje. A ishte shprehje e \u201cBeslisdhjes se Lezhes\u201d , kjo qe te gjithe lektoret\nme nje perjashtim te vogel ishin vegla politike te diktatures se proletarjatit\nenverian dhe institucionet katolike, qe u&nbsp;\njane vare 160 meshtar, u perkulen para diktatit te tyre?!&nbsp; Kryetari aktual i Vatres, kur u pyet nga Tv\nshqiptar, tha se Vatra perkrahu Eliot Engell dhe asnje fjale nuk iu pergjigj\npytjes se gazetares per qendrimin ndaj Mark Kepit. Kjo eshte ne Tv Ora, aty e\ndegjuam Betin dhe kryetarin!&nbsp; Shikoj foto\nte Berishe , te Bashes dhe te Haradinajt, ne nje darke dhe ne zyre me kryetarin\ne Vatres, organizate, e cila me kot lodhet se nuk e ka perfaqesuar dhe as nuk e\nperfaqeson komunitetin e shqiptareve te Amerikes prej me shume se nje milion\nvete.&nbsp; Sidoqe Basha qe neser mund te jete\nfavorit i kryeministrit te Shqiperise, apo Haradinaj President, me cilen gjysme\njane?! Kjo do te na ndihmonte edhe ne qe te pakten te ishim te qarte.&nbsp; <\/p>\n\n\n\n<p>&nbsp;&nbsp;&nbsp;&nbsp;&nbsp;&nbsp;&nbsp; Gjon Bucaj vazhdon ne shtyp me ankesat\ndhe thenjet e tij, te cilat i \u04abuan te verteta. Nder te tjera ai shkruan: \u201c\u2026me 9\ndhetor 2018, organizata \u201cRr\u00ebnj\u00ebt Shqiptare\u201d thirri nji protest\u00eb para nji lokali\ngrek n\u00eb Brooklyn, ku po zhvillohej nji aktivitet p\u00ebrkujtimor p\u00ebr terroristin\nKaqifas, Vatra nuk e mb\u00ebshteti as nuk mori pjes\u00eb zyrtarisht\u2026Elena Kocaqi\npromovoi librin \u201cLufta e Troj\u00ebs, Luft\u00eb Pellazgo Ilire\u201d n\u00eb Vat\u00ebr, por aty nuk\nishte z. Mishto, \u2026Tentativa ime e fundit me 3 nandor 2018. Nji p\u00ebrmbledhje t\u00eb\npasqyr\u00ebs s\u00eb masip\u00ebrme ia kam p\u00ebrcjell\u00eb (dhe k\u00ebtu po citoj):&nbsp;&nbsp; \u201c\u2026. zotit Lulzim Basha, sepse mendoj se do\nt\u00eb jet\u00eb me interes p\u00ebr ate si kryetar i Partis\u00eb Demokratike, q\u00eb t\u00eb jet\u00eb i\ninformuem n\u00eb m\u00ebnyr\u00eb sa ma t\u00eb p\u00ebrpikt\u00eb, jo vet\u00ebm p\u00ebr vlersimin q\u00eb ai mund t\u00eb\nket\u00eb p\u00ebr Vatr\u00ebn dhe p\u00ebr mbar\u00ebvajtjen e saj, por sidomos p\u00ebr faktin se kjo\ngjendje ka ardh\u00eb me p\u00ebrshtypjen q\u00eb ka krijue z. Mishto, se ai ka pas\u00eb dhe ka\np\u00ebrkrahjen e zotit Basha \u2026\u2026\u201d dhe \u201c\u2026\u2026.me gjet\u00eb ndim\u00eb p\u00ebr zgjidhjen e mund\u00ebshme\nt\u00eb problemit\u2026!\u201d&nbsp;&nbsp;&nbsp; <\/p>\n\n\n\n<p>&nbsp;&nbsp;&nbsp; Po Basha me Berishen del ne foto duke\nngrene darke me krytarin e ri te Vatres dhe kjo e ka revoltuar Gjonin dhe komisionin\ne prillit, si formacion qe beson se do ta marre perseri Vatren. Sipas tyre keto\nfoto nga Shqiperia dhe Kosova jane nje mesazh i koduar, se ato nuk e perkrahin\npjesen qe i ka derguar ne gjyqin Amerikan pjesen qe sot eshte ne krye te\nVatres, e cila po i gjeti ne shkelje do te jete nje diskretitim mediatik\ndhe&nbsp; politik i te gjithe atyre zyrtareve\ndhe politikaneve qe i kane mbeshtetur njeren dore kundra dores tjeter. Pra sot\nkemi nje Vater me dy krena, por qe nuk jane shqiponje ne flamur. Besoi se nuk\nkane patur nevoje ta benin keta pa u zgjidh \u00e7eshtja. Gjykata Amerikane nuk e\nperfill mbeshtetjen politike per njeren ngjysme, madje kjo eshte nje pike e\nforte per tu dal kundra. Une po them ato qe fliten e diskutohen. Dua qe te bashkohen,\nti hapin rruge inteligjences dhe njerezve te ndershem dhe te marri buldozerin\ndhe te hedhin ne liqen berllokun e madh, qe eshte mbledh dhe po ben lojra te\npista me \u00e7eshtjen kombetare dhe me komunitetin. Vatra asht nji institucion\nhistorik q\u00eb i p\u00ebrket kombit, jo vet\u00ebm shqiptar\u00ebve t\u00eb Amerik\u00ebs. Prandej\nvatran\u00ebvet n\u00eb p\u00ebrpjekje, .p\u00ebr t\u00eb kthye Vatr\u00ebn n\u00eb gjendjen normale t\u00eb\nlegjimitetit institucional duhet t\u2019u vij\u00eb mb\u00ebshtetje morale edhe nga tjer\u00eb\nshqiptar\u00eb, q\u00eb me t\u00eb v\u00ebrtet\u00eb e duen Vatr\u00ebn pa interesa vetjake, partiake a\n\u00e7far\u00ebdo interesi tjet\u00ebr qoft\u00eb, p\u00ebrve\u00e7&nbsp;\natij t\u00eb Vatr\u00ebs q\u00eb asht interes komb\u00ebtar, por qe asnje kryetar&nbsp; Vatre nuk e ka bere nje gje te tille. Gazeta\n\u201cDielli\u201d miqesisht i them per te miren e tyre e per te miren e \u00e7eshtjes, se menjehere\nduhet te hapi rubriken e debatit dhe te mendimit te lire dhe jo te perfshihet\nne debate personale. Kam vene re se po te kritikosh Vatren, kur vete Konica ka\nthene se duhet te shuhet, dhe te thuash ndonje fjale per Diellin e saj zere se\nke prek Enver Hoxhen dhe Zerin e Popullit, madje me pertej, se edhe ato e kane\npatur nje fryme te kritikes brenda parimeve, por ketyre nuk po u merret vesh as\nparimi, as idelogjia dhe as lojrat nen rrogos se pse i mbeshtsein qarqet greke,\nsic pohon Dr. Gjoni.&nbsp; Kur Mehmet Shehu\nvizitoi OKB u ngrit komuniteti shqiptar e u perleshen me monarko fashistet grek\nne komunitetin e tyre ne Amerike, qe protestonte per te drejtat, gjoja te Verio\nEpirir! A kane mundesi shqiptaret e Amerikes te themelojne nje organizate mbare\nkombetare ne Amerike? Mundesite i kane, por u mungon fuqia mbeshtese, e cila\nduhet te jete me e madhe se ajo qe e ka Vatra sot. Keshtu, ato nuk do te mund\nta bejne kurre, dhe keshtu vorbulla vetem sillet rreth tasit te qullit. Kush\ndigjet le ti fryej kosit! <\/p>\n\n\n\n<p>&nbsp;&nbsp;Sic\nshkruan Gjoni, Vatr\u00ebn n\u00eb gjendjen normale t\u00eb legjimitetit institucional,\nmbledhja zgjodhi nji Komisionin t\u00eb p\u00ebrbam\u00eb prej shtat\u00eb vet\u00ebsh, t\u00eb gjith\u00eb me\nkredenciale t\u00eb padiskutueshme si vatran\u00eb idealista, pa ambicje a interesa tjera\np\u00ebrve\u00e7 t\u00eb mir\u00ebs s\u00eb Vatr\u00ebs:&nbsp; Sergio Bitici,\nAhmet Xhafo, Ahmet Hoti, dr. Nexhat Kalici, Kris Kirka, dr. Elton Mara dhe\nArmin Zotaj. <\/p>\n\n\n\n<p>&nbsp;&nbsp;&nbsp;&nbsp;&nbsp; Perderisa \u00e7eshtja eshte ne gjykate asnje\npersonalitet shteteror e politik si ne Shqiperi e ne Kosove nuk duhet te\nperzihet dhe te behet pale. Jeni ne votime, mos i humbni ato! <\/p>\n\n\n\n<p>&nbsp;&nbsp;&nbsp;&nbsp;&nbsp;&nbsp; Ne nje deklerate nga gjysma e ndare e Vatres\nthuhet: \u201cKomisioni VATRA, 5 Tetor 2019\u201d vazhdon rregullisht mbledhjet e saj p\u00ebr\nte p\u00ebrmbushur me p\u00ebrgjegj\u00ebsi misionin qe i \u00ebsht\u00eb ngarkuar, p\u00ebr ta \u00e7uar Vatr\u00ebn\ndrejt nj\u00eb&nbsp; Kuvendi legjitim, transparent\ndhe demokratik\u00eb. P\u00ebrmes nj\u00eb deklarate p\u00ebr medit Komisioni Vatra ka b\u00ebr\u00eb thirrje\nt\u00eb gjith\u00eb an\u00ebtar\u00ebve q\u00eb t\u00eb mos bien pre e Kuvendit t\u00eb Turpit dhe t\u00eb mos zbatojn\u00eb\nk\u00ebto vendime q\u00eb jan\u00eb n\u00eb kund\u00ebrshtim t\u00eb plot\u00eb me Kanunoren. Gjithashtu ato bajn\u00eb\nme dije se po p\u00ebrgatiten p\u00ebr Kuvendin e VATR\u00cbS me 25 Prill 2020 n\u00eb New York dhe\nu b\u00ebn me dije se do t\u00eb vijoj\u00eb rrug\u00ebn ligjore p\u00ebr zgjidhj\u00ebn e k\u00ebsaj \u00e7\u00ebshtje. N\u00eb\nmbledhjen e sotme dat\u00eb 25 Janar 2020, ku p\u00ebrve\u00e7 an\u00ebtar\u00ebve t\u00eb komisionit, mor\u00ebm\npjes\u00eb dhe Uk\u00eb Gjonbalaj, Mithat Gashi,Dr. Gjon Bucaj, Eduard Bucaj dhe Albert\nPerndocaj, Komisioni analizoj&nbsp; me\np\u00ebrgjegj\u00ebsi Kuvendin e \u201cTurpit\u201d mbajtur m\u0205 19 Janar 2020 n\u00eb Michigan. I b\u00ebjm\u00eb\nme dije t\u00eb gjith\u00eb an\u00ebtar\u00ebv\u00eb t\u00eb Vatr\u00ebs dhe opinoinit mbar\u00eb publik, Komisioni vendosi\nunanimisht q\u00eb jo vet\u00ebm nuk e njeh Kuvendin e \u201cTurpit\u201d por gjithashtu nuk njeh\nasnj\u00eb vendim i dal\u00eb nga ky Kuvend.&nbsp;\nKoimisioni do vazhdoj\u00eb me vendosm\u00ebri dhe p\u00ebrkushtim, duke ndjekur t\u00eb\ngjitha rrug\u00ebt demokratike dhe bazuar n\u00eb ligjet dhe drejt\u00ebsin\u00eb Amerikane.&nbsp; Kjo vendosmeri b\u00ebhet dhe me e theksuar, kur\nkujtojm\u00eb q\u00eb&nbsp; sot dy vjet m\u00eb par\u00eb, dera e\nVatr\u00ebs mbyllet p\u00ebr an\u00ebtar\u00ebt e saj, q\u00eb nj\u00eb pjes\u00eb e tyre i kushtuan nj\u00eb jet\u00eb t\u00eb\nt\u00ebr\u00eb duke i sh\u00ebrbyer Vatr\u00ebs. P\u00ebrjashtimet&nbsp;\nme p\u00ebrkthyes, q\u00eb publikohen dit\u00ebn dhe fshihen nat\u00ebn&nbsp; nuk jan\u00eb gj\u00eb tjet\u00ebr vetem m\u00ebnyra mediatike\nkomunsite, korruptive dhe dizinformuese. K\u00ebto shfaqje \u201ckerc\u00ebnuese\u201d jo vet\u00ebm q\u00eb\nnuk na ndalojn\u00eb por na shtojn\u00eb dhe m\u00eb shum\u00eb energjin\u00eb dhe forc\u00ebn p\u00ebr ti kthyer\nVatr\u00ebs lirin\u00eb dhe demokracin\u00eb e munguar per me shum\u00eb se dy vite e gjys\u00ebm.\nKomisioni VATRA do t\u00eb vazhdoj\u00eb pun\u00ebn e tij p\u00ebr Kuvendin e VATR\u00cbS me 25 Prill\n2020 n\u00eb Ne\u00eb York dhe u b\u00ebn thirrje gjith\u00eb VATRAN\u00cbVE t\u00eb&nbsp; mos bien preh e vendimeve t\u00eb Kuvendit t\u00eb\nTurpit dhe t\u00eb mos zbatojn\u00eb k\u00ebto vendime q\u00eb jan\u00eb n\u00eb kund\u00ebrshtim t\u00eb plot\u00eb me\nKanunoren.&nbsp; Komisioni VATRA 5 Tetor 2019\ndo t\u00eb vazhdoj\u00eb rrug\u00ebn ligjore p\u00ebr zgjidhj\u00ebn e k\u00ebsaj \u00e7\u00ebshtje. <\/p>\n\n\n\n<p>&nbsp;&nbsp;&nbsp;&nbsp;&nbsp;&nbsp; &nbsp;Mailinda Zeneli, poete, ne analizen e saj\nrreth kesaj \u04abeshtje shkruan: \u201c\u2026.Vatra \u00ebsht\u00eb nj\u00eb pasuri unike, tejet e \u00e7muar e\nKombit dhe jo e partive. K\u00ebt\u00eb fakt e theksoj p\u00ebr Vatran\u00ebt dhe ne shqiptar\u00ebt, q\u00eb\ne nderojm\u00eb aq fort Vatr\u00ebn, se sa p\u00ebr sh\u00ebrbimin sekret grek e mercenarin e tyre,\nfilogrekun Mishto ata jan\u00eb edhe m\u00eb t\u00eb qart\u00eb p\u00ebr vlerat e Vatr\u00ebs, ndaj nxitojn\u00eb\nta \u201czvog\u00eblojn\u00eb\u201d n\u00eb nj\u00eb organizat\u00eb politike, duke fshir\u00eb tin\u00ebzisht statusin e\nmerituar t\u00eb saj, \u201cPANSHQIIPTARE\u201d. N\u00eb vler\u00ebsimin tim Komisioni i 5 Tetorit 2019\n\u00ebsht\u00eb Vatra TRADICIONALE, serioze dhe e besueshme, q\u00eb siguron vazhdim\u00ebsin\u00eb e t\u00eb\nvetmit mision q\u00eb ka Vatra, mbrojtjen e \u00c7\u00cbSHTJES KOMB\u00cbTARE. N\u00eb Detroit u mbajt\nnje kuvend ilegjitim, drejtuar nga nj\u00eb kryesi me funksion dhe mandat t\u00eb\np\u00ebrfunduara, q\u00eb funksionon mbi dy vite e gjysm\u00eb jasht\u00eb Kanunores s\u00eb Vatr\u00ebs,\nduke shkelur hapur dhe me arroganc\u00eb \u201cKushtetut\u00ebn\u201d e Vatran\u00ebve. Nj\u00eb kuvend\nfiktiv, ku mungoi deri edhe regjistrimi elektronik i an\u00ebtar\u00ebsis\u00eb s\u00eb VATR\u00cbS, nj\u00eb\nmosregjistrim i q\u00ebllimt\u00eb, q\u00eb fshehu suksesin e misionarit grek, Mishto, n\u00eb\nshp\u00ebrb\u00ebrjen reale t\u00eb an\u00ebtar\u00ebsis\u00eb n\u00eb dy vite e gjys\u00ebm t\u00eb uzurpimit t\u00eb Vatr\u00ebs\nprej tij. Sa i p\u00ebrket vendimmarrjes rreth strukturave t\u00eb Kuvendit t\u00eb\nMichiganit, organik\u00ebs s\u00eb \u201cfryr\u00eb\u201d (d\u00ebshmi e drejtimit korruptiv), p\u00ebr nj\u00eb\nan\u00ebtar\u00ebsi dramatikisht&nbsp; t\u00eb \u201ctretur\u201d, jan\u00eb\njasht\u00eb neneve t\u00eb Kanunores. P\u00ebrderisa Vatra ende njeh Kanunoren p\u00ebr\n\u201cKushtetut\u00ebn\u201d e vet, ajo duhet respektuar detyrimisht, n\u00eb t\u00eb kund\u00ebrt \u00e7do\nstruktur\u00eb mbetet ilegjitime. N\u00ebse ka dor\u00ebzim e pranim t\u00eb status quo-s q\u00eb\nimponon Mishto p\u00ebrmes Elmi Berish\u00ebs, \u201cqokat\u201d korruptive t\u00eb pushtetit p\u00ebr mercenar\u00ebt\nkarrierist\u00eb t\u00eb Bal\u00ebve, Elmi Berish\u00ebs, e kompani, t\u00eb nisur nga Mishto, do\nshtohen shum\u00eb m\u00eb tep\u00ebr n\u00eb t\u00eb ardhmen dhe padyshim, q\u00eb ky drejtim i ndotur dhe\njasht\u00eb \u00e7do parimi, e \u00e7on Vatr\u00ebn n\u00eb shp\u00ebrb\u00ebrje t\u00eb paevitueshme\u2026.K\u00ebt\u00eb fakt e\nshpreh qart\u00eb Bahri Omari n\u00eb shkrimin editorial t\u00eb 1917-\u00ebs. \u201cVatra u b\u00eb shoq\u00ebria\nq\u00eb simbolizon nj\u00eb politik\u00eb thjesht\u00eb komb\u00ebtare, duke mos anuar as nga ndonj\u00eb an\u00eb\ndhe duke mos u b\u00ebr\u00eb veg\u00ebl e asnj\u00eb propagande t\u00eb huaj. Cilado qeveri q\u00eb ka\npandehur ta b\u00ebnte veg\u00ebl p\u00ebr politik\u00eb t\u00eb saj shoq\u00ebrin\u00eb ton\u00eb, e mori vesh q\u00eb i\ngoditte s\u00ebpata m\u00eb gur. Armiqt\u00eb tan\u00eb e kan\u00eb hal\u00eb n\u00eb sy se e \u00e7mojn\u00eb q\u00eb, n\u00eb ka nj\u00eb\norganizim q\u00eb t\u2019i jap\u00eb jet\u00eb \u00e7\u00ebshtjes shqip\u00ebtare, \u00ebsht\u00eb Vatra.\u201d\u2026. \u201cVatra \u00ebsht\u00eb si\nnj\u00eb gjeneral q\u00eb komandon nj\u00eb ushtri, e cila, po t\u00eb dal\u00eb fitimtare, nderin e\nmath e merr gjenerali dhe jo ushtar\u00ebt, t\u00eb cil\u00ebt derdhin dhe gjak, se ay \u00ebsht\u00eb\ntimoni i pun\u00ebs, ay \u00ebsht\u00eb q\u00eb b\u00ebn plane p\u00ebr t\u00eb d\u00ebrmuar armikun\u201d, \u2013 shkruan nd\u00ebr\nt\u00eb tjera n\u00eb shkrimin e tij, Bahri Omari\u2026.!\u201d<\/p>\n\n\n\n<p>&nbsp;&nbsp;&nbsp;&nbsp;&nbsp;&nbsp;&nbsp;&nbsp; Prof. Dr. Gjon Kelemendi, per shume\nvite krytar i deges se Vatres 33 ne Michgan, ne letren publike drejtuar me\nshume se nje vit me pare, forcave Demokratike Shqiptare, Opozites Shqiptare,\nVatran\u00ebve q\u00eb besojn\u00eb n\u00eb historin\u00eb Antikomunsite dhe Patriotike t\u00eb Vatres,\nthuhet:\u201d\u2026Ne perpjekje per te ndihmuar demokracine Shqiptare dhe, Organizaten\nPanShqiptare \u201cVatra\u201d nje nga format dhe menyrat asht, te themi mendimin tone me\nza dhe me force. Per dekada me radhe kane heshtur breza. Heshtja asht armik i\nproceseve te zhvillimit te nje vendi, te nje kombi. I drejtohem ketyre\nforcave,&nbsp; dhe individeve&nbsp; te mos heshtin perballe transformimit te\n\u201cVatres\u201d, qe prej disa kohesh ka vendosur ne krye te saj, me&nbsp; taktika te errta, nje kryetar me lidhje te\nforta me rregjimin komunist, Dritan Mishten, biri i prokurorit komunist Petraq\nMishto, i cili ka kerkuar denime kapitale. Dritan Mishto, Kryetari i tanish\u00ebm i\nFederat\u00ebs Panshqiptare \u201cVatra\u201d,&nbsp; nuk\n\u00ebsht\u00eb prononcuar asnj\u00ebher\u00eb p\u00ebr veprimtarin\u00eb&nbsp;\ne njohur t\u00eb t\u00eb atit. Po k\u00ebshtu, bashk\u00ebshortja e Kryetarit Agata Mishto\n\u00ebsht\u00eb sekretare e nj\u00eb shoqate te lobit Grek&nbsp;\nn\u00eb New York, \u00e7ka edhe po te donim ta falnim per te paren,nuk mund ta\nfalim per te dyten, qe ky Zotni te jete ne krye te Federates Atdhetare Vatra.\nSi vatran, q\u00eb e kam amanet k\u00ebt\u00eb Federat\u00eb antikomuniste, nga disa vatran\u00eb q\u00eb\nishin modeli i patriotizmit dhe urtesise dhe, qe p\u00ebr fatin ton\u00eb t\u00eb keq nuk\njetojn\u00eb m\u00eb, bej thirrje per&nbsp; distancimin\ntuaj publik, lidhur me k\u00ebt\u00eb akt t\u00eb paprecedent n\u00eb historin\u00eb 106 vjecare t\u00eb\nk\u00ebsaj organizate! Ve\u00e7an\u00ebrisht k\u00ebrkoj nga vatran\u00ebt e p\u00ebrnj\u00ebm\u00ebndet t\u00eb sot\u00ebm ta\nlargojn\u00eb m\u00ebnj\u00ebher\u00eb kryetarin&nbsp; Dritan\nMishto,&nbsp; gjith\u00eb sigurimsat dhe njer\u00ebzit e\ndyshimt\u00eb nga kjo organizat\u00eb e nj\u00eb r\u00ebnd\u00ebsie t\u00eb ve\u00e7ant\u00eb!\u201d<\/p>\n\n\n\n<p>Lutemi \u00e7do\nnjeri me dore ne zemer dhe me gjakftohtesi gjykoni mbi shqetesimet e ketyre\nnjerezve se ne fund te fudit jo te jeni Vatra, por as Haxhi i Haxhiut te Vatres\npo te jeni, nuk keni as pushtet dhe as nje fije gram sundimi mbi medimin e\nlire, mbi te drejten e tjetrit, se vete secili i zgjidhin problemet personale e\nfamiljare brenda ligjeve amerikane. Ju po silleni sikur jeni nje segment i\ndiktatures ne diaspore, mbasi jeni mbi peshe me dhjamin e komunizmit qe ua ka\nerresuar pamjen. Sa per hakmarrjen ju kujtoj se e njohim aq mire sa nuk ua pret\nmendja dhe \u00e7do njeriu qe leshon zagaret te lehin e dini se \u00e7\u2019kerkon ham hami! <\/p>\n\n\n\n<p>&nbsp;&nbsp;&nbsp;&nbsp;&nbsp;&nbsp; <strong>PAK\nRADHE SI MBYLLJE <\/strong><\/p>\n\n\n\n<p><em>&nbsp;&nbsp;&nbsp;&nbsp;&nbsp;\nVatra sot eshte me dy krena, kush do ta kete sqepin me te forte, te ia nxjerrin\nsyte njeri &#8211; tjetrit?! <\/em><\/p>\n\n\n\n<p><em>&nbsp;&nbsp;&nbsp;&nbsp;&nbsp;&nbsp;&nbsp; <\/em>Vatra eshte krijuar nga bashkimi i disa shoqatave, te cilat\ndo te ruanin identitetin e tyre, me qellim kontributin ndaj ceshtjes kombetare,\nper clirimin e vendit nga Perandoria Osmane. Me fondet e saj u kryen disa misione\nte fuqishme dhe kontributi i saj per Shqiperi eshte nje yll drite. Qellimi\ntjeter i&nbsp; drejtueve te saj ishte marrja e\npushtetit ne Shqiperi. Kete e a treguar veprimi i Nolit me revoluconin e 1924,\ne ka treguar edhe Konica qe pretendonte me te drejte per kryeminister e pse jo\nedhe me lart. Nuk duhet harruar poezia qe beri ne deren e aeroplanit dhe 14\nvjet ambasador i Zogut ne Amerike. Ne qe kemi jetuar ne Shqiperi ne kohen e\nkomunizmit e dime se Vatra nuk eshte shpallur organizate antikomunite. Ajo\nkontrollohej nga Komiteti Qendror i partise se punes dhe kreret\nzgjidheshin&nbsp; e nje menyre ose nje tjeter\nnga kjo parti. Ne KQ te partise ne katin e dyte ka qene zyra qe merrej me\nVatren. Ne komunitetin shqiptar, po thuajse eshte shuar levizja kulturore e\nnacionale. Varta kerkon pushtet dhe marrje fryme te 249 shoqatave te tjera. Nje\nish prift me vatranet e vet, futi ne kontradite shoqaten Malesia e Madhe, duke\nu perfshire ne nje afere shitje me vlere nje million e 500 mije dollare, por\nper fat nuk ndodhi.&nbsp; Vite me pare u\nmblodhen 450 intelektuale ne Detroit dhe krijuan shoqaten e tyre dhe tani ajo eshte\nshuar. Kush e beri kete pervec agjenteve?! Duhen ndaluar mbledhjet politike ne\nInstitucionet e kultit ashtu si\u00e7 ben lideri i muslmaneve, qe eshte nje shtylle\ne unitetit, besimit dhe ruajtjes se frymes shqiptare. Ai nu pranon politike ne\nxhami! <\/p>\n\n\n\n<p>&nbsp;&nbsp;&nbsp;&nbsp;&nbsp; Pashe qe krytarit te Vatres i kane dhene\nnje dekorate univeriteti \u201cLuarasi\u201d ne Shqiperi dhe nje ne Prishtine Hardinaj,\nky i fundit as denjon te nderoje dhe te falenderoje ato qe e ndihmuan ne\nsensibilizimin e opinonit boteror dhe atij Amerikan, kur ishte ne Hage. Nje\nselfie e krytarit ne Tirane e ne Prishtine nuk eshte nevoja te kalosh ne\nBeograd dhe ne Athine se Bac eshte kry, per ta dhe jo per komunitetin shqiptar\nqe e duan te percare. E don edhe Vatra, qellimi, i te cileve eshte qe nje grup\nte jene deputet ne parlamentin shqiptar. Deri ketu e ka kete huq morri i kuq qe\nka \u00e7erdhen e vet te pare, padrejtesisht dhe ne kundershtim me kanunoren, edhe ne\nVater. <\/p>\n\n\n\n<p>&nbsp;&nbsp;&nbsp;&nbsp;&nbsp;&nbsp; Pesonalisht, si njeri i paperfshire ne\npolitike dhe ne organizata e shoqata ne diaspore uroj qe Vatra dhe fryma e saj\nte pastrohet nga oksigjeni i vjeter e i mykur nga bombula e komunizmit, qe\nKomiteti qendror i patise komuniste te shqiptareve te Amerikes e ka kthyer ne\nnje nga 85 celulat e saj. Eshte ne te mire te saj qe ne e&nbsp; deshirojme qe ajo te hapet, sidomos me rinine\ndhe jo te mbaje nga dy tre veta per te krijuar imazhin e rreme te kraheve. Kjo\nmud te arrihet nese politika shqiptare i mban duart larg nga kjo shoqate dhe\najo te marre fryme lirisht ne anetaresimet e saj dhe ne vendimet sipas\nprogramit dhe kanunores. Une i uroj Vatres me te miren, ngritjen dhe forcimin\nne baze te nje demokracie te mbrendeshme, duke i mbajtur larg dhembet nga\nlekura e te tjereve dhe qellimet politike, te cilat do ta kalbin me keq se e\nkane kalbur. Nese nuk eshte krimbur, njerez ruajeni emrin e saj nga krimbat e\nkaterkendehit Tirane \u2013Prishtine-Beograd dhe Athine,\u2026pash nderin mos Vasiliqi!<\/p>\n","protected":false},"excerpt":{"rendered":"<p>&nbsp;&nbsp;&nbsp;&nbsp;&nbsp;&nbsp;&nbsp;&nbsp;&nbsp;&nbsp;&nbsp; O Zot bej mrekulli dhe na e ruaj emrin e mire te Vatres. O zot shkurtoja duart politkes ne katerkendeshin Tirane &#8211; Prishtine \u2013 Beograd \u2013Athine. Pse dekoratat dhe cokullatat politika shqiptare dhe ajo kosovare i ndajne me Vatren?! \u00a0\u00a0\u00a0\u00a0\u00a0\u00a0\u00a0\u00a0\u00a0\u00a0\u00a0\u00a0\u00a0 \u00a0\u00a0\u00a0\u00a0\u00a0\u00a0\u00a0\u00a0\u00a0\u00a0\u00a0\u00a0\u00a0 &nbsp;&nbsp;&nbsp;&nbsp;&nbsp;&nbsp;&nbsp;&nbsp;&nbsp;&nbsp;&nbsp;&nbsp;&nbsp;&nbsp; ZEF PERGEGA &nbsp;&nbsp;&nbsp;&nbsp;&nbsp;&nbsp;&nbsp;&nbsp;&nbsp;&nbsp;&nbsp;&nbsp;&nbsp;&nbsp;&nbsp;&nbsp;&nbsp; Analist, autor ne SHBA &nbsp;&nbsp;&nbsp;&nbsp;&nbsp;&nbsp; Ne kete pike ka&hellip;<\/p>\n","protected":false},"author":1,"featured_media":8601,"comment_status":"open","ping_status":"open","sticky":false,"template":"","format":"standard","meta":{"footnotes":""},"categories":[11],"tags":[],"class_list":["post-8600","post","type-post","status-publish","format-standard","has-post-thumbnail","hentry","category-publicistike"],"_links":{"self":[{"href":"https:\/\/revistakuvendi.org\/index.php?rest_route=\/wp\/v2\/posts\/8600","targetHints":{"allow":["GET"]}}],"collection":[{"href":"https:\/\/revistakuvendi.org\/index.php?rest_route=\/wp\/v2\/posts"}],"about":[{"href":"https:\/\/revistakuvendi.org\/index.php?rest_route=\/wp\/v2\/types\/post"}],"author":[{"embeddable":true,"href":"https:\/\/revistakuvendi.org\/index.php?rest_route=\/wp\/v2\/users\/1"}],"replies":[{"embeddable":true,"href":"https:\/\/revistakuvendi.org\/index.php?rest_route=%2Fwp%2Fv2%2Fcomments&post=8600"}],"version-history":[{"count":2,"href":"https:\/\/revistakuvendi.org\/index.php?rest_route=\/wp\/v2\/posts\/8600\/revisions"}],"predecessor-version":[{"id":8603,"href":"https:\/\/revistakuvendi.org\/index.php?rest_route=\/wp\/v2\/posts\/8600\/revisions\/8603"}],"wp:featuredmedia":[{"embeddable":true,"href":"https:\/\/revistakuvendi.org\/index.php?rest_route=\/wp\/v2\/media\/8601"}],"wp:attachment":[{"href":"https:\/\/revistakuvendi.org\/index.php?rest_route=%2Fwp%2Fv2%2Fmedia&parent=8600"}],"wp:term":[{"taxonomy":"category","embeddable":true,"href":"https:\/\/revistakuvendi.org\/index.php?rest_route=%2Fwp%2Fv2%2Fcategories&post=8600"},{"taxonomy":"post_tag","embeddable":true,"href":"https:\/\/revistakuvendi.org\/index.php?rest_route=%2Fwp%2Fv2%2Ftags&post=8600"}],"curies":[{"name":"wp","href":"https:\/\/api.w.org\/{rel}","templated":true}]}}