{"id":8545,"date":"2020-09-08T17:13:58","date_gmt":"2020-09-08T17:13:58","guid":{"rendered":"http:\/\/revistakuvendi.org\/?p=8545"},"modified":"2020-09-08T17:16:25","modified_gmt":"2020-09-08T17:16:25","slug":"thenie-per-punen","status":"publish","type":"post","link":"https:\/\/revistakuvendi.org\/?p=8545","title":{"rendered":"THENIE PER PUNEN"},"content":{"rendered":"\n<figure class=\"wp-block-image is-resized\"><img loading=\"lazy\" decoding=\"async\" src=\"http:\/\/revistakuvendi.org\/wp-content\/uploads\/2020\/09\/Labor-Day-1024x512.jpg\" alt=\"\" class=\"wp-image-8546\" width=\"276\" height=\"138\" srcset=\"https:\/\/revistakuvendi.org\/wp-content\/uploads\/2020\/09\/Labor-Day-1024x512.jpg 1024w, https:\/\/revistakuvendi.org\/wp-content\/uploads\/2020\/09\/Labor-Day-300x150.jpg 300w, https:\/\/revistakuvendi.org\/wp-content\/uploads\/2020\/09\/Labor-Day-768x384.jpg 768w, https:\/\/revistakuvendi.org\/wp-content\/uploads\/2020\/09\/Labor-Day.jpg 1200w\" sizes=\"auto, (max-width: 276px) 100vw, 276px\" \/><\/figure>\n\n\n\n<p>. \u201cNjeriu q\u00eb ka\narritje n\u00eb jet\u00ebn e tij b\u00ebn shum\u00eb gabime, por ai nuk b\u00ebn kurr\u00eb gabimin m\u00eb t\u00eb\nmadh&nbsp;&nbsp;nga t\u00eb gjith\u00eb \u2013 t\u00eb mos b\u00ebrit asgj\u00eb\u201d. Benxhamin Frenklin<\/p>\n\n\n\n<p>&nbsp;\u201cNuk ka asnj\u00eb sekret n\u00eb pasjen e suksesit. Ai\n\u00ebsht\u00eb rezultat i p\u00ebrgatitjes, pun\u00ebs s\u00eb madhe dhe m\u00ebsimeve nga d\u00ebshtimet\u201d. Kolin\nPauell<\/p>\n\n\n\n<p>&nbsp;\u201cMos harroni se d\u00ebshtimi \u00ebsht\u00eb nj\u00eb ngjarje,\ndhe jo nj\u00eb person\u201d. Zig Ziglar<\/p>\n\n\n\n<p>\u201cN\u00ebse\ns\u2019jeni t\u00eb p\u00ebrgatitur p\u00ebr t\u00eb gabuar, s\u2019do t\u00eb krijoni asnj\u00ebher\u00eb ndonj\u00eb gj\u00eb\norigjinale\u201d. Ken Robinson<\/p>\n\n\n\n<p>\u201cD\u00ebshtimi\n\u00ebsht\u00eb vet\u00ebm mund\u00ebsia p\u00ebr t\u2019ia filluar s\u00ebrish nga e para, vet\u00ebm se k\u00ebt\u00eb her\u00eb me\nm\u00eb shum\u00eb men\u00e7uri\u201d. Henri Ford<\/p>\n\n\n\n<p>P\u00ebr t\u00eb\nb\u00ebr\u00eb armiq nuk \u00ebsht\u00eb e nevojshme t\u00eb shpall\u00ebsh luft\u00eb; mjafton t\u00eb thuash at\u00eb q\u00eb\nmendon.<\/p>\n\n\n\n<p>[ Martin Luther King ]<\/p>\n\n\n\n<p>&#8220;Cdo\nnjeri inteligjent e di se jeta eshte e bukur, dhe se qellimi i saj eshte te\njesh i lumtur. Por duket se vetem idiotet jane te lumtur. Si shpjegohet\nkjo?&#8221;<\/p>\n\n\n\n<p>Orhan Pamuk<\/p>\n\n\n\n<p>Kam\npar\u00eb njer\u00ebz, q\u00eb largoheshin nga un\u00eb pa asnj\u00eb arsye.<br>\nDhe persona, q\u00eb q\u00ebndruan dhe pse ua dhash\u00eb gjitha arsyet p\u00ebr t\u00eb ikur.<\/p>\n\n\n\n<p>| Charles Bukowski |<\/p>\n\n\n\n<p>Kam\npar\u00eb njer\u00ebz, q\u00eb largoheshin nga un\u00eb pa asnj\u00eb arsye.<br>\nDhe persona, q\u00eb q\u00ebndruan dhe pse ua dhash\u00eb gjitha arsyet p\u00ebr t\u00eb ikur.<\/p>\n\n\n\n<p>| Charles Bukowski |<\/p>\n\n\n\n<p>Seriozisht kam frik\u00eb ti njoh njer\u00ebzit!<br> Gjithmon\u00eb do ket\u00eb dicka brenda tyre, q\u00eb do t\u00eb t\u00eb surprizoj\u00eb pafund. Madje do t\u00eb t\u00eb zhg\u00ebnjej!<br> Fatkeq\u00ebsisht&#8230;<\/p>\n\n\n\n<div class=\"wp-block-image\"><figure class=\"alignleft is-resized\"><img loading=\"lazy\" decoding=\"async\" src=\"http:\/\/revistakuvendi.org\/wp-content\/uploads\/2020\/09\/Victor-Hugo-Quotes-1024x578.jpg\" alt=\"\" class=\"wp-image-8549\" width=\"317\" height=\"179\" srcset=\"https:\/\/revistakuvendi.org\/wp-content\/uploads\/2020\/09\/Victor-Hugo-Quotes.jpg 1024w, https:\/\/revistakuvendi.org\/wp-content\/uploads\/2020\/09\/Victor-Hugo-Quotes-300x169.jpg 300w, https:\/\/revistakuvendi.org\/wp-content\/uploads\/2020\/09\/Victor-Hugo-Quotes-768x434.jpg 768w, https:\/\/revistakuvendi.org\/wp-content\/uploads\/2020\/09\/Victor-Hugo-Quotes-460x260.jpg 460w\" sizes=\"auto, (max-width: 317px) 100vw, 317px\" \/><\/figure><\/div>\n\n\n\n<p>| Viktor Hygo |<\/p>\n\n\n\n<p>Shqiponjave u q\u00ebllon\nedhe posht\u00eb pulave t\u00eb ulen<br>\nPo pulat kurr\u00eb deri n\u00eb re dot s\u2019ngjiten<br>\nN.J.Krillov<\/p>\n","protected":false},"excerpt":{"rendered":"<p>. \u201cNjeriu q\u00eb ka arritje n\u00eb jet\u00ebn e tij b\u00ebn shum\u00eb gabime, por ai nuk b\u00ebn kurr\u00eb gabimin m\u00eb t\u00eb madh&nbsp;&nbsp;nga t\u00eb gjith\u00eb \u2013 t\u00eb mos b\u00ebrit asgj\u00eb\u201d. Benxhamin Frenklin &nbsp;\u201cNuk ka asnj\u00eb sekret n\u00eb pasjen e suksesit. Ai \u00ebsht\u00eb rezultat i p\u00ebrgatitjes, pun\u00ebs s\u00eb madhe dhe m\u00ebsimeve nga d\u00ebshtimet\u201d. Kolin Pauell &nbsp;\u201cMos harroni se&hellip;<\/p>\n","protected":false},"author":1,"featured_media":8546,"comment_status":"open","ping_status":"open","sticky":false,"template":"","format":"standard","meta":{"footnotes":""},"categories":[1],"tags":[],"class_list":["post-8545","post","type-post","status-publish","format-standard","has-post-thumbnail","hentry","category-intervista"],"_links":{"self":[{"href":"https:\/\/revistakuvendi.org\/index.php?rest_route=\/wp\/v2\/posts\/8545","targetHints":{"allow":["GET"]}}],"collection":[{"href":"https:\/\/revistakuvendi.org\/index.php?rest_route=\/wp\/v2\/posts"}],"about":[{"href":"https:\/\/revistakuvendi.org\/index.php?rest_route=\/wp\/v2\/types\/post"}],"author":[{"embeddable":true,"href":"https:\/\/revistakuvendi.org\/index.php?rest_route=\/wp\/v2\/users\/1"}],"replies":[{"embeddable":true,"href":"https:\/\/revistakuvendi.org\/index.php?rest_route=%2Fwp%2Fv2%2Fcomments&post=8545"}],"version-history":[{"count":3,"href":"https:\/\/revistakuvendi.org\/index.php?rest_route=\/wp\/v2\/posts\/8545\/revisions"}],"predecessor-version":[{"id":8550,"href":"https:\/\/revistakuvendi.org\/index.php?rest_route=\/wp\/v2\/posts\/8545\/revisions\/8550"}],"wp:featuredmedia":[{"embeddable":true,"href":"https:\/\/revistakuvendi.org\/index.php?rest_route=\/wp\/v2\/media\/8546"}],"wp:attachment":[{"href":"https:\/\/revistakuvendi.org\/index.php?rest_route=%2Fwp%2Fv2%2Fmedia&parent=8545"}],"wp:term":[{"taxonomy":"category","embeddable":true,"href":"https:\/\/revistakuvendi.org\/index.php?rest_route=%2Fwp%2Fv2%2Fcategories&post=8545"},{"taxonomy":"post_tag","embeddable":true,"href":"https:\/\/revistakuvendi.org\/index.php?rest_route=%2Fwp%2Fv2%2Ftags&post=8545"}],"curies":[{"name":"wp","href":"https:\/\/api.w.org\/{rel}","templated":true}]}}