{"id":8534,"date":"2020-09-06T23:44:00","date_gmt":"2020-09-06T23:44:00","guid":{"rendered":"http:\/\/revistakuvendi.org\/?p=8534"},"modified":"2020-09-06T23:44:00","modified_gmt":"2020-09-06T23:44:00","slug":"ma-mire-lopa-e-vjeter-me-pak-tamel-apo-vici-i-vogel-qe-thith-gjithe-enen","status":"publish","type":"post","link":"https:\/\/revistakuvendi.org\/?p=8534","title":{"rendered":"MA MIRE \u201cLOPA E VJETER\u201d ME PAK TAMEL, APO \u201cVI\u00c7I I VOGEL\u201d QE THITH GJITHE ENEN\u2026?!\u201d"},"content":{"rendered":"\n<figure class=\"wp-block-image\"><img loading=\"lazy\" decoding=\"async\" width=\"108\" height=\"151\" src=\"http:\/\/revistakuvendi.org\/wp-content\/uploads\/2020\/09\/zef-pergega-1.png\" alt=\"\" class=\"wp-image-8535\"\/><\/figure>\n\n\n\n<p><strong>ZEF PERGEGA<\/strong><\/p>\n\n\n\n<p><strong>Analist ne SHBA<\/strong><\/p>\n\n\n\n<p>&nbsp;&nbsp;&nbsp;&nbsp;&nbsp;&nbsp; Zgjedhjet ne Mal te ZI perfunduan.\nKomisioni shpalli fitues opoziten dhe kater Ambrozoviqet. Thone se eshte\nshqiptar se flet shqip. Emrin e ka nga shqipja&nbsp;\ne mbiemrin e shartuar nga osmanet me nje bisht te perdredhur serb, qe ne\nshqip do te thote i vogli i lopes shtepiake. Ka &nbsp;kundershtuar me force antaresimin e Malit te\nZi ne Nato dhe rrugen e tij Europiane. Ka shfaqur objeksione negative per lufen\ne Kosoves, nderhyrjen e Natos dhe shpalljen e Kosoves shtet i pavaruar. Ka mohuar\npalcen e perpjekjve te shqiptareve, per tu shkeputur nga pushtimi osman dhe ka\nkontestuar origjinen e familjes se Heroit tone Kombetar Gjergj Kastrioti Skenderbeu.\nTani Abrazovic me kater vete po thone se eshte \u00e7elesi e Korifeu i ri i Malit te\nZi!<\/p>\n\n\n\n<p>\u201cGame Cheger!\u201d\nshqiptar me levizjen e tij \u201cUra\u201d multietnike me bishtnime kurrizore pro serbe.\nKy thote se ka patur shume sulme nga partite shqiptare, te cilat sipas tij nuk\ne pranojne nje shqiptar qe mund te perfaqesoje Malin e Zi ne nje nivel te\nlarte. Po te ishte shqiptar do te ishte ne partite shqiptare dhe jo jashte\ntyre.&nbsp; Po te ishte shqiptar do te bente\nkualicion me partite shqiptare, por jo, ky \u201c\u00e7eles\u201d maxhik apo automatik, per te\nardhmen e Malit te Zi, ka kaluar me \u00e7etniket, politika e te cileve e ka\ngjakosur qysh ne Luften e Dyte Boterore popullin shqiptar, qe jeton ne keto\ntroje te veta , kur nuk kish njeri. Tani qe veza po vjen drejt karrikes se\npushtetit, ky njomcak i shartuar i ka mohuar deklarimet e tij. Nuk kuptohet se\nsi nje njeri pa pervoje administrative e politike te nevojshme per te drejtuar\nnje institucion te larte, mund te pretendoje per poste te larta, qe rrine\npezull prej vitesh ne imagjinaten e tij te lakmive!. Ndoshta, kjo do ti sjelle\nMalit te Zi nje groposje.<\/p>\n\n\n\n<p>&nbsp; Gjukanoviqi si nje Berluskon i Ballkanit,\nedhe pse ka leshuar me pikatore te vonuara ne lirite dhe te drejtat e shqiptarve,\neshte kontestuar rende nga diaspora shqiptare e Amerikes, sidomos nga malesoret,\nte cilet kane dale ne demostrata kundra tij, madje edhe te fuqishme, sa ka\nsjellur ne vemedje politiken Amrikane. Pa dashur ta ofendojme, mendoj se me\nmire do te ishte \u201clopa e vjeter\u201d me pak tamel, apo abrozoviqet qe do ta thithin\nte gjithe enen?! Nuk kam pare asnje demonstrate apo denoncim te jete bere\nkundra Ambrozit, per deklarimet dhe devijimet e tij poltike. A duhet besuar\nketij njeriu qe gelltit helmin e vet antishqiptar?!<\/p>\n\n\n\n<p>Pushteti 30\nvje\u00e7ar ne Mal te Zi, si kudo ka nevoje te reformohet. Po si me permbysje apo me\nreforma?!<\/p>\n\n\n\n<p>Abrazoviqet,\nkur e moren vesh rezualtain fitues ne keto zgjedhje, me postualtin qe ua dha Rama\nne dore , duke mbeshtetur&nbsp; Milon, u formulue\nnga opozita si \u201cShqiperia e Madhe\u2019\u2019 u pa se&nbsp;\nn\u00eb mitingun m\u00eb t\u00eb madh t\u00eb opozit\u00ebs nuk kishte flamuj e parulla kund\u00ebr\nkorrupsionit, krimit t\u00eb organizuar apo diktatur\u00ebs politike, si\u00e7 e quajten ato\ngjate fushates elektorale, por kishte k\u00ebng\u00eb \u00e7etnike, brohoritje p\u00ebr Serbi t\u00eb\nmadhe dhe flamuj korrespondues. Abaz Viqi nuk e tundi flamurin shqiptar si etni\ndecisive, qe vulosi pavaresine e Malit te Zi. Si\u00e7 thone analistet se konflikti\n\u00ebsht\u00eb n\u00eb fakt mes forcave politike q\u00eb e nd\u00ebrtuan identitetin e ri malazez &#8211;\nbazuar n\u00eb shtet\u00ebsin\u00eb par\u00ebsore t\u00eb shekullit XIX dhe aspiratave euroatlantike dhe\nforcave politike q\u00eb e shohin Malin e Zi si nj\u00eb shtet malor serb, me tradit\u00eb t\u00eb\ngjat\u00eb n\u00eb folklorin e eposit serb dhe as vjen ne pytje asnje etni ne Mal te Zi\ndhe as me pak ajo shqiptare, qe do te mbulohet nga harreza poltike dhe do te\nshkilet me patkonj nga kali serbomadh.<\/p>\n\n\n\n<p>Per\nshqiptaret nuk eshte e panjohur politika dhe forcat qe e perfaqesojne\nalternativen e re shtetrore ne Mal te Zi. Po nga do te ia mbajne?! Do te bien\nnga shiu ne bresher?! Me rrezimin e Gjukanoviqit vune vetullat apo nxoren\nsyte?! Mese shumti duhet te mprehin edhe njehre \u201carmet\u201d dhe te luftojne edhe\nper 30 vjet kliken jugosllavsise qe do te vije ne pushtet. Nese Abazoviqi me gjithe\nbishtin eshte shqiptar, ai sepkau duhej te konsultohej me presidentin aktual\nper nje bashkepunim me disa kushte: reformimin e administrates dhe ligjeve, per\nnje Mal te Zi gjithe perfshires ne baze te raporteve dhe perqindjeve te etnive.\n&nbsp;Shqiptaret duhet te kene keto poste te\ngarantuara, malazet, serbet e boshnjaktet ne menyre qe pushteti te mos abuzoje\ne te reshqase ne afera korruptive e diktoriale me kostume te bardha ne fjale e\nme frak te zi ne vepra. Shqiptaret duhet ti japin fund njehere e pergjithmone\ndufit te ekzaltimimeve, deri ne ekstaze te rrezimeve, duke shkelur mbi arsyen dhe\nanalizave &nbsp;te qeta dhe te ftohta, duke\nvene ne krye dijen e duke larguar nga vetja injorancen ne prirje!<\/p>\n\n\n\n<p>Gjukanoviqi\nishte per ndarjen e shetit nga kisha, po Abrozviqi don pushtetin e kishes mbi\nshtetin?! Kjo do te sillte konfike fetare mes besimeve te tjera si ate musliman\ndhe ate katolik. Kisha serbe nuk i njeh etnite e, sidomos ate shqiptare qe\neshte ne trojet e veta shekullore. Abrozoviq a do te lundroje drejt majave te\npushtetit me anijen e kishes serbe?!Vertete Abrozoviq me kater deputet kondicionues\nmund te jete arkitekti i shtigjeve te reja per demokratizimin dhe integrimin e\nshpejt te Malit te Zi, ky marinar i papjekur ne dallget e detit politik, si\u00e7\neshte Gjukanovici! Shqitaret duhet te zgjedhin mes \u2018lopes se vjeter\u201d, qe prej\nsaj e moren nje pike tamel te ralle, se sa te sillen verdalle nga se viqi i vogel,\nqe do ta thithe te gjithe enen!<\/p>\n","protected":false},"excerpt":{"rendered":"<p>ZEF PERGEGA Analist ne SHBA &nbsp;&nbsp;&nbsp;&nbsp;&nbsp;&nbsp; Zgjedhjet ne Mal te ZI perfunduan. Komisioni shpalli fitues opoziten dhe kater Ambrozoviqet. Thone se eshte shqiptar se flet shqip. Emrin e ka nga shqipja&nbsp; e mbiemrin e shartuar nga osmanet me nje bisht te perdredhur serb, qe ne shqip do te thote i vogli i lopes shtepiake. Ka&hellip;<\/p>\n","protected":false},"author":1,"featured_media":0,"comment_status":"open","ping_status":"open","sticky":false,"template":"","format":"standard","meta":{"footnotes":""},"categories":[1],"tags":[],"class_list":["post-8534","post","type-post","status-publish","format-standard","hentry","category-intervista"],"_links":{"self":[{"href":"https:\/\/revistakuvendi.org\/index.php?rest_route=\/wp\/v2\/posts\/8534","targetHints":{"allow":["GET"]}}],"collection":[{"href":"https:\/\/revistakuvendi.org\/index.php?rest_route=\/wp\/v2\/posts"}],"about":[{"href":"https:\/\/revistakuvendi.org\/index.php?rest_route=\/wp\/v2\/types\/post"}],"author":[{"embeddable":true,"href":"https:\/\/revistakuvendi.org\/index.php?rest_route=\/wp\/v2\/users\/1"}],"replies":[{"embeddable":true,"href":"https:\/\/revistakuvendi.org\/index.php?rest_route=%2Fwp%2Fv2%2Fcomments&post=8534"}],"version-history":[{"count":1,"href":"https:\/\/revistakuvendi.org\/index.php?rest_route=\/wp\/v2\/posts\/8534\/revisions"}],"predecessor-version":[{"id":8536,"href":"https:\/\/revistakuvendi.org\/index.php?rest_route=\/wp\/v2\/posts\/8534\/revisions\/8536"}],"wp:attachment":[{"href":"https:\/\/revistakuvendi.org\/index.php?rest_route=%2Fwp%2Fv2%2Fmedia&parent=8534"}],"wp:term":[{"taxonomy":"category","embeddable":true,"href":"https:\/\/revistakuvendi.org\/index.php?rest_route=%2Fwp%2Fv2%2Fcategories&post=8534"},{"taxonomy":"post_tag","embeddable":true,"href":"https:\/\/revistakuvendi.org\/index.php?rest_route=%2Fwp%2Fv2%2Ftags&post=8534"}],"curies":[{"name":"wp","href":"https:\/\/api.w.org\/{rel}","templated":true}]}}