{"id":8375,"date":"2020-06-26T23:01:44","date_gmt":"2020-06-26T23:01:44","guid":{"rendered":"http:\/\/revistakuvendi.org\/?p=8375"},"modified":"2020-06-26T23:01:44","modified_gmt":"2020-06-26T23:01:44","slug":"derkucat-politik-te-diaspores-ne-amerike","status":"publish","type":"post","link":"https:\/\/revistakuvendi.org\/?p=8375","title":{"rendered":"Derkucat politik t\u00eb Diaspor\u00ebs n\u00eb Amerik\u00eb"},"content":{"rendered":"<p><a href=\"http:\/\/revistakuvendi.org\/wp-content\/uploads\/2019\/08\/pena1.jpg\"><img loading=\"lazy\" decoding=\"async\" class=\"alignleft size-full wp-image-7841\" src=\"http:\/\/revistakuvendi.org\/wp-content\/uploads\/2019\/08\/pena1.jpg\" alt=\"\" width=\"160\" height=\"158\" srcset=\"https:\/\/revistakuvendi.org\/wp-content\/uploads\/2019\/08\/pena1.jpg 160w, https:\/\/revistakuvendi.org\/wp-content\/uploads\/2019\/08\/pena1-50x50.jpg 50w\" sizes=\"auto, (max-width: 160px) 100vw, 160px\" \/><\/a>Doktor Danja pas nj\u00eb v\u00ebzhgimi t\u00eb gjat\u00eb dhe nj\u00eb mosdalje t\u00eb gjat\u00eb po p\u00ebrgadit shkrimin me titullin:<\/p>\n<p><strong>Derkucat politik t\u00eb Diaspor\u00ebs n\u00eb Amerik\u00eb<\/strong><!--more--><\/p>\n<p>E nuk jan\u00eb pak, e nuk jan\u00eb vulg. Mbahen p\u00ebr demek\u00a0 shkoll\u00ebtar\u00eb t\u00eb mbarsur me gic\u00ebri komuniste shqiprtare t\u00eb pashoqe. Derkucat, ose th\u00ebn\u00eb m\u00eb mir\u00eb gicat, si\u00e7 thon\u00eb ng\u00eb Jugu, rrokullisen si brumbuj mbi e n\u00ebn diploma komuniste e mend\u00ebsi lindore staliniste,\u00a0 ve\u00e7 n\u00eb t\u00eb majt\u00eb. Asnj\u00ebher\u00eb t\u00eb vetme nuk u merr krahu djathtas, edhe pse sa ishin n\u00eb atdhe b\u00ebnin si demokrat\u00eb djathtist\u00eb. Sapo shkelen k\u00ebtu, n\u00eb Amerik\u00eb dhe rr\u00ebshqiten n\u00eb ca t\u00eb ardhura t\u00eb rrumbullakosur, u b\u00ebn\u00eb vegla t\u00eb globalist\u00ebve, q\u00eb kishin e kan\u00eb dep\u00ebrtuar n\u00ebp\u00ebr shkollat amerikane dhe k\u00ebrc\u00ebnojn\u00eb, si bashk\u00ebpun\u00ebtor\u00ebt e dikursh\u00ebm t\u00eb komunizmit m\u00eb t\u00eb eg\u00ebr n\u00eb bot\u00eb, atij shqiptar. Stil dhe p\u00ebrmbajtje komuniste , mb\u00ebshtjell\u00eb me form\u00eb demokratike. Hiqen si t\u00eb ditur, q\u00eb ve\u00e7 ata mund t\u00eb japin k\u00ebshillat e duhura, se si shoq\u00ebria duhet rinovuar, duke menduar rendin e ri t\u00eb vjedhjeve e plackitjeve, t\u00eb dhunimit e vrasjeve, t\u00eb terrorizmit fshataresk t\u00eb lasht\u00ebsis\u00eb s\u00eb hunj\u00ebve e shpellave, bash midis t\u00eb Amerik\u00ebs\u00a0 dhe, pretendojn\u00eb q\u00eb shteti t\u00eb sillet mir\u00eb me ta! He heee!<\/p>\n<p><em>26 qershor 2020\u00a0 <\/em><\/p>\n","protected":false},"excerpt":{"rendered":"<p>Doktor Danja pas nj\u00eb v\u00ebzhgimi t\u00eb gjat\u00eb dhe nj\u00eb mosdalje t\u00eb gjat\u00eb po p\u00ebrgadit shkrimin me titullin: Derkucat politik t\u00eb Diaspor\u00ebs n\u00eb Amerik\u00eb<\/p>\n","protected":false},"author":1,"featured_media":7841,"comment_status":"open","ping_status":"open","sticky":false,"template":"","format":"standard","meta":{"footnotes":""},"categories":[5],"tags":[],"class_list":["post-8375","post","type-post","status-publish","format-standard","has-post-thumbnail","hentry","category-letersi"],"_links":{"self":[{"href":"https:\/\/revistakuvendi.org\/index.php?rest_route=\/wp\/v2\/posts\/8375","targetHints":{"allow":["GET"]}}],"collection":[{"href":"https:\/\/revistakuvendi.org\/index.php?rest_route=\/wp\/v2\/posts"}],"about":[{"href":"https:\/\/revistakuvendi.org\/index.php?rest_route=\/wp\/v2\/types\/post"}],"author":[{"embeddable":true,"href":"https:\/\/revistakuvendi.org\/index.php?rest_route=\/wp\/v2\/users\/1"}],"replies":[{"embeddable":true,"href":"https:\/\/revistakuvendi.org\/index.php?rest_route=%2Fwp%2Fv2%2Fcomments&post=8375"}],"version-history":[{"count":1,"href":"https:\/\/revistakuvendi.org\/index.php?rest_route=\/wp\/v2\/posts\/8375\/revisions"}],"predecessor-version":[{"id":8376,"href":"https:\/\/revistakuvendi.org\/index.php?rest_route=\/wp\/v2\/posts\/8375\/revisions\/8376"}],"wp:featuredmedia":[{"embeddable":true,"href":"https:\/\/revistakuvendi.org\/index.php?rest_route=\/wp\/v2\/media\/7841"}],"wp:attachment":[{"href":"https:\/\/revistakuvendi.org\/index.php?rest_route=%2Fwp%2Fv2%2Fmedia&parent=8375"}],"wp:term":[{"taxonomy":"category","embeddable":true,"href":"https:\/\/revistakuvendi.org\/index.php?rest_route=%2Fwp%2Fv2%2Fcategories&post=8375"},{"taxonomy":"post_tag","embeddable":true,"href":"https:\/\/revistakuvendi.org\/index.php?rest_route=%2Fwp%2Fv2%2Ftags&post=8375"}],"curies":[{"name":"wp","href":"https:\/\/api.w.org\/{rel}","templated":true}]}}