{"id":8371,"date":"2020-06-23T12:51:11","date_gmt":"2020-06-23T12:51:11","guid":{"rendered":"http:\/\/revistakuvendi.org\/?p=8371"},"modified":"2020-06-23T12:51:11","modified_gmt":"2020-06-23T12:51:11","slug":"libri-i-dhembjes-time-poezi-nga-lejla-hoti","status":"publish","type":"post","link":"https:\/\/revistakuvendi.org\/?p=8371","title":{"rendered":"LIBRI I DHEMBJES TIME  &#8211; Poezi nga Lejla Hoti"},"content":{"rendered":"<p><strong><a href=\"http:\/\/revistakuvendi.org\/wp-content\/uploads\/2020\/06\/lejlahoti.jpg\"><img loading=\"lazy\" decoding=\"async\" class=\"alignleft size-full wp-image-8372\" src=\"http:\/\/revistakuvendi.org\/wp-content\/uploads\/2020\/06\/lejlahoti.jpg\" alt=\"\" width=\"128\" height=\"160\" \/><\/a>LIBRI I DHEMBJES TIME\u00a0 <\/strong><\/p>\n<p>&nbsp;<\/p>\n<p>N\u00eb k\u00ebt\u00eb dit\u00eb libri, ndalem nuk qaj<\/p>\n<p>lexoj buz\u00ebqeshj\u00ebn t\u00ebnde<\/p>\n<p>vog\u00eblushja ime Fjoll\u00eb<\/p>\n<p>lexoj hapat tuaj q\u00eb kurr\u00eb s\u2019i b\u00ebre<!--more--><\/p>\n<p>lexoj shikimin e syve tu<\/p>\n<p>q\u00eb mban\u00eb nj\u00eb det dashuri<\/p>\n<p>N\u00eb k\u00ebt\u00eb dit\u00eb libri<\/p>\n<p>Libri i dhembjes time<\/p>\n<p>Fjoll\u00eb je ti<\/p>\n<p>Kez\u00eb e art\u00eb\u00a0 lidh\u00eb<\/p>\n<p>dhembje e dashuri<\/p>\n<p>Dhembja ime p\u00ebr ty<\/p>\n<p>l\u00ebkund\u00eb tok\u00eb, lumej\u00a0 e shkembij<\/p>\n<p>Ti ngrihesh mbi dhembje rilind\u00eb p\u00ebrs\u00ebri<\/p>\n<p>buz\u00ebqeshje-ngroht\u00ebsi<\/p>\n<p>Me duart tua t\u00eb vogla e pafuqi<\/p>\n<p>thur endrrat tona t\u00eb l\u00ebnduara<\/p>\n<p>n\u00eb k\u00ebt\u00eb bot\u00eb plot zymt\u00ebsi.<\/p>\n<p>&nbsp;<\/p>\n<p>&nbsp;<\/p>\n<p><strong>METAFORE E TRISHTIMIT TIM<\/strong><\/p>\n<p><strong>\u00a0<\/strong><\/p>\n<p>&nbsp;<\/p>\n<p>Po fillon nj\u00eb nat\u00eb e trisht\u00eb prilli<\/p>\n<p>e po mbaron me lotet klithma e r\u00ebnkime<\/p>\n<p>nga ti zem\u00ebr e vog\u00ebl e pafaj<\/p>\n<p>Bashk\u00eb m\u00eb ty-un\u00eb,<\/p>\n<p>shkronjat e vargu im qajn\u00eb.<\/p>\n<p>Metafor\u00eb e trishtimit tim<\/p>\n<p>nuk kam forc\u00eb asgj\u00eb t\u00eb b\u00ebj p\u00ebr ty<\/p>\n<p>shpirti im i pagosur<\/p>\n<p>kot zemren godas me grushtet e mi<\/p>\n<p>Zemr\u00ebn e mbushur m\u00eb nj\u00eb det trishtim<\/p>\n<p>shpirti im<\/p>\n<p>Oh, m\u00eb e fort\u00eb ishte s\u00ebmundja q\u00eb t\u00eb pushtoi ty-mua-ty<\/p>\n<p>Metafor\u00eb e shpirtit tim t\u00eb plagosur!<\/p>\n<p>&nbsp;<\/p>\n<p>&nbsp;<\/p>\n<p><strong>ENGJ\u00cbLLI\u00a0 IM<\/strong><\/p>\n<p><strong>\u00a0<\/strong><\/p>\n<p>Engjelli im<\/p>\n<p>k\u00eb me mbet\u00eb<\/p>\n<p>n\u00eb k\u00ebt\u00eb dhe at\u00eb jet\u00eb..<\/p>\n<p>s\u2019 ka sherim<\/p>\n<p>Engj\u00eblli im<\/p>\n<p>\u00e7do varg qe shkruaj<\/p>\n<p>e \u00e7do shkronj<\/p>\n<p>\u00ebsht\u00eb dhembje<\/p>\n<p>\u00ebsht\u00eb lot<\/p>\n<p>q\u00eb nuk ta them dot Ty<\/p>\n<p>Engjelli im,<\/p>\n<p>Sonte kam frike t\u00eb rrenkoj ma shum\u00eb<\/p>\n<p>Neser nuk di \u00e7\u2019 do t\u00eb ndodh\u00eb<\/p>\n<p>me dhembjen time t\u00eb pakufi<\/p>\n<p>engjelli im<\/p>\n<p>jetoj p\u00ebr ty!<\/p>\n","protected":false},"excerpt":{"rendered":"<p>LIBRI I DHEMBJES TIME\u00a0 &nbsp; N\u00eb k\u00ebt\u00eb dit\u00eb libri, ndalem nuk qaj lexoj buz\u00ebqeshj\u00ebn t\u00ebnde vog\u00eblushja ime Fjoll\u00eb lexoj hapat tuaj q\u00eb kurr\u00eb s\u2019i b\u00ebre<\/p>\n","protected":false},"author":1,"featured_media":8372,"comment_status":"open","ping_status":"open","sticky":false,"template":"","format":"standard","meta":{"footnotes":""},"categories":[7],"tags":[],"class_list":["post-8371","post","type-post","status-publish","format-standard","has-post-thumbnail","hentry","category-poezi"],"_links":{"self":[{"href":"https:\/\/revistakuvendi.org\/index.php?rest_route=\/wp\/v2\/posts\/8371","targetHints":{"allow":["GET"]}}],"collection":[{"href":"https:\/\/revistakuvendi.org\/index.php?rest_route=\/wp\/v2\/posts"}],"about":[{"href":"https:\/\/revistakuvendi.org\/index.php?rest_route=\/wp\/v2\/types\/post"}],"author":[{"embeddable":true,"href":"https:\/\/revistakuvendi.org\/index.php?rest_route=\/wp\/v2\/users\/1"}],"replies":[{"embeddable":true,"href":"https:\/\/revistakuvendi.org\/index.php?rest_route=%2Fwp%2Fv2%2Fcomments&post=8371"}],"version-history":[{"count":1,"href":"https:\/\/revistakuvendi.org\/index.php?rest_route=\/wp\/v2\/posts\/8371\/revisions"}],"predecessor-version":[{"id":8373,"href":"https:\/\/revistakuvendi.org\/index.php?rest_route=\/wp\/v2\/posts\/8371\/revisions\/8373"}],"wp:featuredmedia":[{"embeddable":true,"href":"https:\/\/revistakuvendi.org\/index.php?rest_route=\/wp\/v2\/media\/8372"}],"wp:attachment":[{"href":"https:\/\/revistakuvendi.org\/index.php?rest_route=%2Fwp%2Fv2%2Fmedia&parent=8371"}],"wp:term":[{"taxonomy":"category","embeddable":true,"href":"https:\/\/revistakuvendi.org\/index.php?rest_route=%2Fwp%2Fv2%2Fcategories&post=8371"},{"taxonomy":"post_tag","embeddable":true,"href":"https:\/\/revistakuvendi.org\/index.php?rest_route=%2Fwp%2Fv2%2Ftags&post=8371"}],"curies":[{"name":"wp","href":"https:\/\/api.w.org\/{rel}","templated":true}]}}