{"id":823,"date":"2012-05-18T15:12:06","date_gmt":"2012-05-18T15:12:06","guid":{"rendered":"http:\/\/revistakuvendi.org\/?p=823"},"modified":"2012-05-18T15:12:36","modified_gmt":"2012-05-18T15:12:36","slug":"823","status":"publish","type":"post","link":"https:\/\/revistakuvendi.org\/?p=823","title":{"rendered":"SAMITI I 25-T\u00cb I ALEANC\u00cbS S\u00cb ATLANTIKUT VERIOR \u2013 NATO, N\u00cb \u00c7IKAGO"},"content":{"rendered":"<p><strong>\u00a0 \u00a0 \u00a0 \u00a0 \u00a0 \u00a0 \u00a0 \u00a0 \u00a0 \u00a0\u00a0<a href=\"http:\/\/revistakuvendi.org\/wp-content\/uploads\/2012\/05\/Nato.jpg\"><img loading=\"lazy\" decoding=\"async\" class=\"alignleft size-full wp-image-824\" title=\"Nato\" src=\"http:\/\/revistakuvendi.org\/wp-content\/uploads\/2012\/05\/Nato.jpg\" alt=\"\" width=\"276\" height=\"220\" \/><\/a><br \/>\n<\/strong><\/p>\n<p><strong>\u00a0\u00a0\u00a0\u00a0\u00a0\u00a0\u00a0\u00a0\u00a0\u00a0\u00a0\u00a0\u00a0\u00a0\u00a0\u00a0\u00a0\u00a0\u00a0\u00a0\u00a0\u00a0\u00a0\u00a0\u00a0\u00a0\u00a0\u00a0\u00a0\u00a0\u00a0\u00a0\u00a0\u00a0\u00a0\u00a0\u00a0\u00a0\u00a0\u00a0\u00a0\u00a0\u00a0\u00a0\u00a0\u00a0\u00a0\u00a0\u00a0\u00a0\u00a0\u00a0\u00a0\u00a0\u00a0\u00a0\u00a0\u00a0\u00a0\u00a0\u00a0\u00a0\u00a0 Nga Frank Shkreli<\/strong><\/p>\n<p>M\u00eb 20 dhe 21 Maj n\u00eb \u00c7ikago t\u00eb Shteteve t\u00eb Bashkuara mbahet samiti ose mbledhja e nivelit t\u00eb lart\u00eb e udh\u00ebheq\u00ebsve t\u00eb vendeve an\u00ebtare t\u00eb NATO-s,\u00a0 p\u00ebr takimin e 25-t\u00eb aleanc\u00ebs s\u00eb Atlantikut Verior.\u00a0\u00a0 Presidenti Barak Obama do t\u00eb pres\u00eb udh\u00ebheqsit e vendeve t\u00eb NATO-s n\u00eb qytetin e tij \u00c7ikago, ku do t\u00eb bisedohet\u00a0 p\u00ebr t\u00eb ardhmen e aleanc\u00ebs\u00a0 ushtarake,\u00a0 duke u p\u00ebrq\u00ebndruar kryesisht\u00a0 mbi gj\u00ebndjen n\u00eb Afganistan, <!--more-->por edhe mbi sfida t\u00eb tjera me t\u00eb cilat p\u00ebrballet k\u00ebjo organizat\u00eb n\u00eb shekullin 21.\u00a0 Nevoja\u00a0 p\u00ebr t\u00eb siguruar se aleanca ka aft\u00ebsit\u00eb dhe mund\u00ebsit\u00eb p\u00ebr t\u00eb mbrojtur popujt dhe territoret e vendeve an\u00ebtare, si edhe doemosdoshm\u00ebria p\u00ebr\u00a0 forcimin\u00a0 dhe zgj\u00ebrimni e rrjetit t\u00eb partner\u00ebve t\u00eb NATO-s\u00a0 an\u00eb e mban\u00eb bot\u00ebs, \u00ebsht\u00eb gjithashtu n\u00eb rendin e dit\u00ebs.\u00a0\u00a0 Sepse, sipas vet aleanc\u00ebs,\u00a0 si nj\u00eb mjet i paz\u00ebvendsuesh\u00ebm stabiliteti,\u00a0 NATO nevojit\u00eb t\u00eb ruaj kapacitetet q\u00eb ka tani dhe t\u00eb mbroj\u00eb sigurin\u00eb dhe vlerat e vendeve an\u00ebtare, nd\u00ebrkoh\u00eb q\u00eb p\u00ebrpiqet t\u00eb krijoj\u00eb mund\u00ebsi p\u00ebr partneritete edhe me vendet\u00a0 jasht\u00eb rajonit gjeografik t\u00eb Atlantikut Verior.<\/p>\n<p>Pritet q\u00eb n\u00eb tubimin e \u00c7ikagos, tema kryesorte t\u00eb jet\u00eb Afanistani.\u00a0 NATO do t\u00eb vendos\u00eb p\u00ebr t\u00ebrheqjen e trupave ushtarake nga ai vend\u00a0 mbrenda mbarimit t\u00eb vitit 2014, nd\u00ebrkoh\u00eb q\u00eb do t\u00eb angazhohet q\u00eb t\u00eb zhvilloj\u00eb nj\u00eb partneritet afatgjat\u00eb me popullin e atij vendi.\u00a0\u00a0 K\u00ebjo, sipas ekspert\u00ebve, ndodh\u00eb\u00a0 sepse n\u00eb vendet demokratike an\u00ebtare t\u00eb NATO-s nuk ekziston m\u00eb nj\u00eb p\u00ebrkrahje p\u00ebr luft\u00ebn n\u00eb Afganistan dhe si rrjedhim politika duhet patjet\u00ebr t\u00eb reflektoj\u00eb d\u00ebshir\u00ebn e shumic\u00ebs s\u00eb popullit t\u00eb vendeve an\u00ebtare, qoft\u00eb k\u00ebtu n\u00eb Shtete e Bashkuara, qoft\u00eb n\u00eb\u00a0 Evrop\u00eb.<\/p>\n<p>Ekspert\u00ebt thon\u00eb se afati i t\u00ebrheqjes s\u00eb forcave t\u00eb aleanc\u00ebs per\u00ebndimore nga Afganistani duhet t\u00eb zbatohet, me q\u00ebllim q\u00eb t\u2019i d\u00ebrgohet nj\u00eb mesazh qeveris\u00eb afgane se nuk mund t\u00eb varet p\u00ebrgjithmon\u00eb\u00a0 nga Amerika.\u00a0 Nj\u00ebri nga k\u00ebta ekspert\u00eb, Shan\u00eb Kej, profesor\u00a0 pran\u00eb universitetit Uellsien n\u00eb shtetin Ohajo, i tha Z\u00ebrit t\u00eb Amerik\u00ebs se \u2018\u2019Afgan\u00ebt\u00a0 duhet t\u00eb marrin p\u00ebrsip\u00ebr p\u00ebrgj\u00ebgj\u00ebsin\u00eb p\u00ebr mbrojtjen e vendit t\u00eb tyre.\u2019\u2019\u00a0\u00a0 N\u00eb mbledhjen e \u00c7ikagos, NATO do t\u00eb vendos\u00eb gjithashtu m\u00ebnyrat p\u00ebr trajnimin, konsultimet dhe ndihmat\u00a0 p\u00ebr forcat afgane gjat\u00eb tranzicionit dhe pas t\u00ebrheqjes s\u00eb forcave t\u00eb aleanc\u00ebs nga Afganistani, si pjes\u00eb e ndihmave t\u00eb p\u00ebrgjith\u00ebshme nd\u00ebrkomb\u00ebtare p\u00ebr at\u00eb vend.\u00a0 N\u00eb fillim t\u00eb k\u00ebtij muaji, Presidenti Obama tha se koalicioni ushtarak p\u00ebrendimor do t\u00eb caktoj\u00eb objektivin q\u00eb vitin q\u00eb vjen, vet forcat afgane t\u00eb kryesojn\u00eb operacionet luftarake, an\u00eb e mban\u00eb vendit.<\/p>\n<p>Nj\u00eb \u00e7eshtje tjet\u00ebr delikate n\u00eb samitin e \u00c7ikagos do t\u00eb jet\u00eb buxheti dhe financimi i operacioneve\u00a0 ushtarake t\u00eb aleanc\u00ebs NATO.\u00a0 Publiku dhe Kongresi amerikan kan\u00eb filluar t\u00eb tregohen t\u00eb pa duruesh\u00ebm me vendet an\u00ebtare t\u00eb NATO-s t\u00eb cilat nuk kryejn\u00eb detyrimet e tyre financiare ndaj aleanc\u00ebs.\u00a0 Kryetari i Komisionit t\u00eb Pun\u00ebve t\u00eb Jasht\u00ebme i\u00a0 Kongresit Amerikan , Xhon Kerri i p\u00ebrmblodhi m\u00eb s\u00eb miri shqetsimet amerikane n\u00eb lidhje me k\u00ebt\u00eb \u00e7eshtje, duke th\u00ebn\u00eb se \u2018\u2019t\u00eb gjith\u00eb ne e kuptojm\u00eb se k\u00ebjo \u00ebsht\u00eb nj\u00eb koh\u00eb kursimesh, por \u00ebsht\u00eb nj\u00eb periudh\u00eb kursimesh p\u00ebr t\u00eb gjith\u00eb, dhe si rrjedhim ne do t\u00eb detyrohemi t\u00eb p\u00ebrcaktojm\u00eb prioritetet, duke vendosur se \u00e7ka \u00ebsht\u00eb me e r\u00ebnd\u00ebsishme dhe \u00e7ka \u00ebsht\u00eb m\u00eb pak e r\u00ebnd\u00ebsishme\u2019\u2019.<\/p>\n<p>Disa informacione interesante n\u00eb lidhje me k\u00ebt\u00eb takim t\u00eb nivelit t\u00eb lart\u00eb n\u00eb \u00c7ikago jan\u00eb t\u00eb nj\u00eb natyre komb\u00ebtare dhe nd\u00ebrkomb\u00ebtare.\u00a0 Sekretari i P\u00ebrgjith\u00ebsh\u00ebm i NATO-s, Zoti\u00a0 Anders Rasmussen tha se tubimi n\u00eb \u00c7ikago \u00ebsht\u00eb m\u00eb i madhi n\u00eb historin\u00eb e aleanc\u00ebs, ku po marrin pjes\u00eb rreth 60-vende dhe organizata, p\u00ebrfshir\u00eb Kombet e Bashkuara, Bashkimi Evropian, Banka Bot\u00ebrore dhe disa vende t\u00eb Azis\u00eb Qend\u00ebrore, nd\u00ebr t\u00eb tjera.\u00a0 Zoti Rasmsussen u citua n\u00eb median amerikane t\u00eb ket\u00eb th\u00ebn\u00eb se takimi n\u00eb \u00c7ikago do t\u00eb \u2018\u2019demonstroj\u00eb se i gjith\u00eb komuniteti nd\u00ebrkomb\u00ebtar ka p\u00ebrgjegj\u00ebsi p\u00ebr gj\u00ebndjen n\u00eb Afganistan dhe n\u00eb rajon.\u2019\u2019<\/p>\n<p>&nbsp;<\/p>\n<p>Qyteti \u00c7ikago<\/p>\n<p>Si\u00e7 duket Rusia, megjith\u00ebse e ftuar p\u00ebr t\u00eb marr\u00eb pjes\u00eb, nuk do t\u00eb jet\u00eb e pranishme\u00a0 n\u00eb nj\u00eb nivel t\u00eb lart\u00eb me justifikimin se Presidenti Putin do t\u00eb jet\u00eb i nx\u00ebn\u00eb me\u00a0 formimin e qeveris\u00eb s\u00eb re, por dihet se koh\u00ebt e fundit, marr\u00ebdh\u00ebnjet\u00a0 midis Mosk\u00ebs dhe NATO-s nuk kan\u00eb qen\u00eb shum\u00eb t\u00eb mira\u00a0 dhe si rrejdhim Rusia do t\u00eb p\u00ebfaq\u00ebsohet n\u00eb nivelin e nj\u00eb diplomati n\u00eb \u00c7ikago.<\/p>\n<p>Mir\u00ebpo, sipas shtypit amerikan, Izraeli nuk \u00ebsht\u00eb i ftuar t\u00eb merrte pjes\u00eb, me hamendjen se Turqia mund t\u00eb ket\u00eb bllokuar\u00a0 pjes\u00ebmarrjen izraelite n\u00eb takimin NATO, por Sekretari i P\u00ebrgjith\u00ebsh\u00ebm Rasmussen, duke hedhur posht\u00eb k\u00ebto pretendime, tha se Izraeli nuk u ftua sepse nuk b\u00ebn pjes\u00eb n\u00eb misjonet e NATOs n\u00eb Afganistan dhe n\u00eb Kosov\u00eb.<\/p>\n<p>Por ndoshta lajmi m\u00eb i r\u00ebnd\u00ebsish\u00ebm nga takimi i nivelit t\u00eb lart\u00eb t\u00eb NATO-s n\u00eb \u00c7ikago k\u00ebt\u00eb fund jave do t\u00eb jen\u00eb protestat e m\u00ebdha q\u00eb grupe t\u00eb ndryshme kan\u00eb n\u00eb plan t\u00eb b\u00ebjn\u00eb gjat\u00eb zhvillimit t\u00eb punimeve t\u00eb samitit.\u00a0\u00a0 Nj\u00eb demosntrues u citua nga rrjeti televiziv amerikan Foks t\u00eb ket\u00eb th\u00ebn\u00eb\u00a0 se po b\u00ebhen plane t\u00eb m\u00ebdha,\u00a0 p\u00ebr protesta, duke\u00a0 deklaruar se \u2018\u2019do t\u00eb ket\u00eb luft\u00eb n\u00eb rrug\u00ebt e \u00c7ikagos\u2019\u2019.\u00a0\u00a0 N\u00eb p\u00ebrgjigje t\u00eb k\u00ebtyre protestave t\u00eb paralajm\u00ebruara nga protestues e demosntrues t\u00eb t\u00eb gjitha ngjyrave,\u00a0 policia e \u00c7ikagos, nga ana e saj, ka njoftuar planet p\u00ebr t\u00eb bllokuar rrug\u00eb dhe zona t\u00eb t\u00ebra t\u00eb qytetit p\u00ebr t\u00eb ndaluar protestuesit q\u00eb t\u00eb pengojn\u00eb ose\u00a0 edhe m\u00eb keq t\u00eb nd\u00ebrpresin punimet e mbledhjes s\u00eb nivelit t\u00eb lart\u00eb.\u00a0 Ironia e k\u00ebtyre protestave \u00ebsht\u00eb se organizator\u00ebt\u00a0 kan\u00eb n\u00eb plan t\u00eb\u00a0 kund\u00ebrshtojn\u00eb dhe t\u00eb protestojn\u00eb kund\u00ebr\u00a0 nj\u00eb aleance q\u00eb siguron dhe mbron me \u00e7do kusht, jo vet\u00ebm t\u00eb drejt\u00ebn e tyre p\u00ebr t\u00eb demonstruar n\u00eb\u00a0 \u00c7ikago dhe kudo tjet\u00ebr, por si\u00e7 duket ata jan\u00eb edhe kund\u00ebr nj\u00eb aleance e cila p\u00ebrve\u00e7 popujve t\u00eb vendeve an\u00ebtare, ajo u ka ardhur n\u00eb ndihm\u00eb\u00a0 shum\u00eb popujve n\u00eb p\u00ebrpjekjet e tyre p\u00ebr t\u00eb siguruar lirin\u00eb, si\u00e7 ishte rasti i Libis\u00eb koh\u00ebt e fundit dhe \u00e7lirimi i Kosov\u00ebs m\u00eb vite m\u00eb pare.<\/p>\n<p>Me mbarimin e luft\u00ebs s\u00eb ftoh\u00ebt, misjoni afatgjat\u00eb i NATO-s \u00ebsht\u00eb m\u00eb pak i qart\u00eb se \u00e7\u2019ishte gjat\u00eb asaj periudhe , kur misjoni i aleanc\u00ebs ishte kryek\u00ebput\u00a0 t\u00eb ,bronte bot\u00ebn perendimore nga k\u00ebrc\u00ebnimet e Bashkimit\u00a0 Sovjetik dhe t\u00eb komunizmit\u00a0 nd\u00ebrkomb\u00ebtar.\u00a0\u00a0 Nuk \u00ebsht\u00eb e rastit q\u00eb \u00e7\u00ebshtja kryesore e samitit n\u00eb \u00c7ikago \u00ebsht\u00eb gj\u00ebndja n\u00eb Afganistan dhe\u00a0 m\u00ebnyra se si aleanca duhet t\u00eb manexhoj\u00a0 t\u00ebrheqjen e forcave t\u00eb saj\u00eb nga ai vend.\u00a0 T\u00ebrheqja e NATO-s me nder nga ai vend, gjat\u00eb k\u00ebtij tranzicion p\u00ebr t\u00eb cilin do t\u00eb vendos\u00eb\u00a0\u00a0 aleanca k\u00ebt\u00eb fund jave n\u00eb \u00c7ikago,\u00a0 ka mund\u00ebsi t\u00eb vendos\u00eb\u00a0 t\u00eb ardhmen e organizat\u00ebs NATO p\u00ebr t\u00eb dekadat e ardh\u00ebshme.<\/p>\n<p>&nbsp;<\/p>\n","protected":false},"excerpt":{"rendered":"<p>\u00a0 \u00a0 \u00a0 \u00a0 \u00a0 \u00a0 \u00a0 \u00a0 \u00a0 \u00a0\u00a0 \u00a0\u00a0\u00a0\u00a0\u00a0\u00a0\u00a0\u00a0\u00a0\u00a0\u00a0\u00a0\u00a0\u00a0\u00a0\u00a0\u00a0\u00a0\u00a0\u00a0\u00a0\u00a0\u00a0\u00a0\u00a0\u00a0\u00a0\u00a0\u00a0\u00a0\u00a0\u00a0\u00a0\u00a0\u00a0\u00a0\u00a0\u00a0\u00a0\u00a0\u00a0\u00a0\u00a0\u00a0\u00a0\u00a0\u00a0\u00a0\u00a0\u00a0\u00a0\u00a0\u00a0\u00a0\u00a0\u00a0\u00a0\u00a0\u00a0\u00a0\u00a0\u00a0\u00a0 Nga Frank Shkreli M\u00eb 20 dhe 21 Maj n\u00eb \u00c7ikago t\u00eb Shteteve t\u00eb Bashkuara mbahet samiti ose mbledhja e nivelit t\u00eb lart\u00eb e udh\u00ebheq\u00ebsve t\u00eb vendeve an\u00ebtare t\u00eb NATO-s,\u00a0 p\u00ebr takimin e 25-t\u00eb aleanc\u00ebs s\u00eb Atlantikut Verior.\u00a0\u00a0 Presidenti Barak Obama do t\u00eb pres\u00eb udh\u00ebheqsit&hellip;<\/p>\n","protected":false},"author":1,"featured_media":0,"comment_status":"open","ping_status":"open","sticky":false,"template":"","format":"standard","meta":{"footnotes":""},"categories":[3],"tags":[],"class_list":["post-823","post","type-post","status-publish","format-standard","hentry","category-politike"],"_links":{"self":[{"href":"https:\/\/revistakuvendi.org\/index.php?rest_route=\/wp\/v2\/posts\/823","targetHints":{"allow":["GET"]}}],"collection":[{"href":"https:\/\/revistakuvendi.org\/index.php?rest_route=\/wp\/v2\/posts"}],"about":[{"href":"https:\/\/revistakuvendi.org\/index.php?rest_route=\/wp\/v2\/types\/post"}],"author":[{"embeddable":true,"href":"https:\/\/revistakuvendi.org\/index.php?rest_route=\/wp\/v2\/users\/1"}],"replies":[{"embeddable":true,"href":"https:\/\/revistakuvendi.org\/index.php?rest_route=%2Fwp%2Fv2%2Fcomments&post=823"}],"version-history":[{"count":2,"href":"https:\/\/revistakuvendi.org\/index.php?rest_route=\/wp\/v2\/posts\/823\/revisions"}],"predecessor-version":[{"id":826,"href":"https:\/\/revistakuvendi.org\/index.php?rest_route=\/wp\/v2\/posts\/823\/revisions\/826"}],"wp:attachment":[{"href":"https:\/\/revistakuvendi.org\/index.php?rest_route=%2Fwp%2Fv2%2Fmedia&parent=823"}],"wp:term":[{"taxonomy":"category","embeddable":true,"href":"https:\/\/revistakuvendi.org\/index.php?rest_route=%2Fwp%2Fv2%2Fcategories&post=823"},{"taxonomy":"post_tag","embeddable":true,"href":"https:\/\/revistakuvendi.org\/index.php?rest_route=%2Fwp%2Fv2%2Ftags&post=823"}],"curies":[{"name":"wp","href":"https:\/\/api.w.org\/{rel}","templated":true}]}}