{"id":8218,"date":"2020-04-19T22:59:10","date_gmt":"2020-04-19T22:59:10","guid":{"rendered":"http:\/\/revistakuvendi.org\/?p=8218"},"modified":"2020-04-19T22:59:10","modified_gmt":"2020-04-19T22:59:10","slug":"ate-cfare-i-beri-njerezimi-natyres-sot-natyra-po-na-e-kthen-ne","status":"publish","type":"post","link":"https:\/\/revistakuvendi.org\/?p=8218","title":{"rendered":"At\u00eb \u00e7far\u00eb i b\u00ebri njer\u00ebzimi natyr\u00ebs, sot natyra po na e kthen ne."},"content":{"rendered":"<h2><strong><a href=\"http:\/\/revistakuvendi.org\/wp-content\/uploads\/2020\/04\/Lindita.png\"><img loading=\"lazy\" decoding=\"async\" class=\"alignleft size-medium wp-image-8220\" src=\"http:\/\/revistakuvendi.org\/wp-content\/uploads\/2020\/04\/Lindita-300x187.png\" alt=\"\" width=\"300\" height=\"187\" srcset=\"https:\/\/revistakuvendi.org\/wp-content\/uploads\/2020\/04\/Lindita-300x187.png 300w, https:\/\/revistakuvendi.org\/wp-content\/uploads\/2020\/04\/Lindita.png 400w\" sizes=\"auto, (max-width: 300px) 100vw, 300px\" \/><\/a>Nga Lindita Kokaj<\/strong><\/h2>\n<h2>K\u00ebto foto t\u00eb realizuara k\u00ebt\u00eb t\u00eb diel\u00eb n\u00eb malin e Sh\u00ebngjinit, jan\u00eb nj\u00eb d\u00ebshmi e qart\u00eb se cfar\u00eb dora e njeriut i ka shkaktuar natyr\u00ebs, nj\u00eb masaker mjedisore.<\/h2>\n<p><!--more--><\/p>\n<h2>Zjarret e r\u00ebna n\u00eb veren e 2016-\u00ebs dhe t\u00eb 2019-\u00ebs shkrumbuan t\u00eb gjith\u00eb kuroren e gjelb\u00ebrt. Trungjet dhe rr\u00ebnj\u00ebt e pishave t\u00eb djegura tashm\u00eb r\u00ebnkojn\u00eb me kuj\u00eb, p\u00ebr t\u00eb na zgjuar e prekur nd\u00ebrgjegjen ton\u00eb.<\/h2>\n<h2>\u00c7do prill-maj pjalmi i pishave zverdhonte ballkonet, dhe aroma d\u00ebgjohej n\u00eb t\u00ebr\u00eb qytetin. Tashm\u00eb edhe syt\u00eb nuk ndeshin m\u00eb gjelb\u00ebrim. Pyjet i shkat\u00ebrruam, me zjarre, prerje t\u00eb paligjshme, duke d\u00ebmtuar edhe pritat e gurta. Natyren e bukur t\u00eb fshatrave malor e braktis\u00ebm, dhe rendem drejt zonave urbane n\u00eb tym dhe smok, e nd\u00ebrsa sot t\u00eb gjith\u00eb \u00ebnd\u00ebrrojn\u00eb t\u00eb jen\u00eb pik\u00ebrisht tek ato kulla nd\u00ebr male e fshatra, ku edhe kulmet jan\u00eb shembur, t\u00eb pinin ujin e kulluar t\u00eb gurrave, dhe jo at\u00eb t\u00eb shisheve plastike t\u00eb marketeve. I braktis\u00ebm tokat bujq\u00ebsore, duke i l\u00ebn\u00eb djerr\u00eb nga pamund\u00ebsia apo dhe faktor\u00eb t\u00eb tjer\u00eb dhe ushqehemi me produkte importi, t\u00eb rritura me hormone e t\u00eb stazhonuara p\u00ebr vite n\u00eb kushte frigoriferike.<\/h2>\n<p><a href=\"http:\/\/revistakuvendi.org\/wp-content\/uploads\/2020\/04\/lindita-1.png\"><img loading=\"lazy\" decoding=\"async\" class=\"alignleft size-medium wp-image-8221\" src=\"http:\/\/revistakuvendi.org\/wp-content\/uploads\/2020\/04\/lindita-1-300x225.png\" alt=\"\" width=\"300\" height=\"225\" \/><\/a><\/p>\n<h2>Bag\u00ebtit\u00eb ushqeheshin bio me barin e malit e t\u00eb fush\u00ebs, e nd\u00ebrsa sot mjafton nj\u00eb injeksion me hormone apo koncentrat dhe e sevirim n\u00eb tavolinat tona. I ndot\u00ebm ujrat e lumenjve, detrave dhe oqean\u00ebve me plastik\u00eb dhe mbeturina t\u00eb tjera. Shkat\u00ebrruam n\u00eb m\u00ebnyr\u00eb makabre floren dhe faunen, betonizuam t\u00eb bab\u00ebzitur zonat e mbrojtura natyrore, brezin e r\u00ebr\u00ebs madje dhe n\u00eb brend\u00ebsi t\u00eb detit. Gjat\u00eb gjith\u00eb k\u00ebtyre viteve u treguam t\u00eb pam\u00ebshirsh\u00ebm me natyren, dhe sot natyra po tregohet e pam\u00ebshirshme me ne.<\/h2>\n<h2>Nuk do t\u00eb kishte ndoshta sot as Covid 19 apo ndonj\u00eb tjet\u00ebr virus, q\u00eb do ta gjunj\u00ebzonte njer\u00ebzimin, n\u00ebse ne do t\u00eb ishim treguar me zem\u00ebrbut\u00eb me N\u00ebnen Natyr\u00eb \u00c7&#8217;t\u00eb mbjell\u00ebsh, do t\u00eb korresh, dhe k\u00ebshtu realisht ka ndodhur edhe me ne t\u00eb bab\u00ebziturit dhe t\u00eb pam\u00ebshirshmit NJER\u00cbZ.<\/h2>\n","protected":false},"excerpt":{"rendered":"<p>Nga Lindita Kokaj K\u00ebto foto t\u00eb realizuara k\u00ebt\u00eb t\u00eb diel\u00eb n\u00eb malin e Sh\u00ebngjinit, jan\u00eb nj\u00eb d\u00ebshmi e qart\u00eb se cfar\u00eb dora e njeriut i ka shkaktuar natyr\u00ebs, nj\u00eb masaker mjedisore.<\/p>\n","protected":false},"author":1,"featured_media":8219,"comment_status":"open","ping_status":"open","sticky":false,"template":"","format":"standard","meta":{"footnotes":""},"categories":[12],"tags":[],"class_list":["post-8218","post","type-post","status-publish","format-standard","has-post-thumbnail","hentry","category-jete-komuniteti"],"_links":{"self":[{"href":"https:\/\/revistakuvendi.org\/index.php?rest_route=\/wp\/v2\/posts\/8218","targetHints":{"allow":["GET"]}}],"collection":[{"href":"https:\/\/revistakuvendi.org\/index.php?rest_route=\/wp\/v2\/posts"}],"about":[{"href":"https:\/\/revistakuvendi.org\/index.php?rest_route=\/wp\/v2\/types\/post"}],"author":[{"embeddable":true,"href":"https:\/\/revistakuvendi.org\/index.php?rest_route=\/wp\/v2\/users\/1"}],"replies":[{"embeddable":true,"href":"https:\/\/revistakuvendi.org\/index.php?rest_route=%2Fwp%2Fv2%2Fcomments&post=8218"}],"version-history":[{"count":1,"href":"https:\/\/revistakuvendi.org\/index.php?rest_route=\/wp\/v2\/posts\/8218\/revisions"}],"predecessor-version":[{"id":8222,"href":"https:\/\/revistakuvendi.org\/index.php?rest_route=\/wp\/v2\/posts\/8218\/revisions\/8222"}],"wp:featuredmedia":[{"embeddable":true,"href":"https:\/\/revistakuvendi.org\/index.php?rest_route=\/wp\/v2\/media\/8219"}],"wp:attachment":[{"href":"https:\/\/revistakuvendi.org\/index.php?rest_route=%2Fwp%2Fv2%2Fmedia&parent=8218"}],"wp:term":[{"taxonomy":"category","embeddable":true,"href":"https:\/\/revistakuvendi.org\/index.php?rest_route=%2Fwp%2Fv2%2Fcategories&post=8218"},{"taxonomy":"post_tag","embeddable":true,"href":"https:\/\/revistakuvendi.org\/index.php?rest_route=%2Fwp%2Fv2%2Ftags&post=8218"}],"curies":[{"name":"wp","href":"https:\/\/api.w.org\/{rel}","templated":true}]}}