{"id":8216,"date":"2020-04-17T22:50:29","date_gmt":"2020-04-17T22:50:29","guid":{"rendered":"http:\/\/revistakuvendi.org\/?p=8216"},"modified":"2020-04-17T22:50:29","modified_gmt":"2020-04-17T22:50:29","slug":"fjale-te-urta-te-nenes-tereze","status":"publish","type":"post","link":"https:\/\/revistakuvendi.org\/?p=8216","title":{"rendered":"FJAL\u00cb T\u00cb URTA T\u00cb N\u00cbN\u00cbS TEREZ\u00cb"},"content":{"rendered":"<h2><strong><a href=\"http:\/\/revistakuvendi.org\/wp-content\/uploads\/2019\/06\/argjira-U.jpg\"><img loading=\"lazy\" decoding=\"async\" class=\"alignleft size-full wp-image-7769\" src=\"http:\/\/revistakuvendi.org\/wp-content\/uploads\/2019\/06\/argjira-U.jpg\" alt=\"\" width=\"146\" height=\"160\" \/><\/a>Ari Ukimeri (Ma.Sc.Pedagoge)<\/strong><\/h2>\n<p>&nbsp;<\/p>\n<p>&nbsp;<\/p>\n<p>&nbsp;<\/p>\n<p>&nbsp;<\/p>\n<h2><em><strong>Nje falenderim te posa\u00e7em per Argjiren dhe bashkepunimin e saj me Kuvendin, per Argjiren dhe dashurine e saj per figura me permasa botnore te rraces shqiptare!<\/strong><\/em><\/h2>\n<p><!--more--><\/p>\n<ol>\n<li>\n<h2>Varf\u00ebria p\u00ebr t\u00eb varf\u00ebrit, do t\u00eb jet\u00eb shum\u00eb e v\u00ebshtir\u00eb. Kur e l\u00ebshova Loreton, p\u00ebr mu ka qen\u00eb dita m\u00eb e v\u00ebshtir\u00eb dhe m\u00eb e keqe.<\/h2>\n<\/li>\n<li>\n<h2>P\u00ebr t\u00eb kuptuar t\u00eb varf\u00ebrin, duhet me provua varf\u00ebrin\u00eb n\u00ebn l\u00ebkur\u00ebn t\u00ebnde.<\/h2>\n<\/li>\n<li>\n<h2>Dhimbja ska skaj, por as dashuria jo.<\/h2>\n<\/li>\n<li>\n<h2>Dhurata m\u00eb e madhe p\u00ebr mua do t\u00eb ishte, n\u00ebse zhvillohet dashuria n\u00eb ve\u00e7anti ndaj atyre q\u00eb vuajn\u00eb.<\/h2>\n<\/li>\n<li>\n<h2>Vepra t\u00eb dashuris\u00eb jan\u00eb vepra t\u00eb Paqes.<\/h2>\n<\/li>\n<li>\n<h2>T\u00eb varf\u00ebrit i sjellin dashuri bot\u00ebs, p\u00ebrmes Dashuris\u00eb dhe Durimit.<\/h2>\n<\/li>\n<li>\n<h2>Njer\u00ebzit nuk vuajn\u00eb nga uria, por nga mos-besimi n\u00eb Zotin, duke ia kthyer shpin\u00ebn nj\u00ebri tjetrit.<\/h2>\n<\/li>\n<li>\n<h2>Njer\u00ebzit nuk e dijn\u00eb se \u00e7far\u00eb \u00ebsht\u00eb varf\u00ebria, sepse jan\u00eb n\u00ebn ndikimin e d\u00ebshp\u00ebrimit.<\/h2>\n<\/li>\n<li>\n<h2>Ka vet\u00ebm nj\u00eb Zot, Ai \u00ebsht\u00eb tek t\u00eb gjith\u00eb. \u00cbsht\u00eb e r\u00ebnd\u00ebsishme t\u00eb kuptohet se, secili \u00ebsht\u00eb i barabart\u00eb para tij.<\/h2>\n<\/li>\n<li>\n<h2>Nj\u00eb shok apo nj\u00eb shoqe, \u00ebsht\u00eb ai apo ajo q\u00eb t\u00eb kupton t\u00eb kaluar\u00ebn t\u00ebnde, beson tek e ardhmja jote, dhe t\u00eb pranon ty p\u00ebr at\u00eb q\u00eb je.<\/h2>\n<\/li>\n<li>\n<h2>Mos jeto me frik\u00ebn e vdekjes, por vdis me g\u00ebzimin q\u00eb ke jetuar.<\/h2>\n<\/li>\n<li>\n<h2>P\u00ebr tu ngritur nga Toka n\u00eb Qiell, njeriut i duhen dy krah\u00eb: Past\u00ebrtia e zemr\u00ebs dhe Thjesht\u00ebsia.<\/h2>\n<\/li>\n<\/ol>\n<p>&nbsp;<\/p>\n<h2><strong><em>Prill, 2020 &#8211; Prizren<\/em><\/strong><\/h2>\n","protected":false},"excerpt":{"rendered":"<p>Ari Ukimeri (Ma.Sc.Pedagoge) &nbsp; &nbsp; &nbsp; &nbsp; Nje falenderim te posa\u00e7em per Argjiren dhe bashkepunimin e saj me Kuvendin, per Argjiren dhe dashurine e saj per figura me permasa botnore te rraces shqiptare!<\/p>\n","protected":false},"author":1,"featured_media":7769,"comment_status":"open","ping_status":"open","sticky":false,"template":"","format":"standard","meta":{"footnotes":""},"categories":[11],"tags":[],"class_list":["post-8216","post","type-post","status-publish","format-standard","has-post-thumbnail","hentry","category-publicistike"],"_links":{"self":[{"href":"https:\/\/revistakuvendi.org\/index.php?rest_route=\/wp\/v2\/posts\/8216","targetHints":{"allow":["GET"]}}],"collection":[{"href":"https:\/\/revistakuvendi.org\/index.php?rest_route=\/wp\/v2\/posts"}],"about":[{"href":"https:\/\/revistakuvendi.org\/index.php?rest_route=\/wp\/v2\/types\/post"}],"author":[{"embeddable":true,"href":"https:\/\/revistakuvendi.org\/index.php?rest_route=\/wp\/v2\/users\/1"}],"replies":[{"embeddable":true,"href":"https:\/\/revistakuvendi.org\/index.php?rest_route=%2Fwp%2Fv2%2Fcomments&post=8216"}],"version-history":[{"count":1,"href":"https:\/\/revistakuvendi.org\/index.php?rest_route=\/wp\/v2\/posts\/8216\/revisions"}],"predecessor-version":[{"id":8217,"href":"https:\/\/revistakuvendi.org\/index.php?rest_route=\/wp\/v2\/posts\/8216\/revisions\/8217"}],"wp:featuredmedia":[{"embeddable":true,"href":"https:\/\/revistakuvendi.org\/index.php?rest_route=\/wp\/v2\/media\/7769"}],"wp:attachment":[{"href":"https:\/\/revistakuvendi.org\/index.php?rest_route=%2Fwp%2Fv2%2Fmedia&parent=8216"}],"wp:term":[{"taxonomy":"category","embeddable":true,"href":"https:\/\/revistakuvendi.org\/index.php?rest_route=%2Fwp%2Fv2%2Fcategories&post=8216"},{"taxonomy":"post_tag","embeddable":true,"href":"https:\/\/revistakuvendi.org\/index.php?rest_route=%2Fwp%2Fv2%2Ftags&post=8216"}],"curies":[{"name":"wp","href":"https:\/\/api.w.org\/{rel}","templated":true}]}}