{"id":8202,"date":"2020-04-10T17:05:25","date_gmt":"2020-04-10T17:05:25","guid":{"rendered":"http:\/\/revistakuvendi.org\/?p=8202"},"modified":"2020-04-10T17:05:25","modified_gmt":"2020-04-10T17:05:25","slug":"kontrollin-e-fed-e-ka-trump","status":"publish","type":"post","link":"https:\/\/revistakuvendi.org\/?p=8202","title":{"rendered":"KONTROLLIN  E FED E KA  TRUMP"},"content":{"rendered":"<p><strong><a href=\"http:\/\/revistakuvendi.org\/wp-content\/uploads\/2020\/04\/mariela-ann.png\"><img loading=\"lazy\" decoding=\"async\" class=\"alignleft size-full wp-image-8203\" src=\"http:\/\/revistakuvendi.org\/wp-content\/uploads\/2020\/04\/mariela-ann.png\" alt=\"\" width=\"160\" height=\"148\" \/><\/a>NGA Mariela Stefanllari<\/strong><\/p>\n<p><em>\u00a0Nje falenderim te vecante per Mariela Stefanllari, qe po punon sa per nje media, me staf e kohe pa ore, e vetme perballe dallkaukesh me kollare, me grada e doktoratura, qe fshihen pas nje shperblimi e me nje sherbim te pashembullt qe i bejne djallit, duke pasur vite e dekada qe jane fshehur te njeriu i mire, i cili gjithesesi do te zbres nje dite ne toke, per te miren tone. Le te besojme se keto dite terrori psikologjik do te jene ne te mire te nje formartimi te ri te rendit boterore.<\/em><!--more--><\/p>\n<p><strong><em>Pjeter Jaku<\/em><\/strong><\/p>\n<p><strong>\u00a0<\/strong><\/p>\n<p><a href=\"https:\/\/www.facebook.com\/hashtag\/fedandtreasury_merged?source=feed_text&amp;epa=HASHTAG\">FED andTREASURY_MERGED<\/a><br \/>\nAt\u00eb q\u00eb nuk e b\u00ebn\u00eb dot President\u00eb t\u00eb tjer\u00eb, kujtoj q\u00eb dy prej tyre q\u00eb guxuan u vran\u00eb, e b\u00ebri Presidenti Trump.<br \/>\n<a href=\"https:\/\/www.facebook.com\/hashtag\/ushtria_ekahijen_er%C3%ABnd%C3%AB?source=feed_text&amp;epa=HASHTAG\" data-ft=\"{&quot;type&quot;:104,&quot;tn&quot;:&quot;*N&quot;}\"><span aria-label=\"etiketa e thurjes\">#<\/span>Ushtria_eKaHijen_eR\u00ebnd\u00eb<\/a><br \/>\n&#8230;<br \/>\nFED &#8211; Rezervat Federale u shkrin\u00eb me Departamentin e Thesarit t\u00eb USA dhe kontrollin e FED e ka Trump.<br \/>\nP\u00ebr \u00e7do l\u00ebvizje dhe veprim FED-it tashm\u00eb i nevojitet leja dhe aprovimi i Sekretarit t\u00eb Thesarit.<br \/>\nKush e kontrollon Sekretarin e Thesarit? Vet\u00eb Presidenti Trump!<br \/>\nTani m\u00eb, \u00ebsht\u00eb Trump ai q\u00eb duhet t\u00eb aprovoj\u00eb gjith\u00e7ka q\u00eb kryen FED. \u00c7do gj\u00eb \u00ebsht\u00eb legale dhe Trump mund t\u00eb b\u00ebj\u00eb, at\u00eb q\u00eb duhet t\u00eb b\u00ebj\u00eb!<br \/>\nFED-i pra, ja ka dor\u00ebzuar pavar\u00ebsin\u00eb e tij t\u00eb gjat\u00eb nd\u00ebr dekada, Administrat\u00ebs TRUMP!<br \/>\n&#8230;<br \/>\nQ\u00eb nga ky moment Rothschild jan\u00eb jasht\u00eb &#8220;loje&#8221; dhe nuk kontrollojn\u00eb dot m\u00eb FED, gjithashtu jasht\u00eb &#8220;loje&#8221; jan\u00eb edhe t\u00eb gjitha sistemet e Bankave Q\u00ebndrore.<br \/>\n&#8230;<br \/>\nTrump kontrollon FED-in dhe nuk gjendet m\u00eb n\u00ebn trysnin\u00eb e askujt p\u00ebr t\u00eb vepruar.<br \/>\n&#8230;<br \/>\nA ka p\u00ebrfunduar gjith\u00e7ka? Jo!<br \/>\nTani fillon efekti domino brenda Amerik\u00ebs dhe jasht\u00eb saj.<br \/>\nTani tronditen themelet e FMN dhe BB etj.<br \/>\n&#8230;<\/p>\n","protected":false},"excerpt":{"rendered":"<p>NGA Mariela Stefanllari \u00a0Nje falenderim te vecante per Mariela Stefanllari, qe po punon sa per nje media, me staf e kohe pa ore, e vetme perballe dallkaukesh me kollare, me grada e doktoratura, qe fshihen pas nje shperblimi e me nje sherbim te pashembullt qe i bejne djallit, duke pasur vite e dekada qe jane&hellip;<\/p>\n","protected":false},"author":1,"featured_media":8203,"comment_status":"open","ping_status":"open","sticky":false,"template":"","format":"standard","meta":{"footnotes":""},"categories":[11],"tags":[],"class_list":["post-8202","post","type-post","status-publish","format-standard","has-post-thumbnail","hentry","category-publicistike"],"_links":{"self":[{"href":"https:\/\/revistakuvendi.org\/index.php?rest_route=\/wp\/v2\/posts\/8202","targetHints":{"allow":["GET"]}}],"collection":[{"href":"https:\/\/revistakuvendi.org\/index.php?rest_route=\/wp\/v2\/posts"}],"about":[{"href":"https:\/\/revistakuvendi.org\/index.php?rest_route=\/wp\/v2\/types\/post"}],"author":[{"embeddable":true,"href":"https:\/\/revistakuvendi.org\/index.php?rest_route=\/wp\/v2\/users\/1"}],"replies":[{"embeddable":true,"href":"https:\/\/revistakuvendi.org\/index.php?rest_route=%2Fwp%2Fv2%2Fcomments&post=8202"}],"version-history":[{"count":1,"href":"https:\/\/revistakuvendi.org\/index.php?rest_route=\/wp\/v2\/posts\/8202\/revisions"}],"predecessor-version":[{"id":8204,"href":"https:\/\/revistakuvendi.org\/index.php?rest_route=\/wp\/v2\/posts\/8202\/revisions\/8204"}],"wp:featuredmedia":[{"embeddable":true,"href":"https:\/\/revistakuvendi.org\/index.php?rest_route=\/wp\/v2\/media\/8203"}],"wp:attachment":[{"href":"https:\/\/revistakuvendi.org\/index.php?rest_route=%2Fwp%2Fv2%2Fmedia&parent=8202"}],"wp:term":[{"taxonomy":"category","embeddable":true,"href":"https:\/\/revistakuvendi.org\/index.php?rest_route=%2Fwp%2Fv2%2Fcategories&post=8202"},{"taxonomy":"post_tag","embeddable":true,"href":"https:\/\/revistakuvendi.org\/index.php?rest_route=%2Fwp%2Fv2%2Ftags&post=8202"}],"curies":[{"name":"wp","href":"https:\/\/api.w.org\/{rel}","templated":true}]}}