{"id":8199,"date":"2020-04-09T16:30:29","date_gmt":"2020-04-09T16:30:29","guid":{"rendered":"http:\/\/revistakuvendi.org\/?p=8199"},"modified":"2020-04-09T16:30:29","modified_gmt":"2020-04-09T16:30:29","slug":"jonuz-ndreut-lamtumire-nga-larg-ne-diten-e-vorrimit","status":"publish","type":"post","link":"https:\/\/revistakuvendi.org\/?p=8199","title":{"rendered":"Jonuz Ndreut, lamtumir\u00eb nga larg n\u00eb dit\u00ebn e vorrimit!"},"content":{"rendered":"<h2><strong>Nga Dr. Gjon Bu\u00e7aj<\/strong><\/h2>\n<h2><a href=\"http:\/\/revistakuvendi.org\/wp-content\/uploads\/2020\/04\/Jonuz-Ndreu.png\"><img loading=\"lazy\" decoding=\"async\" class=\"alignleft size-full wp-image-8200\" src=\"http:\/\/revistakuvendi.org\/wp-content\/uploads\/2020\/04\/Jonuz-Ndreu.png\" alt=\"\" width=\"131\" height=\"160\" \/><\/a>Sot, n\u00eb rrethana ngujimi t\u00eb detyruesh\u00ebm p\u00ebr shkak t\u00eb nji anmiku t\u00eb paduksh\u00ebm q\u00eb po mbjell vdekje n\u00eb t\u00eb gjitha an\u00ebt e bot\u00ebs, familja zamadhe Ndreu n\u00eb New York, p\u00ebrcjell n\u00eb banes\u00ebn e fundit t\u00eb Zotin e shpis\u00eb.<\/h2>\n<p><!--more--><\/p>\n<h2>Miqt\u00eb dhe dashamir\u00ebt e shumt\u00eb t\u00eb Jonuzit, do t\u00eb jen\u00eb shpirtnisht, por jo fizikisht, pran\u00eb familjes p\u00ebr t\u00eb nda dhim\u00ebn dhe p\u00ebr t\u00eb hjedh\u00eb s\u00eb bashku dy grusht dh\u00e9 t\u00eb k\u00ebsaj toke mike mbi trupin e Tij.<\/h2>\n<h2>P\u00ebr familjar\u00ebt dhe p\u00ebr miqt\u00eb, le t\u00eb jen\u00eb ngush\u00ebllim kujtimet q\u00eb la gjat\u00eb jet\u00ebs s\u00eb Tij, si familjar i dashtun dhe i kujdessh\u00ebm; burr\u00eb besnik, i drejt\u00eb dhe i guximsh\u00ebm, antikomunist i pal\u00ebkunsh\u00ebm dhe p\u00ebrkrah\u00ebs i interesavet komb\u00ebtare n\u00eb \u00e7do koh\u00eb.<\/h2>\n<h2>Qysh\u00eb n\u00eb mosh\u00eb shum\u00eb t\u00eb re, Jonuz Ndreu d\u00ebshmoi se ishte bart\u00ebs i denj\u00eb i traditave\u00a0 t\u00eb t\u00eb par\u00ebvet t\u00eb vet, nip i denj\u00eb i \u201cGjeneralit me Shajak\u201d, gjith\u00ebkund ku e p\u00ebrplas\u00ebn valet e jet\u00ebs, prej vendlindjes historike, n\u00eb kampet e tmerrit t\u00eb regjimit antikomb\u00ebtar e antinjer\u00ebzor komunist, n\u00eb Jugosllavi ku dikund prehen eshnat e t\u2019et, n\u00eb sh\u00ebrbim ushtarak amerikan dhe, ma n\u00eb fund, n\u00eb New York, ku nuk pushoi s\u00eb punuemi p\u00ebr interesin komb\u00ebtar (protesta kund\u00ebr regjimit komunist dhe kund\u00ebr anmiqve t\u00eb kombit grek e sllav\u00eb, protesta e fushata p\u00ebr lirin\u00eb e Kosov\u00ebs), qoft\u00eb nep\u00ebrmes t\u00eb Bashkimit Demokrat Shqiptar, qoft\u00eb n\u00eb krah t\u00eb Komitetit Shqip\u00ebria e lir\u00eb, dhe sidomos n\u00eb \u201cVat\u00ebr\u201d, t\u00eb cil\u00ebs i sh\u00ebrbeu me p\u00ebrkushtim p\u00ebr ma se nji gjysm\u00eb shekulli.<\/h2>\n<h2>N\u00eb jet\u00eb ai nuk u p\u00ebrkul para v\u00ebshtir\u00ebsivet, por gjithmon\u00eb mbajti besim dhe optimiz\u00ebm. Edhe 7 vjet\u00ebt e fundit n\u00eb karroc\u00eb p\u00ebr shkak t\u00eb paraliz\u00ebs, i bajti me guxim e stoiciz\u00ebm t\u00eb admiruesh\u00ebm.<\/h2>\n<h2>K\u00ebto kujtime jan\u00eb si dhurat\u00eb ngush\u00eblluese p\u00ebr Familne dhe t\u00eb \u00e7mueshme p\u00ebr n\u00e9 miqt\u00eb.<\/h2>\n<h2>Faleminder\u00ebs mik i nderuem. U preh\u00ebsh n\u00eb paq\u00eb!<\/h2>\n<h2><em>7 prill 2020<\/em><br clear=\"none\" \/><em>Sterling, Virginia<\/em><\/h2>\n","protected":false},"excerpt":{"rendered":"<p>Nga Dr. Gjon Bu\u00e7aj Sot, n\u00eb rrethana ngujimi t\u00eb detyruesh\u00ebm p\u00ebr shkak t\u00eb nji anmiku t\u00eb paduksh\u00ebm q\u00eb po mbjell vdekje n\u00eb t\u00eb gjitha an\u00ebt e bot\u00ebs, familja zamadhe Ndreu n\u00eb New York, p\u00ebrcjell n\u00eb banes\u00ebn e fundit t\u00eb Zotin e shpis\u00eb.<\/p>\n","protected":false},"author":1,"featured_media":8200,"comment_status":"open","ping_status":"open","sticky":false,"template":"","format":"standard","meta":{"footnotes":""},"categories":[11],"tags":[],"class_list":["post-8199","post","type-post","status-publish","format-standard","has-post-thumbnail","hentry","category-publicistike"],"_links":{"self":[{"href":"https:\/\/revistakuvendi.org\/index.php?rest_route=\/wp\/v2\/posts\/8199","targetHints":{"allow":["GET"]}}],"collection":[{"href":"https:\/\/revistakuvendi.org\/index.php?rest_route=\/wp\/v2\/posts"}],"about":[{"href":"https:\/\/revistakuvendi.org\/index.php?rest_route=\/wp\/v2\/types\/post"}],"author":[{"embeddable":true,"href":"https:\/\/revistakuvendi.org\/index.php?rest_route=\/wp\/v2\/users\/1"}],"replies":[{"embeddable":true,"href":"https:\/\/revistakuvendi.org\/index.php?rest_route=%2Fwp%2Fv2%2Fcomments&post=8199"}],"version-history":[{"count":1,"href":"https:\/\/revistakuvendi.org\/index.php?rest_route=\/wp\/v2\/posts\/8199\/revisions"}],"predecessor-version":[{"id":8201,"href":"https:\/\/revistakuvendi.org\/index.php?rest_route=\/wp\/v2\/posts\/8199\/revisions\/8201"}],"wp:featuredmedia":[{"embeddable":true,"href":"https:\/\/revistakuvendi.org\/index.php?rest_route=\/wp\/v2\/media\/8200"}],"wp:attachment":[{"href":"https:\/\/revistakuvendi.org\/index.php?rest_route=%2Fwp%2Fv2%2Fmedia&parent=8199"}],"wp:term":[{"taxonomy":"category","embeddable":true,"href":"https:\/\/revistakuvendi.org\/index.php?rest_route=%2Fwp%2Fv2%2Fcategories&post=8199"},{"taxonomy":"post_tag","embeddable":true,"href":"https:\/\/revistakuvendi.org\/index.php?rest_route=%2Fwp%2Fv2%2Ftags&post=8199"}],"curies":[{"name":"wp","href":"https:\/\/api.w.org\/{rel}","templated":true}]}}