{"id":7973,"date":"2019-12-12T01:28:02","date_gmt":"2019-12-12T01:28:02","guid":{"rendered":"http:\/\/revistakuvendi.org\/?p=7973"},"modified":"2019-12-12T01:28:02","modified_gmt":"2019-12-12T01:28:02","slug":"dy-fjale-per-dalip-grecen","status":"publish","type":"post","link":"https:\/\/revistakuvendi.org\/?p=7973","title":{"rendered":"Dy fjal\u00eb p\u00ebr Dalip Grec\u00ebn"},"content":{"rendered":"<h2><strong><a href=\"http:\/\/revistakuvendi.org\/wp-content\/uploads\/2019\/12\/VATRA-LOGO1-1.png\"><img loading=\"lazy\" decoding=\"async\" class=\"alignleft size-full wp-image-7974\" src=\"http:\/\/revistakuvendi.org\/wp-content\/uploads\/2019\/12\/VATRA-LOGO1-1.png\" alt=\"\" width=\"160\" height=\"123\" \/><\/a>Sejdi Hysenaj<\/strong><\/h2>\n<h2>\u201cVatrani\u201d me 10 vjet n\u00eb Vat\u00ebr nuk mundet t\u00eb quhet Vatran, dhe jo e jo m\u00eb pastaj edhe t\u00eb na jap mend dhe t\u00eb b\u00ebj\u00eb rolin e kryetarit ose kryeplakut si\u00e7 po vepron Dalip Greca, ne vatran\u00ebve q\u00eb kemi gjith\u00eb jet\u00ebn n\u00eb Vat\u00ebr\u2026..<\/h2>\n<p><!--more--><\/p>\n<h2>Dalip, \u00a0fatkeq\u00ebsisht p\u00ebr sa vjet jeni n\u00eb Vat\u00ebr ende nuk e kuptove se cili \u00ebsht\u00eb pozicioni i juaj si Editor ose kryeredaktor i Diellit.<\/h2>\n<h2>Ju sot jeni n\u00eb Vat\u00ebr si nj\u00eb rrogtar( Ps:sepse, ti ke afro 20 vjet n\u00eb Amerik\u00eb , pse nuk u b\u00ebr\u00eb Vatran m\u00eb par\u00eb) dhe, nuk ke pse t\u00eb fus\u00ebsh hund\u00ebt, mendoj\u00eb aty ku nuk t\u00eb takon &#8211;<\/h2>\n<h2>Sepse, n\u00ebse dikush duhet t\u00eb reagoj\u00eb me k\u00ebt\u00eb rast, ai \u00ebsht\u00eb kryetari ose kryesia e Vatr\u00ebs, se p\u00ebr at\u00eb b\u00ebhet fjal\u00eb dhe jo p\u00ebr Vatr\u00ebn, dhe historin\u00eb e Vatr\u00ebs, Editorin apo kryesin\u00eb e saj, dhe jo p\u00ebr p\u00ebrrallat q\u00eb po na tregon ti.<\/h2>\n<h2>Nd\u00ebrsa, kur flet p\u00ebr at\u00eb luft\u00ebn e klasave, je i vonuar ti, ngaq\u00eb po e permend shpesh,pik\u00ebrisht ti, n\u00ebse e ke \u201cMiz\u00ebn n\u00ebn K\u00ebsul\u00eb\u201d, sepse edhe vet ke qen\u00eb dhe i ka sh\u00ebrbyer komunizmit(k\u00ebt\u00eb p\u00ebr hir t\u00eb s\u00eb v\u00ebrtet\u00ebs), t\u00eb mos \u201chedhish gurin e t\u00eb fshehish dor\u00ebn\u201d, i thon\u00eb k\u00ebsaj tro\u00e7 e shqip\u2026.<\/h2>\n<h2>Mos fol n\u00eb em\u00ebr t\u00eb t\u00eb presekutuarve dhe Vatran\u00ebve t\u00eb v\u00ebrtet si flet n\u00eb reagimin t\u00ebnd dhe je m\u00ebsuar t\u00eb flas\u00ebsh, krejt pa vend gjithmon\u00eb-<\/h2>\n<h2>Tani je duke folur her si nj\u00eb qyqar t\u00eb stilit komunist dhe her duke permendur Nene e paragrafe t\u00eb kujtojn\u00eb dhe t\u00eb fusin frik\u00ebn me ato ligjet dhe nenet e Sigurimin t\u00eb Shtetit &#8211; Dalip a e di ti sepse Vatra ka nj\u00eb KANUNORE dhe NYJE dhe ska pse tja ndryshosh\u00eb sot ti o Dalip Greca kur p\u00ebrdor at\u00eb stilin social kommunist t\u00eb reagimit (\u00a0-SHFLETIM: KUSHTETUTA E VATR\u00cbS-Neni 14, amendamenti shtese, pika f-\u00a0).<\/h2>\n<h2>Dalip gazeta Dielli prej se kur erdhe ti p\u00ebr fatkeq e humbi edhe indetitetin e saj &#8211; nga nj\u00eb gazet\u00eb e Vatr\u00ebs u kthye n\u00eb nj\u00eb gazet qokash &#8211; servile dhe lajkash &#8211; p\u00ebr disa q\u00eb \u201cvdisnin\u201d p\u00ebr t\u00eb dal\u00eb n\u00eb fotografi dhe ti ju servilosesh akoma.<\/h2>\n<h2>Gazeta Dielli ishte m\u00eb prestigjoze dhe me dinjitoze edhe kur dilte ashtu si dilte nj\u00eb her\u00eb n\u00eb vit, se sa tani kur aty n\u00eb \u00e7do num\u00ebr gjen\u00eb vet\u00ebm servilat ( gazetar apo nga ata q\u00eb e vet quajn\u00eb veten me dhun\u00eb gazetar e shkrimtar, ata q\u00eb dit\u00ebn shkruajn p\u00ebr demoracin\u00eb dhe patriotizimin &#8211; nat\u00ebn festojn\u00eb e k\u00ebndojn\u00eb Enver Hoxh\u00ebn dhe luft\u00ebn partizane kremtojn\u00eb formimin e oficerve t\u00eb Sigurmit t\u00eb Shtetit), ose aktualisht ata q\u00eb kan shkruar gjoja p\u00ebr Dritan Mishton, kur e p\u00ebrzuri Edi Rama, ata jan\u00eb b\u00ebr\u00eb si me e pas\u00eb gazet\u00ebn e tyre Diellin, me shkrime p\u00ebr \u00e7do num\u00ebr e \u00e7do \u201czijafet\u201d, t\u00eb tyre, q\u00eb ti Dalip editori i shqipes,i i b\u00ebn lajm ose informaci\u00f3n n\u00eb gazet\u00ebn e nderuar Dielli.<\/h2>\n<h2>Dalip, n\u00eb se e do Vatr\u00ebn me t\u00eb v\u00ebrtet e vetmja gj\u00eb mund t\u00eb b\u00ebsh\u00eb pozicionohu dhe mbaj vendin q\u00eb ke p\u00ebr t\u00eb marr at\u00eb rrog\u00ebn q\u00eb t\u00eb japin, se nd\u00ebrsa p\u00ebr at\u00eb q\u00eb t\u00eb ke dh\u00ebn\u00eb dhe sa b\u00ebn\u00eb ti q\u00eb qahesh gjithmon, duhet me e dit\u00eb se ti je i vetmi Editor n\u00eb historin\u00eb e k\u00ebsaj gazete, q\u00eb merr rrog\u00eb t\u00eb plot\u00eb, mbasi kan qen\u00eb burra shum\u00eb m\u00eb t\u00eb mir\u00eb nga ti &#8211; shum\u00eb t\u00eb zot\u00ebt dhe q\u00eb kan l\u00ebn\u00eb gjurm\u00eb n\u00eb historin\u00eb e Vatres, dhe nuk kan marr asnj\u00ebri prei tyre rrog\u00ebn si ti &#8211; dhe nuk kan b\u00ebr\u00eb k\u00ebshtu si po b\u00ebn ti\u2026..n\u00eb Vat\u00ebr.<\/h2>\n<h2>Dalip. Vatra dhe Dielli lindi dhe u mbajt gjall\u00eb nga idealist\u00ebt, dhe n\u00eb se shuhet ose do t\u00eb jetoj\u00eb ajo do t\u00eb jet\u00eb e idealist\u00ebve, e vatran\u00ebve t\u00eb v\u00ebrtet, dhe \u00e7do njeri tjet\u00ebr q\u00eb hyn\u00eb e del \u00ebsht\u00eb nj\u00eb kalimtar si ti dhe kryetari\u2026n\u00eb ikje\u2026..<\/h2>\n<h2>Vatra dallg\u00eb t\u00eb tilla e p\u00ebrballje t\u00eb tilla bile edhe m\u00eb t\u00eb forta me Dillin e saj &#8211; kan kalur me dekada, por ja q\u00eb jan kan dal\u00eb, dhe \u00a0ajo mbijetoj\u00eb dhe \u00ebsht\u00eb gjall\u00eb\u2026..e do t\u00eb jet\u00eb sa t\u00eb k\u00ebt\u00eb patriot, atdhetar e vatran me taban dhe jo \u201claraman\u201de \u201cllastuc\u201d.<\/h2>\n<h2>Dalip ti dhe Kryetari jam I bindur se ashtu si keni hyr\u00eb n\u00eb Vat\u00ebr edhe mund t\u00eb ikni nes\u00ebr, kjo nuk \u00ebsht\u00eb ndonj\u00eb \u00e7udi p\u00ebr ju- ngase ku ishit deri dje dhe ku jeni sot &#8211; kjo nuk i dihet p\u00ebr sa her\u00eb koh\u00ebt ndryshojn\u00eb, do t\u00eb ndryshoni edhe ju!<\/h2>\n<h2>Por nj\u00eb gj\u00eb ta them me bindje, se t\u00eb gjith\u00eb ne idealist\u00ebt dhe Vatran\u00ebt e vert\u00ebt, ne q\u00eb u rroptuam dhe u p\u00ebrpoq\u00ebm me \u201cmish e me shpirt\u201d dhe e mbajt\u00ebm Vatr\u00ebn deri sot, jemi Vatran dhe do t\u00eb ikim Vatran -dhe jo ashtu si thua ti me at\u00eb stilin kommunist : &#8220;P\u00cbRSE \u00cbSHT\u00cb ANTILIGJOR \u201cKOMISIONI I 5 TETORIT\u201d ? k\u00ebt\u00eb pyetje duhet tja b\u00ebsh vetvetes e ndonj\u00eb tjetri , dhe mos\u00a0luaj m\u00eb me emrat e t\u00eb presekutuarve q\u00eb i ke shok\u2026.<\/h2>\n<h2>\u2026dhe e fundit kujt po ja tregon k\u00ebt\u00eb <em>:&#8221;\u00a0At\u00eb \u00e7far\u00eb po i b\u00ebjn\u00eb Vatr\u00ebs tani t\u00eb vet\u00ebt, nuk ia kan\u00eb arrit\u00eb q\u00eb t\u2019ia b\u00ebjn\u00eb p\u00ebr 50 vjet as Sigurimi i Shtetit me Misionin Shqiptar- nuk e kuptoj\u00eb k\u00ebt\u00eb se p\u00ebr cil\u00ebt e ke fjal\u00ebn a p\u00ebr komunist\u00ebt dhe ish sigurimasit ose ata q\u00eb i sh\u00ebrbyen Enver Hoxh\u00ebs, i\u00a0thuren lavde dhe p\u00ebrplasnin duart sa i b\u00ebn gjak,\u00a0ashtu si bejn\u00eb sot me Vatr\u00ebn, dhe demokracin\u00eb apo p\u00ebr dik\u00eb tjet\u00ebr\u2026.?<\/em><\/h2>\n<h2>Mos shantazho m\u00eb me Dosjet, se nuk jan\u00eb p\u00ebr ty ato\u2026&#8230;<\/h2>\n<h2><strong><em>Florida 10\/Dhjetor\/2019<\/em><\/strong><\/h2>\n","protected":false},"excerpt":{"rendered":"<p>Sejdi Hysenaj \u201cVatrani\u201d me 10 vjet n\u00eb Vat\u00ebr nuk mundet t\u00eb quhet Vatran, dhe jo e jo m\u00eb pastaj edhe t\u00eb na jap mend dhe t\u00eb b\u00ebj\u00eb rolin e kryetarit ose kryeplakut si\u00e7 po vepron Dalip Greca, ne vatran\u00ebve q\u00eb kemi gjith\u00eb jet\u00ebn n\u00eb Vat\u00ebr\u2026..<\/p>\n","protected":false},"author":1,"featured_media":7974,"comment_status":"open","ping_status":"open","sticky":false,"template":"","format":"standard","meta":{"footnotes":""},"categories":[11],"tags":[],"class_list":["post-7973","post","type-post","status-publish","format-standard","has-post-thumbnail","hentry","category-publicistike"],"_links":{"self":[{"href":"https:\/\/revistakuvendi.org\/index.php?rest_route=\/wp\/v2\/posts\/7973","targetHints":{"allow":["GET"]}}],"collection":[{"href":"https:\/\/revistakuvendi.org\/index.php?rest_route=\/wp\/v2\/posts"}],"about":[{"href":"https:\/\/revistakuvendi.org\/index.php?rest_route=\/wp\/v2\/types\/post"}],"author":[{"embeddable":true,"href":"https:\/\/revistakuvendi.org\/index.php?rest_route=\/wp\/v2\/users\/1"}],"replies":[{"embeddable":true,"href":"https:\/\/revistakuvendi.org\/index.php?rest_route=%2Fwp%2Fv2%2Fcomments&post=7973"}],"version-history":[{"count":1,"href":"https:\/\/revistakuvendi.org\/index.php?rest_route=\/wp\/v2\/posts\/7973\/revisions"}],"predecessor-version":[{"id":7975,"href":"https:\/\/revistakuvendi.org\/index.php?rest_route=\/wp\/v2\/posts\/7973\/revisions\/7975"}],"wp:featuredmedia":[{"embeddable":true,"href":"https:\/\/revistakuvendi.org\/index.php?rest_route=\/wp\/v2\/media\/7974"}],"wp:attachment":[{"href":"https:\/\/revistakuvendi.org\/index.php?rest_route=%2Fwp%2Fv2%2Fmedia&parent=7973"}],"wp:term":[{"taxonomy":"category","embeddable":true,"href":"https:\/\/revistakuvendi.org\/index.php?rest_route=%2Fwp%2Fv2%2Fcategories&post=7973"},{"taxonomy":"post_tag","embeddable":true,"href":"https:\/\/revistakuvendi.org\/index.php?rest_route=%2Fwp%2Fv2%2Ftags&post=7973"}],"curies":[{"name":"wp","href":"https:\/\/api.w.org\/{rel}","templated":true}]}}