{"id":7966,"date":"2019-12-11T14:29:47","date_gmt":"2019-12-11T14:29:47","guid":{"rendered":"http:\/\/revistakuvendi.org\/?p=7966"},"modified":"2019-12-11T14:29:47","modified_gmt":"2019-12-11T14:29:47","slug":"nderohen-malsoret-shtjefen-dhe-gjyste-ivezaj","status":"publish","type":"post","link":"https:\/\/revistakuvendi.org\/?p=7966","title":{"rendered":"Nderohen malsor\u00ebt Shtjefen dhe Gjyste Ivezaj"},"content":{"rendered":"<p><strong><a href=\"http:\/\/revistakuvendi.org\/wp-content\/uploads\/2019\/12\/RITA-KALAJ.png\"><img loading=\"lazy\" decoding=\"async\" class=\"alignleft size-full wp-image-7967\" src=\"http:\/\/revistakuvendi.org\/wp-content\/uploads\/2019\/12\/RITA-KALAJ.png\" alt=\"\" width=\"160\" height=\"160\" srcset=\"https:\/\/revistakuvendi.org\/wp-content\/uploads\/2019\/12\/RITA-KALAJ.png 160w, https:\/\/revistakuvendi.org\/wp-content\/uploads\/2019\/12\/RITA-KALAJ-150x150.png 150w, https:\/\/revistakuvendi.org\/wp-content\/uploads\/2019\/12\/RITA-KALAJ-50x50.png 50w\" sizes=\"auto, (max-width: 160px) 100vw, 160px\" \/><\/a>P\u00ebrgaditi Rita Shkurtaj<\/strong><\/p>\n<p>&nbsp;<\/p>\n<p>Nderohen\u00a0 me vlersimet m\u00eb t\u00eb larta humane nga MISIONI DIPLOMATIK P\u00cbR PAQE E PROSPERITET I AKREDITUAR N\u00cb TIRAN\u00cb,malsor\u00ebt Shtjefen dhe Gjyste Ivezaj.<\/p>\n<p>&#8220;Mos i prisni kryetar\u00ebt.B\u00ebjini gj\u00ebrat vet\u00eb,nj\u00ebri p\u00ebr tjetrin&#8221;.<!--more--><\/p>\n<p>E nisa k\u00ebt\u00eb shkrim me ket\u00eb porosi t\u00eb ve\u00e7ant\u00eb t\u00eb N\u00ebn\u00eb Terez\u00ebs,Nobelistes s\u00eb Paqes &amp; Shenjtores s\u00eb Kalkut\u00ebs, e cila ka z\u00ebn\u00eb vend m\u00eb s\u00eb miri n\u00eb k\u00ebt\u00eb mision tejet t\u00eb ve\u00e7ant\u00eb n\u00eb vlersimin malsor\u00ebve,Shtjefen dhe Gjyste Ivezaj,pasi serioziteti dhe vlersimi i tyre u b\u00eb fal\u00eb hulumtimit dhe ndjekjes nga af\u00ebr t\u00eb veprimtaris\u00eb s\u00eb k\u00ebtyre malsoreve z.Ndue Dodaj,Misionar i Paqes &amp; Antar Nderi i k\u00ebtij misioni diplomatic, si dhe pjes\u00eb e stafit t\u00eb pun\u00ebs e veprimtarive q\u00eb zhvillon ky mision n\u00eb bashk\u00ebpunim me partner\u00ebt e vet nd\u00ebrkomb\u00ebtar,kudo n\u00eb trojet etnike.<\/p>\n<p><a href=\"http:\/\/revistakuvendi.org\/wp-content\/uploads\/2019\/12\/rita1.png\"><img loading=\"lazy\" decoding=\"async\" class=\"alignleft size-medium wp-image-7968\" src=\"http:\/\/revistakuvendi.org\/wp-content\/uploads\/2019\/12\/rita1-300x201.png\" alt=\"\" width=\"300\" height=\"201\" srcset=\"https:\/\/revistakuvendi.org\/wp-content\/uploads\/2019\/12\/rita1-300x201.png 300w, https:\/\/revistakuvendi.org\/wp-content\/uploads\/2019\/12\/rita1.png 448w\" sizes=\"auto, (max-width: 300px) 100vw, 300px\" \/><\/a><\/p>\n<p>Ishte e rastesishme njohja apo dhe indicja q\u00eb mori v\u00ebm\u00ebndje ndaj \u00e7iftit Ivezaj te ky misionar,ku fal\u00eb nj\u00eb aktiviteti n\u00eb Shkoder e nj\u00eb bisede spontane me t\u00eb,p\u00ebr meritat,pun\u00ebn dhe shembullin e pashoq q\u00eb ky \u00e7ift po i japin malsis\u00eb dhe shqiptaris\u00eb n\u00eb mbare bot\u00ebn duke e kthyer banes\u00ebn e tyre n\u00eb nj\u00eb Sht\u00ebpi Muze Historiko &#8211; Kulturor brenda s\u00eb cil\u00ebs gjinden koleksione t\u00eb shumta q\u00eb demostrojn\u00eb jet\u00ebn dhe veprimtarin\u00eb e malsoreve n\u00eb rrjellat e shekujve. Bindja e tij p\u00ebr meritat e tyre \u00e7oi n\u00eb at\u00eb q\u00eb u finalizu me vlersimet m\u00eb t\u00eb larta t\u00eb k\u00ebtyre malsoreve duke u miratu unanimisht nga vet\u00eb krer\u00ebt e k\u00ebtij misioni diplomatik duke i shpallur ata Misionar\u00eb t\u00eb Paqes e nj\u00ebkohsisht z.Shtjefen Ivezaj &#8220;Djalin e Malsis\u00eb&#8221; edhe Ambasador i Paqes,ndersa N\u00ebn\u00ebn Gjyste si\u00e7 e therrisnin te gjithe e nderuan me Medaljen e Arte t\u00eb Urdherit N\u00ebn\u00eb Tereza. Ndaj me ju emocionet e rastit pasi dorzimi i k\u00ebsaj medalje,mu besua mua per \u00e7ka do u jem gjithmon\u00eb mirnjoh\u00ebse organizator\u00ebve pasi u ndjeva shum\u00eb krenare q\u00eb ky vlersim i merituar ju dha malsores ton\u00eb Gjyste Ivezaj. Kujtoj k\u00ebtu edhe nj\u00eb th\u00ebnje e perseritur nga Z.Petro Ko\u00e7i Zv\/ Minist\u00ebr i Mbrojtjes s\u00eb Repuplik\u00ebs s\u00eb Shqip\u00ebris\u00eb,se ky mision kishte arritur majat e vlersimit duke ju referuar meritave t\u00eb \u00e7iftit Ivezaj n\u00eb fjalimin e tij te mbajtur gjat\u00eb k\u00ebsaj ceremonie zyrtare.<\/p>\n<p><a href=\"http:\/\/revistakuvendi.org\/wp-content\/uploads\/2019\/12\/rita2.png\"><img loading=\"lazy\" decoding=\"async\" class=\"alignleft size-medium wp-image-7969\" src=\"http:\/\/revistakuvendi.org\/wp-content\/uploads\/2019\/12\/rita2-300x200.png\" alt=\"\" width=\"300\" height=\"200\" srcset=\"https:\/\/revistakuvendi.org\/wp-content\/uploads\/2019\/12\/rita2-300x200.png 300w, https:\/\/revistakuvendi.org\/wp-content\/uploads\/2019\/12\/rita2.png 448w\" sizes=\"auto, (max-width: 300px) 100vw, 300px\" \/><\/a><\/p>\n<p>Nj\u00eb organizim dinjitoz me nj\u00eb pjesmarrje t\u00eb gj\u00ebr\u00eb elitare nga fusha te ndryshme t\u00eb jet\u00ebs politike,shoqerore e humane e b\u00ebn\u00eb k\u00ebt\u00eb dit\u00eb t\u00eb paharruar p\u00ebr t\u00eb gjithe ne q\u00eb ishim prezent,\u00e7ka u vu re edhe ne emocionet e secilit q\u00eb foli n\u00eb k\u00ebt\u00eb ceremoni. Gjej rastin s\u00ebrish ta falenderoj p\u00ebrzem\u00ebrsisht ne em\u00ebr t\u00eb t\u00eb gjith\u00eb malsor\u00ebve Guvernatorin dhe Ambasadorin e nj\u00ebkohsisht dhe kordinator i k\u00ebsaj ceremonie,p\u00ebr serjozitetin dhe emocionet q\u00eb na fali gjat\u00eb prezantimit dhe dorzimit t\u00eb k\u00ebtyre vlersimeve n\u00eb emer te Misionit Diplomatik per Paqe e Prosperitet me qender ne Tirane te z.Shtjefen Ivezaj dhe znj.Gjyste Ivezaj.<\/p>\n<p>N\u00eb ceremonine e rastit ishin t\u00eb pranish\u00ebm edhe shum\u00eb personalitete t\u00eb larta shteterore si: Gjeneral Ded Prenga K\u00ebshilltar pran\u00eb Presidentit p\u00ebr mbrojtjen dhe sigurin\u00eb e Republikes s\u00eb Shqip\u00ebris\u00eb, Z.Ko\u00e7o Tahiri,Deputet i Kuvendit t\u00eb Shqip\u00ebris\u00eb, Mulla Fetah Bekolli nj\u00eb nga bashkepuntor\u00ebt m\u00eb t\u00eb flakt\u00eb t\u00eb Prof.Dr.Anton \u00c7et\u00ebs,luftetar dhe komandant n\u00eb luft\u00ebn e U\u00c7K -s\u00eb edhe pas saj. z.Ideal Qollaku,Biznesmen i suksesshem prizrenas, Z.Asllan Mazreku nga Malisheva, z.Nazmi \u00c7ela,z.Hysni Lila,z.Mustafa Kadiu,z.Hekuran Rrapaj e shum\u00eb t\u00eb tjer\u00eb personalitete t\u00eb shquar q\u00eb i dhane serjozitetin e merituar k\u00ebsaj ceremonie.I pranish\u00ebm ishte edhe Rapsodi i Minjohur,Mjeshtri i Madh,kantautori Gjon Frroku i shoqerua me \u00e7ifteline e tij ku p\u00ebrsh\u00ebndeti t\u00eb pranishmit me nj\u00eb k\u00ebng\u00eb t\u00eb rastit \u00e7ka i dha edhe m\u00eb shum\u00eb vlersim k\u00ebsaj ceremonie.<\/p>\n<p><a href=\"http:\/\/revistakuvendi.org\/wp-content\/uploads\/2019\/12\/rita3.png\"><img loading=\"lazy\" decoding=\"async\" class=\"alignleft size-medium wp-image-7970\" src=\"http:\/\/revistakuvendi.org\/wp-content\/uploads\/2019\/12\/rita3-300x201.png\" alt=\"\" width=\"300\" height=\"201\" srcset=\"https:\/\/revistakuvendi.org\/wp-content\/uploads\/2019\/12\/rita3-300x201.png 300w, https:\/\/revistakuvendi.org\/wp-content\/uploads\/2019\/12\/rita3.png 448w\" sizes=\"auto, (max-width: 300px) 100vw, 300px\" \/><\/a><\/p>\n<p>Sh\u00ebnonte data 8 dhjetor 2019, ku kjo ceremoni p\u00ebrkonte edhe me dat\u00eblindjen e z.Ndue Dodaj gj\u00eb e cila nuk kaloi pa v\u00ebm\u00ebndje,pasi Misioni Diplomatik i kishte pergaditur edhe nj\u00eb vlersim enkas p\u00ebr kete dit\u00eb duke i akorduar Medaljen e Arte si vepritar i shquar i njerzimit si dhe Diplomen e Nderit nga UKB t\u00eb miratuar nga t\u00eb gjitha Organizmat Diplomatike Boterore Bashk\u00ebpunuese e t\u00eb firmosura nga Prof.Dr.Madhu Krishan,Kryetar i Akademis\u00eb Bor\u00ebtore t\u00eb Paqes. Ne shenj\u00eb mirnjohje e falenderimi z.Dodaj shtroi nj\u00eb drek\u00eb vllaznore e tradicjonale mirditore p\u00ebr miqt\u00eb dhe koleg\u00ebt e tij.<\/p>\n","protected":false},"excerpt":{"rendered":"<p>P\u00ebrgaditi Rita Shkurtaj &nbsp; Nderohen\u00a0 me vlersimet m\u00eb t\u00eb larta humane nga MISIONI DIPLOMATIK P\u00cbR PAQE E PROSPERITET I AKREDITUAR N\u00cb TIRAN\u00cb,malsor\u00ebt Shtjefen dhe Gjyste Ivezaj. &#8220;Mos i prisni kryetar\u00ebt.B\u00ebjini gj\u00ebrat vet\u00eb,nj\u00ebri p\u00ebr tjetrin&#8221;.<\/p>\n","protected":false},"author":1,"featured_media":7967,"comment_status":"open","ping_status":"open","sticky":false,"template":"","format":"standard","meta":{"footnotes":""},"categories":[11],"tags":[],"class_list":["post-7966","post","type-post","status-publish","format-standard","has-post-thumbnail","hentry","category-publicistike"],"_links":{"self":[{"href":"https:\/\/revistakuvendi.org\/index.php?rest_route=\/wp\/v2\/posts\/7966","targetHints":{"allow":["GET"]}}],"collection":[{"href":"https:\/\/revistakuvendi.org\/index.php?rest_route=\/wp\/v2\/posts"}],"about":[{"href":"https:\/\/revistakuvendi.org\/index.php?rest_route=\/wp\/v2\/types\/post"}],"author":[{"embeddable":true,"href":"https:\/\/revistakuvendi.org\/index.php?rest_route=\/wp\/v2\/users\/1"}],"replies":[{"embeddable":true,"href":"https:\/\/revistakuvendi.org\/index.php?rest_route=%2Fwp%2Fv2%2Fcomments&post=7966"}],"version-history":[{"count":1,"href":"https:\/\/revistakuvendi.org\/index.php?rest_route=\/wp\/v2\/posts\/7966\/revisions"}],"predecessor-version":[{"id":7971,"href":"https:\/\/revistakuvendi.org\/index.php?rest_route=\/wp\/v2\/posts\/7966\/revisions\/7971"}],"wp:featuredmedia":[{"embeddable":true,"href":"https:\/\/revistakuvendi.org\/index.php?rest_route=\/wp\/v2\/media\/7967"}],"wp:attachment":[{"href":"https:\/\/revistakuvendi.org\/index.php?rest_route=%2Fwp%2Fv2%2Fmedia&parent=7966"}],"wp:term":[{"taxonomy":"category","embeddable":true,"href":"https:\/\/revistakuvendi.org\/index.php?rest_route=%2Fwp%2Fv2%2Fcategories&post=7966"},{"taxonomy":"post_tag","embeddable":true,"href":"https:\/\/revistakuvendi.org\/index.php?rest_route=%2Fwp%2Fv2%2Ftags&post=7966"}],"curies":[{"name":"wp","href":"https:\/\/api.w.org\/{rel}","templated":true}]}}