{"id":7949,"date":"2019-12-09T17:03:44","date_gmt":"2019-12-09T17:03:44","guid":{"rendered":"http:\/\/revistakuvendi.org\/?p=7949"},"modified":"2019-12-12T01:35:09","modified_gmt":"2019-12-12T01:35:09","slug":"ku-po-shkon-shqiperia","status":"publish","type":"post","link":"https:\/\/revistakuvendi.org\/?p=7949","title":{"rendered":"Ku po shkon Shqip\u00ebria!?"},"content":{"rendered":"<h2><strong><em>N\u00eb vend t\u00eb nj\u00eb letre t\u00eb vonuar, Agron Tufes!<\/em><\/strong><\/h2>\n<h2><strong>Pjet\u00ebr Jaku<\/strong><\/h2>\n<h2><em><a href=\"http:\/\/revistakuvendi.org\/wp-content\/uploads\/2019\/12\/AGRON-TUFA.png\"><img loading=\"lazy\" decoding=\"async\" class=\"alignleft size-medium wp-image-7951\" src=\"http:\/\/revistakuvendi.org\/wp-content\/uploads\/2019\/12\/AGRON-TUFA-300x225.png\" alt=\"\" width=\"300\" height=\"225\" srcset=\"https:\/\/revistakuvendi.org\/wp-content\/uploads\/2019\/12\/AGRON-TUFA-300x225.png 300w, https:\/\/revistakuvendi.org\/wp-content\/uploads\/2019\/12\/AGRON-TUFA.png 448w\" sizes=\"auto, (max-width: 300px) 100vw, 300px\" \/><\/a>Me Agron Tufen te Kafe \u201cEuropa\u201d ne Tiran\u00eb,<\/em><em>21 shtator 2019<\/em><strong>\u00a0<\/strong><\/h2>\n<h2>U b\u00ebn\u00eb disa dit\u00eb q\u00eb e kam m\u00ebsuar largimin t\u00ebnd nga At\u00ebdheu yn\u00eb, i dashur Agron! Nuk jam i sigurt\u00eb se<!--more--> p\u00ebr k\u00eb me erdhi keq, a p\u00ebr ty q\u00eb t\u00eb imponuan te largohesh, apo p\u00ebr Shqip\u00ebrin\u00eb q\u00eb ia sulmojn\u00eb djemt\u00eb m\u00eb t\u00eb mir\u00eb t\u00eb saj.! Kush duhet t\u00eb mbes\u00eb n\u00eb Shqip\u00ebri, a m\u00eb thua t\u00eb lutem?! T\u00eb ik\u00ebsh i detyruar nga vendi yt, \u00ebsht\u00eb nj\u00eb fatkeq\u00ebsi komb\u00ebtare. Nj\u00eb fatkeq\u00ebsi q\u00eb po vjen nga sistemi q\u00eb t\u00eb p\u00ebrsekutoi dhe, nga bijt\u00eb e tyre q\u00eb v\u00ebllezrit tan\u00eb i votojn\u00eb p\u00ebr t\u00eb shtypur veten! Le t\u2019i votojn\u00eb deri kur t\u00eb mos mbes\u00eb k\u00ebmb\u00eb shqiptari n\u00eb at\u00eb vend! Ti u largove, dhe dua te shpresojme, se ke p\u00ebr t\u2019u kthyer n\u00eb sht\u00ebpin\u00eb t\u00ebnde, n\u00eb profesionin t\u00ebnd, n\u00eb dashurin\u00eb t\u00ebnde t\u00eb p\u00ebrhershme, Shqip\u00ebrin\u00eb, p\u00ebr ta th\u00ebn\u00eb t\u00eb v\u00ebrtet\u00ebn, atje ku nuk t\u00eb rrezikohet jeta nga mendjebrok\u00ebt si Zabiti, q\u00eb ngrifet sikur flet nga kalat\u00eb imagjinare t\u00eb partizan\u00ebve, q\u00eb luftuan me nj\u00ebri tjetrin, nga Fatosat, q\u00eb nuk jan\u00eb ve\u00e7 trumcak\u00eb t\u00eb m\u00ebrdhitur dhe t\u00eb rropatur p\u00ebr t\u00eb \u2018vuajtur\u201d n\u00ebp\u00ebr ambasada e tendera, si bab\u00ebzit\u00ebs t\u00eb pangopur, u largove p\u00ebr t\u2019i par\u00eb nga larg monstra fytyr\u00ebzeza si pantoll-laguri, sakati spartak, q\u00eb mbart nj\u00eb em\u00ebr n\u00eb antitez\u00eb me b\u00ebmat e tij dhe, mustafallar\u00ebt e shkarrajargavitur. Por, a do t\u00eb munden ata ta ndalin fjal\u00ebn t\u00ebnde! ? Kurr\u00eb! Por, a do t\u00eb ndalojn\u00eb ata Agron Tufen t\u00eb skanoj\u00eb jet\u00ebn shqiptare? Kurr\u00eb! P\u00ebrkundrazi, Agronin do ta ndihmoj\u00eb ky largim n\u00eb aspektin e\u00a0 tij p\u00ebrsonal, si nj\u00eb eksperienc\u00eb e re, por edhe n\u00eb t\u00eb mir\u00ebn e detyr\u00ebs q\u00eb ka kryer me nj\u00eb p\u00ebrkushtim shembullor. Do ta kishin ndaluar Agron Tufen t\u00eb ishte Drejtor i Institutit, por Agroni- krijues e njer\u00ebz si Agroni, jan\u00eb Institute leviz\u00ebse, ngado q\u00eb t\u00eb shkojn\u00eb e kudo q\u00eb t\u00eb ndodhen. Ata nuk do t\u00eb mund ta ndalojn\u00eb Agron Tufen e shum\u00eb t\u00eb tjer\u00eb si Agroni, ta prekin e t\u00eb shkruajn \u00e7far\u00eb t\u00eb munden e t\u00eb din\u00eb p\u00ebr periudhen, q\u00eb sistemi i tanish\u00ebm po u v\u00eb bariera \u201cligjore\u201d e politikike. Njer\u00ebzit, ende jetojn\u00eb dhe e din\u00eb fort mir\u00eb se 28 mije d\u00ebshmor\u00ebt, ishin nj\u00eb sajes\u00eb mburavecash, t\u00eb nj\u00eb populli demek trim ( vet\u00ebm n\u00ebn udh\u00ebheqjen e komunist\u00ebve brahoian\u00eb, q\u00eb i vrasin me pantoll\u00eb n\u00ebp\u00ebr k\u00ebmb\u00eb). Periudha \u00a0e Luft\u00ebs do t\u00eb analizohet edhe pa institute parlamentare, biles me mire se n\u00eb koh\u00ebn e instituteve. Por, Instituti i Studimeve t\u00eb Krimeve e t\u00eb Pasojave t\u00eb Komunizmit do t\u00eb mbetet nj\u00eb vler\u00eb historike dhe patriotike, p\u00ebr \u00a0v\u00ebnien e historis\u00eb n\u00eb vend, p\u00ebr sakt\u00ebsimin e padrejt\u00ebsive q\u00eb u jan\u00eb b\u00ebr\u00eb shqiptar\u00ebve nga komunist\u00ebt e ardhur nga malet, t\u00eb cil\u00ebt u p\u00ebrpoqen p\u00ebr gjys\u00ebm shekulli, por edhe pas tridhjete vjet\u00ebve t\u00eb tjera, medemek demokratike, t\u00eb mbajn\u00eb n\u00ebn terror, duke mos hequr dor\u00eb nga b\u00ebmat e baballar\u00ebve t\u00eb tyre, biles duke u mburrur! Q\u00eb ta fillosh nje pune nga koka, duhet nisur nga 41-shi. Q\u00eb aty filloi projektimi i s\u00eb keq\u00ebs shqiptare. Nj\u00eb e keqe q\u00eb mbante vet\u00ebm nj\u00eb em\u00ebr, i cili at\u00eb dit\u00eb e sot u rri mbi kurriz shum\u00eb shqiptar\u00ebve, q\u00eb i ka qorruar politika. Ti je nj\u00eb shkrimtar talent e kurajoz, rrebel dhe i urt\u00eb, q\u00eb nuk mund e nuk duhet t\u00eb durosh imponime p\u00ebrverse t\u00eb nj\u00eb sistemi t\u00eb degraduar e d\u00ebnuar nga historia. Rrebelimi yt e tremb sistemin e instaluar vitet e fundit, ndaj p\u00ebrpiqen p\u00ebr t\u00eb ndaluar \u00a0mediat, kur nuk e din\u00eb se media ka secili shqiptar. Socialmediat dhe zhvillimi i tyre, \u00a0p\u00ebrcjellin live edhe sa her\u00eb spartak\u00ebt e \u00e7itianist\u00ebt enverist, broket e fatosat e minimizuar n\u00eb minj t\u00eb r\u00ebn\u00eb lija, mustafat e hajdarat delirant, vjellin vrerin e kuq t\u00eb koh\u00ebs s\u00eb tyre t\u00eb pakthyeshme.<\/h2>\n<h2>Do t\u00eb vuaj Agroni, p\u00ebr te siguruar familjen, f\u00ebmij\u00ebt e tij, \u00a0por le t\u00eb kujtoj se shum\u00eb shkrimtar\u00eb e artist\u00eb kan\u00eb jetuar e krijuar n\u00eb eimgrim, si: Isabel Alende, q\u00eb 15 vjet i kaloi n\u00eb Venezuel, Sigmund Frojd-austriaku q\u00eb jetoj n\u00eb Angli, Bertolt Breht, 15 vjet n\u00eb Amerik\u00eb, Milan Kundera n\u00eb Franc\u00eb , Viktor Hygo, arratiset n\u00eb mosh\u00ebn 49 vje\u00e7are n\u00eb Belgjik\u00eb dhe Angli e shum\u00eb t\u00eb tjer\u00eb, pa p\u00ebrmendur shqiptar\u00ebt, q\u00eb gjith\u00eb fillesat kulturore komb\u00ebtare i kan\u00eb nga emigrimi. Duhet ditur\u00a0 Agron, se ti nuk iu trembe terrorit, p\u00ebr m\u00eb shum\u00eb se dy vjet n\u00ebn k\u00ebrc\u00ebnime e shantazhe t\u00eb p\u00ebrdit\u00ebshme. Do s\u2019do, ajo lloj jete t\u00eb pengon t\u00eb merresh me pun\u00eb intelektuale, ndaj duhesh largimi, edhe pse ti kishe nj\u00eb detyrim m\u00eb t\u00eb domosdosh\u00ebm se yti personal, at\u00eb t\u00eb familjes, f\u00ebmij\u00ebve. Largimi yt e tremb shum\u00eb ma tep\u00ebr, se qendrimi n\u00eb atdhe, sistemin diktatorial q\u00eb po mundohet me u instalu, n\u00ebp\u00ebrmjet hajvan\u00ebve politik dhe sharlatan\u00ebve t\u00eb pa moral t\u00eb socializmit komunist shqiptar. Kurajo dhe qendrimi Juaj ishte i mjaftuesh\u00ebm p\u00ebr t\u00eb treguar, se nuk i trembeshe asgj\u00ebje, para se v\u00ebrtet\u00ebs. Por, e v\u00ebrteta, thot\u00eb populli, t\u00eb prish edhe me v\u00ebllan\u00eb. E v\u00ebrteta \u00ebsht\u00eb shum\u00eb e padurusheme dhe, sidomos kur thuhet publikisht e me vepra, si\u00e7 e that\u00eb Ju dhe miqt\u00eb tuaj n\u00eb Institucionin q\u00eb drejtuat, edhe pse e dije se autor\u00eb nga m\u00eb t\u00eb njohurit n\u00eb bot\u00eb b\u00ebn\u00eb edhe burg, si: Miguel de Servantes, Volteri b\u00ebri 11 muaj burg vet\u00ebm pse kishte shkruar vjersha satirike kund\u00ebr aristokracis\u00eb, Aleksand\u00ebr Solzhenicin vet\u00ebm p\u00ebr nj\u00eb let\u00ebr q\u00eb i shkroi nj\u00eb mikut t\u00eb tij me pikpamjet q\u00eb kishte p\u00ebr Stalinin, Oscar \u00cbilde, Borghes, Thomas More, O\u2019Henri, Porter e shum\u00eb t\u00eb tjer\u00eb, q\u00eb sot krejt bota mburret me ta e, jo ve\u00e7 vendi i tyre. Ti u largove duke dashur vendin tend, si t\u00eb gjith\u00eb shqiptar\u00ebt, por jam i bindur se, shum\u00eb ma mir\u00eb do t\u2019i sh\u00ebrbesh \u00a0Shqip\u00ebris\u00eb, prej aty ku je, pa p\u00ebrkujdesjen p\u00ebr t\u00eb mbrojtur familjen nga skifteret e inatosur.<\/h2>\n<h2>\u00a0Ti, je nj\u00eb luft\u00ebtar\u00eb i denj\u00eb, p\u00ebr kauzen e liris\u00eb, jo vet\u00ebm t\u00ebnden. E, bash p\u00ebr k\u00ebt\u00eb, t\u00eb kan\u00eb zili shkrimtar\u00ebt e bllokut dhe shkrimtaruc\u00ebt servil\u00eb q\u00eb i b\u00ebjn\u00eb k\u00ebng\u00eb \u00e7do pordhe qeveritare! \u00a0Ata jan\u00eb t\u00eb humur me k\u00ebt\u00eb rast e jo Agron Tufa!\u00a0 Liria jote i ka tmerruar dhe, pik\u00ebrisht tani fillon fitorja jote! M\u00eb ka mbetur n\u00eb mendje humori yt, edhe pse \u00e7do dit\u00eb merrje k\u00ebrcenime, kur pim\u00eb kafen e mengjesit te Kafe \u201c Europa\u201d, n\u00eb shtatorin e k\u00ebti viti. Por, edhe nj\u00eb fakt i ati m\u00ebngjesi: dy tri tavolina larg nesh ishte nj\u00eb shkrimtar tjet\u00ebr i p\u00ebrsekutuar, q\u00eb pati frik\u00eb t\u00eb na p\u00ebrshendeste, b\u00ebri sikur s\u2019na pa, sepse Qeveria i kishte dh\u00ebn\u00eb nj\u00eb post. M\u00eb beso, Agron, ai \u00ebsht\u00eb ende i burgosur! Duke ndjekur veprimtarin\u00eb t\u00ebnde, ndjehem krenar p\u00ebr miq\u00ebsin\u00eb me nj\u00eb njeri si ti, nj\u00eb poet e shkrimtar si ti, njoh\u00ebs t\u00eb let\u00ebrsis\u00eb si ti, ndjeshm\u00ebris\u00eb ndaj padrejt\u00ebsive si ti! Edhe pse ndodhi dhe e prisja t\u00eb ndodhte, kur m\u00ebsova largimin t\u00ebnd, pyesja veten: ku po shkon Shqip\u00ebria!?<\/h2>\n","protected":false},"excerpt":{"rendered":"<p>N\u00eb vend t\u00eb nj\u00eb letre t\u00eb vonuar, Agron Tufes! Pjet\u00ebr Jaku Me Agron Tufen te Kafe \u201cEuropa\u201d ne Tiran\u00eb,21 shtator 2019\u00a0 U b\u00ebn\u00eb disa dit\u00eb q\u00eb e kam m\u00ebsuar largimin t\u00ebnd nga At\u00ebdheu yn\u00eb, i dashur Agron! Nuk jam i sigurt\u00eb se<\/p>\n","protected":false},"author":1,"featured_media":7950,"comment_status":"open","ping_status":"open","sticky":false,"template":"","format":"standard","meta":{"footnotes":""},"categories":[5],"tags":[],"class_list":["post-7949","post","type-post","status-publish","format-standard","has-post-thumbnail","hentry","category-letersi"],"_links":{"self":[{"href":"https:\/\/revistakuvendi.org\/index.php?rest_route=\/wp\/v2\/posts\/7949","targetHints":{"allow":["GET"]}}],"collection":[{"href":"https:\/\/revistakuvendi.org\/index.php?rest_route=\/wp\/v2\/posts"}],"about":[{"href":"https:\/\/revistakuvendi.org\/index.php?rest_route=\/wp\/v2\/types\/post"}],"author":[{"embeddable":true,"href":"https:\/\/revistakuvendi.org\/index.php?rest_route=\/wp\/v2\/users\/1"}],"replies":[{"embeddable":true,"href":"https:\/\/revistakuvendi.org\/index.php?rest_route=%2Fwp%2Fv2%2Fcomments&post=7949"}],"version-history":[{"count":4,"href":"https:\/\/revistakuvendi.org\/index.php?rest_route=\/wp\/v2\/posts\/7949\/revisions"}],"predecessor-version":[{"id":7978,"href":"https:\/\/revistakuvendi.org\/index.php?rest_route=\/wp\/v2\/posts\/7949\/revisions\/7978"}],"wp:featuredmedia":[{"embeddable":true,"href":"https:\/\/revistakuvendi.org\/index.php?rest_route=\/wp\/v2\/media\/7950"}],"wp:attachment":[{"href":"https:\/\/revistakuvendi.org\/index.php?rest_route=%2Fwp%2Fv2%2Fmedia&parent=7949"}],"wp:term":[{"taxonomy":"category","embeddable":true,"href":"https:\/\/revistakuvendi.org\/index.php?rest_route=%2Fwp%2Fv2%2Fcategories&post=7949"},{"taxonomy":"post_tag","embeddable":true,"href":"https:\/\/revistakuvendi.org\/index.php?rest_route=%2Fwp%2Fv2%2Ftags&post=7949"}],"curies":[{"name":"wp","href":"https:\/\/api.w.org\/{rel}","templated":true}]}}