{"id":7937,"date":"2019-12-04T01:21:43","date_gmt":"2019-12-04T01:21:43","guid":{"rendered":"http:\/\/revistakuvendi.org\/?p=7937"},"modified":"2019-12-04T01:21:43","modified_gmt":"2019-12-04T01:21:43","slug":"poezi-nga-aferdita-gjinali","status":"publish","type":"post","link":"https:\/\/revistakuvendi.org\/?p=7937","title":{"rendered":"Poezi nga Aferdita Gjinali"},"content":{"rendered":"<p><em><a href=\"http:\/\/revistakuvendi.org\/wp-content\/uploads\/2019\/12\/Aferdita-gjinali-foto-per-kop.png\"><img loading=\"lazy\" decoding=\"async\" class=\"alignleft size-full wp-image-7938\" src=\"http:\/\/revistakuvendi.org\/wp-content\/uploads\/2019\/12\/Aferdita-gjinali-foto-per-kop.png\" alt=\"\" width=\"121\" height=\"160\" \/><\/a>Aferdita Gjinali \u00ebsht\u00eb nj\u00eb nga t\u00eb mbijetuarat e s\u00ebmundjes m\u00eb t\u00eb r\u00ebnd\u00eb t\u00eb koh\u00ebs. Nuk pretendon se \u00ebsht\u00eb poete, por ndjenjat e atyre dit\u00ebve q\u00eb i kan\u00eb r\u00ebnduar m\u00eb shum\u00eb n\u00eb jet\u00ebn e saj, i ka shprehur n\u00eb vargje dhe n\u00eb nj\u00eb ditar, q\u00eb s\u00eb shpejti do ta ripunoj\u00eb p\u00ebr botim. Kuvendi i uron Aferdites jet\u00eb t\u00eb gjat\u00eb, e pse jo krijimtari t\u00eb mbar\u00eb me publikimin e k\u00ebtyre vargjeve!<\/em><!--more--><\/p>\n<p><strong>\u00a0<\/strong><\/p>\n<p><strong>Ka vet\u00ebm nj\u00eb Em\u00ebr<\/strong><\/p>\n<p>&nbsp;<\/p>\n<p>Kur dhom\u00ebn time<\/p>\n<p>Err\u00ebsira e mbulon<\/p>\n<p>Loti faqet e mia<\/p>\n<p>Se\u00e7 mi p\u00ebrv\u00eblon.<\/p>\n<p>&nbsp;<\/p>\n<p>Ne m\u00ebndjen time<\/p>\n<p>I shkruar si me magji<\/p>\n<p>Ka ve\u00e7 nje em\u00ebr<\/p>\n<p>Dhe ai je Ti.<\/p>\n<p>&nbsp;<\/p>\n<p>Kujtoj dit\u00ebt e bukura<\/p>\n<p>Me shum\u00eb nostalgji<\/p>\n<p>Dashuria e zjarrt\u00eb<\/p>\n<p>Me tretet n\u00eb gji.<\/p>\n<p>&nbsp;<\/p>\n<p>Me krah\u00eb rrethoj jast\u00ebkun<\/p>\n<p>Se ty pran\u00eb s\u2019 t\u00eb kam<\/p>\n<p>Kjo larg\u00ebsi e madhe<\/p>\n<p>Zemr\u00ebn po me han.<\/p>\n<p>&nbsp;<\/p>\n<p>Gjumi m\u00eb mer<\/p>\n<p>Me lot\u00eb \u00e7do nat\u00eb,<\/p>\n<p>Ne m\u00ebngjes kur zgjohem<\/p>\n<p>Jast\u00ebku eshte i that\u00eb.<\/p>\n<p>&nbsp;<\/p>\n<p>P\u00ebrse kjo jet\u00eb<\/p>\n<p>Nuk ka m\u00ebshir\u00eb<\/p>\n<p>Dhe n\u00eb k\u00ebt\u00eb rrym\u00eb<\/p>\n<p>M\u00eb ka perfshir\u00eb.<\/p>\n<p>&nbsp;<\/p>\n<p>&nbsp;<\/p>\n<p><strong>Trishtimi Yt<\/strong><\/p>\n<p>&nbsp;<\/p>\n<p>Kur n\u00eb shtratin<\/p>\n<p>E vdekjes l\u00ebngoja,<\/p>\n<p>Dy sy t\u00eb trishtuar<\/p>\n<p>Pran\u00eb meje shikoja.<\/p>\n<p>&nbsp;<\/p>\n<p>Me shihje sikur<\/p>\n<p>S\u2019 do m\u00eb shihje kurr\u00eb<\/p>\n<p>Lot\u00eb t\u00eb p\u00ebrv\u00ebluar<\/p>\n<p>T\u00eb binin n\u00eb fytyr\u00eb.<\/p>\n<p>&nbsp;<\/p>\n<p>Ti dhimbjen<\/p>\n<p>Doje t\u00eb m\u00eb pak\u00ebsoje<\/p>\n<p>Dhe zemr\u00ebn time<\/p>\n<p>T\u00eb m\u00eb qet\u00ebsoje.<\/p>\n<p>&nbsp;<\/p>\n<p>Br\u00ebnda n\u00eb shpirt<\/p>\n<p>Nuk kisha jet\u00eb,<\/p>\n<p>Jet\u00ebn ma kishte marr\u00eb<\/p>\n<p>L\u00ebngimi\u00a0 i shkret\u00eb.<\/p>\n<p>&nbsp;<\/p>\n<p>N\u00eb dhom\u00eb hyje e dilje<\/p>\n<p>Qe t\u00eb m\u00eb shikoje<\/p>\n<p>Dhe un\u00eb nuk desha<\/p>\n<p>As t\u00eb m\u00eb v\u00ebshtroje.<\/p>\n<p>&nbsp;<\/p>\n<p>N\u00eb syte e tua<\/p>\n<p>Desha t\u00eb isha e bukur<\/p>\n<p>N\u00eb qiellin e pa fund<\/p>\n<p>Nj\u00eb shtejzovalle e humbur.<\/p>\n<p>&nbsp;<\/p>\n<p>&nbsp;<\/p>\n<p>&nbsp;<\/p>\n<p><strong>Ne t\u00eb dy<\/strong><\/p>\n<p>&nbsp;<\/p>\n<p>Dy pika loti<\/p>\n<p>Ran\u00eb mbi fotografin\u00eb t\u00ebnde,<\/p>\n<p>Dhe un\u00eb ndjeva shum\u00eb mall.<\/p>\n<p>Q\u00ebndroj e heshtur n\u00eb vetmi<\/p>\n<p>Dhe mendoj, ti ku je vall.<\/p>\n<p>&nbsp;<\/p>\n<p>Papritur zilja e telefonit bije<\/p>\n<p>Nxitoj ta kap,<\/p>\n<p>Por ti nuk prite shume gjat\u00eb<\/p>\n<p>Q\u00eb un\u00eb telefonin ta hap.<\/p>\n<p>&nbsp;<\/p>\n<p>Ulem p\u00ebrseri ne kendin tim,<\/p>\n<p>V\u00ebshtroj fotografin t\u00ebnde,<\/p>\n<p>Dhe pa pritur m\u00eb z\u00eb<\/p>\n<p>Nje i madh trishtim.<\/p>\n<p>&nbsp;<\/p>\n<p>Telefoni bije p\u00ebrseri<\/p>\n<p>Por un\u00eb nuk nxitova ta hap,<\/p>\n<p>Sepse ndjej e lodhur<\/p>\n<p>Gjithnje duke hikur me vrap.<\/p>\n<p>&nbsp;<\/p>\n<p>Ti vazhdon ti bihesh<\/p>\n<p>Por un\u00eb nuk jam aty,<\/p>\n<p>Shikoj fotografin t\u00ebnde<\/p>\n<p>Sa shum\u00eb duheshim ne t\u00eb dy.<\/p>\n","protected":false},"excerpt":{"rendered":"<p>Aferdita Gjinali \u00ebsht\u00eb nj\u00eb nga t\u00eb mbijetuarat e s\u00ebmundjes m\u00eb t\u00eb r\u00ebnd\u00eb t\u00eb koh\u00ebs. Nuk pretendon se \u00ebsht\u00eb poete, por ndjenjat e atyre dit\u00ebve q\u00eb i kan\u00eb r\u00ebnduar m\u00eb shum\u00eb n\u00eb jet\u00ebn e saj, i ka shprehur n\u00eb vargje dhe n\u00eb nj\u00eb ditar, q\u00eb s\u00eb shpejti do ta ripunoj\u00eb p\u00ebr botim. Kuvendi i uron Aferdites&hellip;<\/p>\n","protected":false},"author":1,"featured_media":7938,"comment_status":"open","ping_status":"open","sticky":false,"template":"","format":"standard","meta":{"footnotes":""},"categories":[7],"tags":[],"class_list":["post-7937","post","type-post","status-publish","format-standard","has-post-thumbnail","hentry","category-poezi"],"_links":{"self":[{"href":"https:\/\/revistakuvendi.org\/index.php?rest_route=\/wp\/v2\/posts\/7937","targetHints":{"allow":["GET"]}}],"collection":[{"href":"https:\/\/revistakuvendi.org\/index.php?rest_route=\/wp\/v2\/posts"}],"about":[{"href":"https:\/\/revistakuvendi.org\/index.php?rest_route=\/wp\/v2\/types\/post"}],"author":[{"embeddable":true,"href":"https:\/\/revistakuvendi.org\/index.php?rest_route=\/wp\/v2\/users\/1"}],"replies":[{"embeddable":true,"href":"https:\/\/revistakuvendi.org\/index.php?rest_route=%2Fwp%2Fv2%2Fcomments&post=7937"}],"version-history":[{"count":1,"href":"https:\/\/revistakuvendi.org\/index.php?rest_route=\/wp\/v2\/posts\/7937\/revisions"}],"predecessor-version":[{"id":7939,"href":"https:\/\/revistakuvendi.org\/index.php?rest_route=\/wp\/v2\/posts\/7937\/revisions\/7939"}],"wp:featuredmedia":[{"embeddable":true,"href":"https:\/\/revistakuvendi.org\/index.php?rest_route=\/wp\/v2\/media\/7938"}],"wp:attachment":[{"href":"https:\/\/revistakuvendi.org\/index.php?rest_route=%2Fwp%2Fv2%2Fmedia&parent=7937"}],"wp:term":[{"taxonomy":"category","embeddable":true,"href":"https:\/\/revistakuvendi.org\/index.php?rest_route=%2Fwp%2Fv2%2Fcategories&post=7937"},{"taxonomy":"post_tag","embeddable":true,"href":"https:\/\/revistakuvendi.org\/index.php?rest_route=%2Fwp%2Fv2%2Ftags&post=7937"}],"curies":[{"name":"wp","href":"https:\/\/api.w.org\/{rel}","templated":true}]}}