{"id":7765,"date":"2019-05-28T10:14:29","date_gmt":"2019-05-28T10:14:29","guid":{"rendered":"http:\/\/revistakuvendi.org\/?p=7765"},"modified":"2019-05-28T10:14:29","modified_gmt":"2019-05-28T10:14:29","slug":"deklarate-2","status":"publish","type":"post","link":"https:\/\/revistakuvendi.org\/?p=7765","title":{"rendered":"DEKLARATE"},"content":{"rendered":"<p><a href=\"http:\/\/revistakuvendi.org\/wp-content\/uploads\/2018\/02\/pena1.jpg\"><img loading=\"lazy\" decoding=\"async\" class=\"alignleft size-full wp-image-7165\" src=\"http:\/\/revistakuvendi.org\/wp-content\/uploads\/2018\/02\/pena1.jpg\" alt=\"\" width=\"160\" height=\"158\" srcset=\"https:\/\/revistakuvendi.org\/wp-content\/uploads\/2018\/02\/pena1.jpg 160w, https:\/\/revistakuvendi.org\/wp-content\/uploads\/2018\/02\/pena1-50x50.jpg 50w\" sizes=\"auto, (max-width: 160px) 100vw, 160px\" \/><\/a>Michigan,\u00a0 U.S.A. Maj 2019<\/p>\n<p>&nbsp;<\/p>\n<p><strong>DEKLARATE<\/strong><\/p>\n<p>&nbsp;<\/p>\n<p>Drejtuar Presidenc\u00ebs, Parlamentit dhe Qeveris\u00eb s\u00eb Shqip\u00ebris\u00eb, mediave vizive e organeve t\u00eb shtypit, si dhe organizatave nd\u00ebrkomb\u00ebtare t\u00eb akredituara n\u00eb Shqip\u00ebri.<\/p>\n<p>Me inisiativen e Revistes Periodike Komb\u00ebtare \u201cKuvendi\u201d, e cila botohet prej 18 vitesh n\u00eb SHBA, pas nj\u00eb takimi me disa intelektual\u00eb, veprimtar\u00eb t\u00eb njohur, krijues dhe ish t\u00eb p\u00ebrsekuruar politik, \u00a0vendosen t\u00eb dalin para opinionit publik me k\u00ebt\u00eb deklarat\u00eb:<!--more--><\/p>\n<p>Kemi ndjekur me v\u00ebmendje dhe shqet\u00ebsim t\u00eb ve\u00e7ant\u00eb debatin e hapur koh\u00ebt e fundit n\u00eb Shqip\u00ebri, lidhur me Institutin e Studimeve t\u00eb Krimeve dhe Pasojave t\u00eb Komunizmit dhe, ve\u00e7an\u00ebrisht drejtorin e tij, Z. Agron Tufa.<\/p>\n<p>Esht\u00eb fakt, q\u00eb Shqip\u00ebria po vuan tranzicionin post-komunist m\u00eb t\u00eb gjat\u00eb n\u00eb gjith\u00eb bllokun e ish-Lindjes Komuniste, dhe nj\u00eb nga aresyet \u00ebsht\u00eb se vendi, edhe pse kaloi but\u00ebsisht nga diktatura n\u00eb pluralizem partiak e demokraci, asnj\u00ebher\u00eb nuk u shk\u00ebput de-fakto, apo edhe de-jure nga e kaluara e vet 45 vje\u00e7are e pasluftes s\u00eb Dyt\u00eb Bot\u00ebrore.<\/p>\n<p>Ne, n\u00ebnshkruesit e k\u00ebsaj deklarate, jemi t\u00eb bindur se nj\u00eb nga shkaqet e k\u00ebtij tranzicioni \u00ebsht\u00eb edhe mosndarja me t\u00eb kaluaren diktatoriale, mosd\u00ebnimi me pro\u00e7ese gjyq\u00ebsore t\u00eb kriminel\u00ebve t\u00eb veshur me pushtet, t\u00eb cil\u00ebt shkatuan tragjedin\u00eb m\u00eb t\u00eb eg\u00ebr shqiptare dhe, prania n\u00eb shtet e organet e drejt\u00ebsis\u00eb e ish-komunist\u00ebve dhe xhelat\u00ebve t\u00eb diktatures n\u00eb t\u00eb gjitha instancat e shtetit t\u00eb sot\u00ebm Shqiptar, pa menduar t\u00eb hakmerremi.<\/p>\n<p>Insituti, \u00a0i drejtuar me profesionaliz\u00ebm e kompetenc\u00eb nga Z. Agron Tufa, n\u00eb k\u00ebto pak vite t\u00eb egzistences s\u00eb tij, ka b\u00ebr\u00eb nj\u00eb pun\u00eb t\u00eb admirueshme n\u00eb evidentimin e disa prej ngjarjeve monstruoze q\u00eb kan\u00eb ndodhur n\u00eb rregjimin komunist, ka evidentuar p\u00ebrsona dhe organizata reale n\u00eb ato tragjedi dhe, p\u00ebr her\u00eb t\u00eb par\u00eb \u00ebsht\u00eb p\u00ebrpjekur t\u2019i shoh\u00eb n\u00ebn driten e s\u00eb v\u00ebrtet\u00ebs historike ato ngjarje makabre, q\u00eb do t\u00eb ndihmoj\u00eb n\u00eb d\u00ebnimin e tmerreve t\u00eb komunizmit dhe edukimin e brezit t\u00eb ri me frym\u00ebn atdhetare.<\/p>\n<p>Pik\u00ebrisht, ky hulumutim i thell\u00eb dhe i pa-ansh\u00ebm, q\u00eb i \u00ebsht\u00eb afruar deri n\u00eb rr\u00ebnj\u00eb fenomenit dhe ngjarjeve t\u00eb terrorit komunist, q\u00eb po nxjerr n\u00eb pah disa nga tragjedit\u00eb m\u00eb t\u00eb kobshme t\u00eb evidentuara m\u00eb par\u00eb, ka shkaktuar nj\u00eb reagim t\u00eb fort\u00eb nga njer\u00ebz me pushtet, t\u00eb lidhur ngusht\u00ebsisht, jo vet\u00ebm me t\u00eb kaluaren, por edhe me t\u00eb tashm\u00ebn, n\u00eb role ky\u00e7e n\u00eb shtetin Shqiptar.<\/p>\n<p>Ne, n\u00ebnshkruesit e k\u00ebsaj deklarate, i japim mb\u00ebshtetjen ton\u00eb \u00a0t\u00eb pa-kusht\u00ebzuar Institutit dhe drejtorit t\u00eb tij, Z. Agrin Tufa, e do t\u00eb b\u00ebjm\u00eb \u00e7\u2019\u00ebsht\u00eb e mundur p\u00ebr t\u00eb sensibilizuar Qeverin\u00eb dhe Kongresin Amerikan n\u00eb lidhje me tendencat e frikshme, q\u00eb shihen sot n\u00eb Shqip\u00ebri, p\u00ebr t\u00eb glorifikuar periudhen komuiniste, edhe duke k\u00ebrc\u00ebnuar intelektual\u00eb si Z. Tufa p\u00ebr t\u00eb mbyllur goj\u00ebn n\u00eb lidhje me zbardhjen e terrorit komunist.<\/p>\n<p>Ne, gjithashtu, k\u00ebrkojm\u00eb nga autoritetet shqiptare, ato nd\u00ebrkomb\u00ebtare dhe mediat, q\u00eb t\u00eb b\u00ebhen mburoj\u00eb e s\u00eb drejt\u00ebs, krijimin e kushteve p\u00ebr funksionimin normal t\u00eb Institutit t\u00eb Studimeve t\u00eb Krimeve dhe Pasojave t\u00eb Komunizmit, si nj\u00eb instucion i krijuar nga vet\u00eb shteti, si dhe t\u00eb mbrojn\u00eb lirin\u00eb dhe p\u00ebrsonalitetin e titullarit t\u00eb k\u00ebtij institucioni t\u00eb r\u00ebnd\u00ebsish\u00ebm.<\/p>\n<p><strong><u>N\u00ebnshkruesit e deklarat\u00ebs, sipas alfabetit:<\/u><\/strong><\/p>\n<p>Arian Gruda, ish drejtues i organeve qendrore n\u00eb PD<\/p>\n<p>Aida Gjergji, ish e p\u00ebrsekutuar politik<\/p>\n<p>Besa Rexhepi, shkrimtare<\/p>\n<p>Dod Qafa, biznesmen, ish i persekutuar politik<\/p>\n<p>Edi Malaj, ish deputet i PD-se, \u00a0i persekutuar politik<\/p>\n<p>Elinda Marku, poete, aktiviste e \u00e7eshtjes komb\u00ebtare<\/p>\n<p>Eduard Aliko, profesor ne kolegjin Amerikan, drejtor i ACTV<\/p>\n<p>Everest Haxhi, ish diplomat dhe ushtarak i lart\u00eb<\/p>\n<p>Dr. Gjon Kelmendi, profesor dhe i nderuar nga Senati Amerikan<\/p>\n<p>Fran Vokrri, zv\/ kryetar i shoqates \u201cMirdita\u201d, aktivist i \u00e7eshtjes komb\u00ebtare<\/p>\n<p>Gezim Basha, M\u00ebsues, emigrant politik<\/p>\n<p>Nevrus Nazarko, Drejtor finance ne pushtetin lokal ne Michigan, Pedadog ne Universitetin e Michiganit- Dearborn.<\/p>\n<p>Mark Trieshi, piktor, i p\u00ebrsekutuar<\/p>\n<p>Ndue Perdoda, piktor, i p\u00ebrsekutuar<\/p>\n<p>Paulin Palushi, artist, mbajt\u00ebs i Urdh\u00ebrit \u201c Naim Frash\u00ebri\u201d, t\u00eb Klasit T\u00eb Par\u00eb<\/p>\n<p>Prof. Lulash Palushaj, shkrimtar, \u201cKalores i Urdh\u00ebrit t\u00eb Sk\u00ebnderbeut\u201d<\/p>\n<p>Pjeter Toma, ish i d\u00ebnuar politik<\/p>\n<p>Pjeter jaku, poet dhe botues i Revistes \u201cKuvendi\u201d<\/p>\n<p>Paulin Marku, i p\u00ebrndjekur, aktivist i \u00e7eshtjes komb\u00ebtare<\/p>\n<p>Ramiz Gjini, Shkrimtar, aktivist i \u00e7eshtjes komb\u00ebtare<\/p>\n<p>Rush Dragu, pronar ADTV dhe Albdreams. net<\/p>\n<p>Ruzhdi Gurra, poet, ish i p\u00ebrsekutuar politik, aktivist i \u00e7eshtjes komb\u00ebtare<\/p>\n<p>Rrahman Rexhepi, aktivist i \u00e7eshtjes komb\u00ebtare<\/p>\n<p>Zef Pergega, shkrimtar, \u201cAlbanian-Amerikan Institute\u201d<\/p>\n","protected":false},"excerpt":{"rendered":"<p>Michigan,\u00a0 U.S.A. Maj 2019 &nbsp; DEKLARATE &nbsp; Drejtuar Presidenc\u00ebs, Parlamentit dhe Qeveris\u00eb s\u00eb Shqip\u00ebris\u00eb, mediave vizive e organeve t\u00eb shtypit, si dhe organizatave nd\u00ebrkomb\u00ebtare t\u00eb akredituara n\u00eb Shqip\u00ebri. Me inisiativen e Revistes Periodike Komb\u00ebtare \u201cKuvendi\u201d, e cila botohet prej 18 vitesh n\u00eb SHBA, pas nj\u00eb takimi me disa intelektual\u00eb, veprimtar\u00eb t\u00eb njohur, krijues dhe ish&hellip;<\/p>\n","protected":false},"author":1,"featured_media":7165,"comment_status":"open","ping_status":"open","sticky":false,"template":"","format":"standard","meta":{"footnotes":""},"categories":[3],"tags":[],"class_list":["post-7765","post","type-post","status-publish","format-standard","has-post-thumbnail","hentry","category-politike"],"_links":{"self":[{"href":"https:\/\/revistakuvendi.org\/index.php?rest_route=\/wp\/v2\/posts\/7765","targetHints":{"allow":["GET"]}}],"collection":[{"href":"https:\/\/revistakuvendi.org\/index.php?rest_route=\/wp\/v2\/posts"}],"about":[{"href":"https:\/\/revistakuvendi.org\/index.php?rest_route=\/wp\/v2\/types\/post"}],"author":[{"embeddable":true,"href":"https:\/\/revistakuvendi.org\/index.php?rest_route=\/wp\/v2\/users\/1"}],"replies":[{"embeddable":true,"href":"https:\/\/revistakuvendi.org\/index.php?rest_route=%2Fwp%2Fv2%2Fcomments&post=7765"}],"version-history":[{"count":1,"href":"https:\/\/revistakuvendi.org\/index.php?rest_route=\/wp\/v2\/posts\/7765\/revisions"}],"predecessor-version":[{"id":7766,"href":"https:\/\/revistakuvendi.org\/index.php?rest_route=\/wp\/v2\/posts\/7765\/revisions\/7766"}],"wp:featuredmedia":[{"embeddable":true,"href":"https:\/\/revistakuvendi.org\/index.php?rest_route=\/wp\/v2\/media\/7165"}],"wp:attachment":[{"href":"https:\/\/revistakuvendi.org\/index.php?rest_route=%2Fwp%2Fv2%2Fmedia&parent=7765"}],"wp:term":[{"taxonomy":"category","embeddable":true,"href":"https:\/\/revistakuvendi.org\/index.php?rest_route=%2Fwp%2Fv2%2Fcategories&post=7765"},{"taxonomy":"post_tag","embeddable":true,"href":"https:\/\/revistakuvendi.org\/index.php?rest_route=%2Fwp%2Fv2%2Ftags&post=7765"}],"curies":[{"name":"wp","href":"https:\/\/api.w.org\/{rel}","templated":true}]}}