{"id":7760,"date":"2019-05-20T00:26:31","date_gmt":"2019-05-20T00:26:31","guid":{"rendered":"http:\/\/revistakuvendi.org\/?p=7760"},"modified":"2019-05-20T00:26:31","modified_gmt":"2019-05-20T00:26:31","slug":"nje-takim-sensibilizues-i-dobishem","status":"publish","type":"post","link":"https:\/\/revistakuvendi.org\/?p=7760","title":{"rendered":"Nj\u00eb takim sensibilizues i dobish\u00ebm"},"content":{"rendered":"<p><a href=\"http:\/\/revistakuvendi.org\/wp-content\/uploads\/2019\/05\/Agron-Tufa-per-institutin-normal.png\"><img loading=\"lazy\" decoding=\"async\" class=\"alignleft size-medium wp-image-7762\" src=\"http:\/\/revistakuvendi.org\/wp-content\/uploads\/2019\/05\/Agron-Tufa-per-institutin-normal-300x225.png\" alt=\"\" width=\"300\" height=\"225\" srcset=\"https:\/\/revistakuvendi.org\/wp-content\/uploads\/2019\/05\/Agron-Tufa-per-institutin-normal-300x225.png 300w, https:\/\/revistakuvendi.org\/wp-content\/uploads\/2019\/05\/Agron-Tufa-per-institutin-normal.png 448w\" sizes=\"auto, (max-width: 300px) 100vw, 300px\" \/><\/a>K\u00ebshilli Botues i Revistes \u201c Kuvendi\u201d, realizoi takimin e thirrur, sot me daten 19 Maj 2019,\u00a0 n\u00eb p\u00ebrkrahje t\u00eb veprimtaris\u00eb s\u00eb Institutit te Studimeve t\u00eb Krimeve dhe Pasojave t\u00eb Komunizmit* dhe, ve\u00e7an\u00ebrisht t\u00eb Drejtorit t\u00eb k\u00ebtij Instituti, poetit dhe shkrimtarit t\u00eb njohur Agron Tufaj. <!--more-->Takimi u b\u00eb n\u00eb \u00a0Kafe Kuvendi, nga ora 5:00 Pm deri n\u00eb 6:30 Pm. T\u00eb pranishmit n\u00eb k\u00ebt\u00eb takim, shkrimtar\u00ebt dhe publicist\u00ebt Elinda Marku, Zef P\u00ebrgega, Pjet\u00ebr Jaku, Ruzhdi Gurra, Besa Rexhepi, Nevrus Nazarku, ish deputeti i djatht\u00eb Edi Malaj, ish i burogosuri dhe internuari i regjimit komunist, Pjet\u00ebr Toma, e internuara Aida Gjergji, i vuajturi nga regjimi komunist Paulin Marku, biznesmeni dhe aktivisti i njohur, p\u00ebrkrah\u00ebsi i aktiviteteve t\u00eb Kuvendit, Rrahman Rexhepi dhe n\u00ebnkryetari i Shoqat\u00ebs \u201c Mirdita\u201d, Fran Vokrri, u shprehen nj\u00ebz\u00ebri n\u00eb p\u00ebrkrahje t\u00eb veprimtaris\u00eb s\u00eb Institutit dhe Drejtorit t\u00eb saj. N\u00eb k\u00ebt\u00eb takim u lexuan edhe deklaratat e disa aktivits\u00ebve t\u00eb njohur, q\u00eb nuk kishin mund\u00ebsi t\u00eb ishin t\u00eb pranish\u00ebm p\u00ebr shkaqe t\u00eb ndryshme, si Arian Gruda, Gjeto Ivezaj, Dr. Gjon Kelmendi, Mark Trieshi etj. t\u00eb cil\u00ebt theksuan se do ta p\u00ebrkrahin p\u00ebr ta mbajtur nj\u00eb institucion t\u00eb till\u00eb, edhe sikur Parlamenti monist i tanish\u00ebm t\u00eb marr\u00eb vendimin extreme p\u00ebr ta mbyllur, pas k\u00ebrc\u00ebnimit direkt t\u00eb Kryeministrit social-komunist Edi Rama.<\/p>\n<p>Botuesi, poeti dhe publicisti Pjet\u00ebr Jaku, e kishte thirr takimin dhe e drejtoi at\u00eb, duke theksuar se , me r\u00ebnd\u00ebsi \u00ebsht\u00eb cil\u00ebsia e takimeve t\u00eb tilla , kur b\u00ebh\u00ebt fjal\u00eb p\u00ebr t\u00eb mbrojtur vlerat komb\u00ebtare, kund\u00ebr nj\u00eb rreziku\u00a0 eventual, t\u00eb rikthimit t\u00eb nj\u00eb regjimi q\u00eb e kryq\u00ebzoi Shqip\u00ebrin\u00eb p\u00ebr nj\u00eb gjys\u00ebm shekulli, t\u00eb cilit Instituti po ia zbulon b\u00ebmat fam\u00ebkeq, ndaj ky \u00ebsht\u00eb hapi i par\u00eb sinjalizues, se diaspora dhe veprimtar\u00ebt e saj jan\u00eb t\u00eb gatsh\u00ebm n\u00eb \u00e7do koh\u00eb, t\u00eb ndihmojn\u00eb daljen n\u00eb pah t\u00eb krimeve q\u00eb b\u00ebri sistemi komunist shqiptar, q\u00eb kur u krijua partia Komuniste Shqiptare e deri n\u00eb vitin 1991. Fushata kund\u00ebr veprimtaris\u00eb s\u00eb k\u00ebti Instituti ka filluar e eg\u00ebr, &#8211; vijoj Jaku, duke propozuar q\u00eb nga ky takim t\u00eb dilet m\u00eb nj\u00eb deklarat\u00eb p\u00ebr shtypin shqiptar brenda tri dit\u00ebve, si dhe n\u00eb hapin e dyt\u00eb t\u00eb b\u00ebh\u00ebt nj\u00eb takim me dhe p\u00ebr mediat e diaspor\u00ebs, ku t\u00eb ftohen edhe qendrat fetare t\u00eb komunitetit dhe disa shoqata me ndikim n\u00eb Shqip\u00ebri, Kosov\u00eb, Maqedonin\u00eb e Veriut dhe trevat e tjera shqiptare.<\/p>\n<p>T\u00eb pranishmit ran\u00eb dakort q\u00eb Deklarata t\u00eb formulohej nga Elinda Marku, Nevrus Nazarko dhe Zef Pergega.<\/p>\n<p>Takimin e dyt\u00eb u vendos \u00a0ta njoftonte inisiatori i k\u00ebti aksioni, Pjet\u00ebr Jaku, nga ku te dilej edhe me nj\u00eb let\u00ebr p\u00ebr Presidentin e Amerik\u00ebs, Donald Tramp!<\/p>\n<p>Nuk ka qet\u00ebsi te shqiptar\u00ebt, p\u00ebrsa koh\u00eb e verteta nuk do t\u00eb pasqyrohet me sakt\u00ebsi, kur p\u00ebrsonazhet ende jetojn\u00eb.<\/p>\n<p>T\u00eb pranishmit soll\u00ebn, secili raste nga jeta e tyre. Poeti Ruzhdi Gurra, i arratisur nga Shqip\u00ebria para viteve 90-t\u00eb, solli faktin se i ati kishte dal\u00eb nga burgu pa asnj\u00eb prej thonj\u00ebve t\u00eb t\u00eb dy duarve, t\u00eb cilit ia kishin hequr me pinca kasap\u00ebt e ati sistemi makab\u00ebr.<\/p>\n<p><strong><em>Korespodent i \u201c Kuvendit\u201d<\/em><\/strong><\/p>\n<p><em>*Instituti i Studimeve t\u00eb Krimeve dhe Pasojave t\u00eb Komunizmit eshte krijuar ne dt.25 shkurt 2010, ligji nr.10242, miratuar ne parlament.<\/em><\/p>\n<p><em>Ka statusin e personit juridik, eshte Institut qendror i pavarur shteteror.<\/em><\/p>\n<p><em>Financohet nga buxheti i shtetit, si gjithe institucionet e tjera te pavarura qe raportojne ne parlament nje here ne vit per veprimtarine vjetore.<\/em><\/p>\n","protected":false},"excerpt":{"rendered":"<p>K\u00ebshilli Botues i Revistes \u201c Kuvendi\u201d, realizoi takimin e thirrur, sot me daten 19 Maj 2019,\u00a0 n\u00eb p\u00ebrkrahje t\u00eb veprimtaris\u00eb s\u00eb Institutit te Studimeve t\u00eb Krimeve dhe Pasojave t\u00eb Komunizmit* dhe, ve\u00e7an\u00ebrisht t\u00eb Drejtorit t\u00eb k\u00ebtij Instituti, poetit dhe shkrimtarit t\u00eb njohur Agron Tufaj.<\/p>\n","protected":false},"author":1,"featured_media":7761,"comment_status":"open","ping_status":"open","sticky":false,"template":"","format":"standard","meta":{"footnotes":""},"categories":[3],"tags":[],"class_list":["post-7760","post","type-post","status-publish","format-standard","has-post-thumbnail","hentry","category-politike"],"_links":{"self":[{"href":"https:\/\/revistakuvendi.org\/index.php?rest_route=\/wp\/v2\/posts\/7760","targetHints":{"allow":["GET"]}}],"collection":[{"href":"https:\/\/revistakuvendi.org\/index.php?rest_route=\/wp\/v2\/posts"}],"about":[{"href":"https:\/\/revistakuvendi.org\/index.php?rest_route=\/wp\/v2\/types\/post"}],"author":[{"embeddable":true,"href":"https:\/\/revistakuvendi.org\/index.php?rest_route=\/wp\/v2\/users\/1"}],"replies":[{"embeddable":true,"href":"https:\/\/revistakuvendi.org\/index.php?rest_route=%2Fwp%2Fv2%2Fcomments&post=7760"}],"version-history":[{"count":1,"href":"https:\/\/revistakuvendi.org\/index.php?rest_route=\/wp\/v2\/posts\/7760\/revisions"}],"predecessor-version":[{"id":7763,"href":"https:\/\/revistakuvendi.org\/index.php?rest_route=\/wp\/v2\/posts\/7760\/revisions\/7763"}],"wp:featuredmedia":[{"embeddable":true,"href":"https:\/\/revistakuvendi.org\/index.php?rest_route=\/wp\/v2\/media\/7761"}],"wp:attachment":[{"href":"https:\/\/revistakuvendi.org\/index.php?rest_route=%2Fwp%2Fv2%2Fmedia&parent=7760"}],"wp:term":[{"taxonomy":"category","embeddable":true,"href":"https:\/\/revistakuvendi.org\/index.php?rest_route=%2Fwp%2Fv2%2Fcategories&post=7760"},{"taxonomy":"post_tag","embeddable":true,"href":"https:\/\/revistakuvendi.org\/index.php?rest_route=%2Fwp%2Fv2%2Ftags&post=7760"}],"curies":[{"name":"wp","href":"https:\/\/api.w.org\/{rel}","templated":true}]}}