{"id":7726,"date":"2019-04-25T00:21:07","date_gmt":"2019-04-25T00:21:07","guid":{"rendered":"http:\/\/revistakuvendi.org\/?p=7726"},"modified":"2019-04-25T00:23:43","modified_gmt":"2019-04-25T00:23:43","slug":"reagimi-i-djajve","status":"publish","type":"post","link":"https:\/\/revistakuvendi.org\/?p=7726","title":{"rendered":"Reagimi i djajve"},"content":{"rendered":"<p><strong><a href=\"http:\/\/revistakuvendi.org\/wp-content\/uploads\/2019\/04\/ILIR-SECI1.png\"><img loading=\"lazy\" decoding=\"async\" class=\"alignleft size-full wp-image-7723\" src=\"http:\/\/revistakuvendi.org\/wp-content\/uploads\/2019\/04\/ILIR-SECI1.png\" alt=\"\" width=\"125\" height=\"160\" \/><\/a>Ilir Seci<\/strong><\/p>\n<p>Shkrimtari Agron Tufa vazhdimisht ka trazue ujnat e ndejtuna te batakut t\u00eb politikes shqiptare t\u00eb mbas nand\u00ebdhet\u00ebs&#8230;Ujnat e mo\u00e7alta t\u00eb nji politike q\u00eb edhe pse e qelbun me kohe e me vakt, u kut\u00ebrbue ma shume nga prumjet e tubave te fekaleve politike tip \u201cBashkefajtore dhe bashkevuajt\u00ebs\u201d.<br \/>\nAgroni asht intelektual me kurajo.<!--more--><br \/>\nProdhim jashte seris\u00eb se inkubatorit komunist q\u00eb kllo\u00e7iste n\u00eb seri \u201cintelektual\u00eb masovik\u00eb\u201d varesisht nga pesha qe ia caktonte kllo\u00e7ka Parti. Sipas kerkesave t\u00eb kohes.<br \/>\nAgronin e kam njofte qysh para vitit 1990, koha kur Agroni nga Dibra vinte ne Shkoder me takue patriotet e vet dibrane dhe me pase nje bisede t\u00eb dinjitetshme me dashamires t\u00eb vertete letersie. Koha kur vinte te ILP n\u00eb Shkod\u00ebr q\u00eb t\u00eb pakten me i pa prej rrug\u00ebs dritaret e sallave t\u00eb leksioneve t\u00eb fakultetit t\u00eb Gjuhe-Letersise, se per me hy aty mbrenda dhe me u ule n\u00eb ato salla as guxonte me andrrue. Ishte i prekun. Nji damk\u00eb diktatoriale q\u00eb ngjallte frike ma shume se kolera asokohe. Edhe sot kujtoj ndeje t\u00eb asaj kohe me krijues aspirante, kur na nji grup letrar\u00ebsh nga rrethet shisnim latat e studentit tue mbete pa dark\u00eb, vetem e vetem me pase pak leke per me porosite nga njo pon\u00e7 portokalli te klubi i shkrimtareve dhe artisteve Shkoder dhe me fole per letersi. Mbramje ku secili mbi tavoline ne vend te mezeve nxirrte krijimet e veta. Dhe inkurajonim njani-tjetrin. Ne ato ndeje t\u00eb tilla e pam\u00eb q\u00eb Agroni ishte poet.<br \/>\nPer fat kohnat ndryshuen dhe Agron Tuf\u00ebs iu krijue mundesia me vazhdue studimet n\u00eb fakultetin ku sot asht profesor. Agroni shkelqeu si student, shkelqeu si drejtues i gazetave q\u00eb drejtoi asokohe. Me suksesin e vet provoi padrejtesine e sistemit&#8230;Padrejtesi qe ishte kryer pa pushim ndaj talenteve t\u00eb tilla.<br \/>\nMbaroi studimet n\u00eb Tirane dhe shkoi e studioi edhe jashte vendit. Shkelqyeshem edhe atje. Ne njifare menyre duke e ekspozue edhe nderkombetarisht padrejtesine e kryeme ndaj tij dhe krejt talenteve qe u ishte mohue e drejta elementare e shkollimit.<br \/>\nNe tane keto vite studimesh dhe suksesesh Agroni nuk harroi nga vinte dhe nuk u deh nga suksesi. Si intelektual u angazhue publikisht me ndreqe padrejtesine qe i ishte ba atij vet\u00eb ma s\u00eb pari. Komforti si pedagog n\u00eb Fakultet nuk e bani me refuzue punen n\u00eb Institutin e Studimeve p\u00ebr Krimet dhe Pasojat e Komunizmit. Angazhim prej intelektuali t\u00eb mirefillte. E kishte ma te lehte me e shmange, si kan\u00eb ba dhe bajn\u00eb plot tjere nga shtresa e perndjekun qe shtin\u00eb veshet n\u00eb lesh e harruen nga vinin e \u00e7ka kishin hjek\u00eb&#8230;<br \/>\nPunes n\u00eb Institut i hyni me kurajo, ndryshe nga sa ishte praktika e punes deri atehere kur gjjthshka shkonte mas mantr\u00ebs \u201cBashk\u00ebfajtore dhe bashkevuajtes.\u201d Agroni vendosi nji fund per ate praktike. Doli me emna&#8230;Denoncoi publikisht nji varg personash per inkrimimin me diktaturen, duke fillue nga Diana \u00c7uli e deri te Spartak Braho. Sigurisht kjo kurajo do krijonte armiq. Armiq qe kercyen perpjete si\u00e7 kercen Djalli nga Temjani. E pritshme kjo.<br \/>\nDjajt\u00eb e kuq reaguen dhe kercyen perpjete si\u00e7 dine me kcye vet\u00ebm ata. Sepse Agron Tufa i nxori nga naftalina. Ballafaqimi me driten e te vertetes i terboi keto krijesa te nentokes, keto vampire te bodrumeve te Sigurimit te Shtetit. Per k\u00ebt\u00eb arsye edhe u angazhuen n\u00eb fushata vamipresh. Nji Spartakiad\u00eb e vertete sigurimsash u shpalos ne gazetat e kontrollueme nga Sigurimi. Sulm frontal me \u00e7do mjet. Nga keta me grostesku ishte njifare Fatos Tarifa, tekstet e te cilit ishin mbulue nga pluhni i paragjykimeve dhe stereotipizimeve 47 vje\u00e7are te Zones se Pare Operative nga vinte ai vete si\u00e7 e theksonte ai vete plot krejni ne artikuj. Mllefi i Fatosit ishte i kjart\u00eb, i mesuem me vendose tarifat sipas qejfit ai u traumatizue nga ndryshimet e mbas vitit 1990, ndryshime qe nuk e lane Fatosin me u ba Pionier. Deri at\u00ebher\u00eb vrisnin e prisnin simbas qejfit, kurse pas ndryshimeve u duhej me ba shume kujdes.<br \/>\nAsnjihere nuk duhet me harrue se po te ishte ne doren e \u00c7ulit, Brahos, Tarif\u00ebs, etj, sistemi nuk do kishte ndryshue kurre, asnjihere. Kush i mban mend perbetimet haxhiqamiliste te Vullnetareve te Enverit ne shkurt 1991 e ka te qarte k\u00ebt\u00eb. Per Diana \u00c7ul\u00ebt, Spartak Brahot, Fatos Tarifat, etj, ai sistem do ishte edhe sot n\u00eb kamb\u00eb. Sepse ata e ndertuen sistemin, ishin sistemi vet\u00eb. Sot duke u mshehun mbas \u201cmbrojtjes se luftes dhe t\u00eb r\u00ebn\u00ebve\u201d, qartazi duen me mshef\u00eb inkriminimin e tyne.<br \/>\nAgron Tufa i ekspozoi si\u00e7 ekspozohet ai grupi i njer\u00ebzve kur mbi ta leshohet prozhektori i drit\u00ebs. Agroni i ekspozoi dhe tashma asht detyra e tane atyne qe duen nji Shqipni demokratike me u ba dalazot\u00ebs t\u00eb Agron Tuf\u00ebs dhe krejt atyne qe denoncojne te shkuemen diktatoriale. Ky asht imperativ &#8211; duhet ba ne rast se duem q\u00eb vendi jone me ba p\u00ebrpara ndonjehere, dhe p\u00ebrpara ban vet\u00ebm po u ba nji vend i dekomunistizuem, ashtu si bani p\u00ebrpara Gjermania mbasi u ba nji vend i denazifikuem. Ndryshe nuk ban. Po hesht\u00ebm, ateher\u00eb provojme se e kemi meritue diktaturen, disa sepse e kane dashte e disa sepse kane qen\u00eb konformiste, pak ndryshim ka tekembramja, n\u00eb fund t\u00eb fundit n\u00eb nji perfundim mb\u00ebrrihet&#8230;<\/p>\n","protected":false},"excerpt":{"rendered":"<p>Ilir Seci Shkrimtari Agron Tufa vazhdimisht ka trazue ujnat e ndejtuna te batakut t\u00eb politikes shqiptare t\u00eb mbas nand\u00ebdhet\u00ebs&#8230;Ujnat e mo\u00e7alta t\u00eb nji politike q\u00eb edhe pse e qelbun me kohe e me vakt, u kut\u00ebrbue ma shume nga prumjet e tubave te fekaleve politike tip \u201cBashkefajtore dhe bashkevuajt\u00ebs\u201d. Agroni asht intelektual me kurajo.<\/p>\n","protected":false},"author":1,"featured_media":7723,"comment_status":"open","ping_status":"open","sticky":false,"template":"","format":"standard","meta":{"footnotes":""},"categories":[3],"tags":[],"class_list":["post-7726","post","type-post","status-publish","format-standard","has-post-thumbnail","hentry","category-politike"],"_links":{"self":[{"href":"https:\/\/revistakuvendi.org\/index.php?rest_route=\/wp\/v2\/posts\/7726","targetHints":{"allow":["GET"]}}],"collection":[{"href":"https:\/\/revistakuvendi.org\/index.php?rest_route=\/wp\/v2\/posts"}],"about":[{"href":"https:\/\/revistakuvendi.org\/index.php?rest_route=\/wp\/v2\/types\/post"}],"author":[{"embeddable":true,"href":"https:\/\/revistakuvendi.org\/index.php?rest_route=\/wp\/v2\/users\/1"}],"replies":[{"embeddable":true,"href":"https:\/\/revistakuvendi.org\/index.php?rest_route=%2Fwp%2Fv2%2Fcomments&post=7726"}],"version-history":[{"count":3,"href":"https:\/\/revistakuvendi.org\/index.php?rest_route=\/wp\/v2\/posts\/7726\/revisions"}],"predecessor-version":[{"id":7729,"href":"https:\/\/revistakuvendi.org\/index.php?rest_route=\/wp\/v2\/posts\/7726\/revisions\/7729"}],"wp:featuredmedia":[{"embeddable":true,"href":"https:\/\/revistakuvendi.org\/index.php?rest_route=\/wp\/v2\/media\/7723"}],"wp:attachment":[{"href":"https:\/\/revistakuvendi.org\/index.php?rest_route=%2Fwp%2Fv2%2Fmedia&parent=7726"}],"wp:term":[{"taxonomy":"category","embeddable":true,"href":"https:\/\/revistakuvendi.org\/index.php?rest_route=%2Fwp%2Fv2%2Fcategories&post=7726"},{"taxonomy":"post_tag","embeddable":true,"href":"https:\/\/revistakuvendi.org\/index.php?rest_route=%2Fwp%2Fv2%2Ftags&post=7726"}],"curies":[{"name":"wp","href":"https:\/\/api.w.org\/{rel}","templated":true}]}}