{"id":7673,"date":"2019-03-22T22:24:57","date_gmt":"2019-03-22T22:24:57","guid":{"rendered":"http:\/\/revistakuvendi.org\/?p=7673"},"modified":"2019-03-23T20:59:50","modified_gmt":"2019-03-23T20:59:50","slug":"promovim-libri-3","status":"publish","type":"post","link":"https:\/\/revistakuvendi.org\/?p=7673","title":{"rendered":"PROMOVIM  LIBRI"},"content":{"rendered":"<p><a href=\"http:\/\/revistakuvendi.org\/wp-content\/uploads\/2019\/03\/adrian-hadribeaj.png\"><img loading=\"lazy\" decoding=\"async\" class=\"alignleft size-full wp-image-7674\" src=\"http:\/\/revistakuvendi.org\/wp-content\/uploads\/2019\/03\/adrian-hadribeaj.png\" alt=\"\" width=\"110\" height=\"160\" \/><\/a>Diten e diele, me daten 31 mars 2019, ne Kafe KUVENDI, me fillim n\u00eb or\u00ebn 6:00 pm, \u00a0b\u00ebh\u00ebt promovimi i librit poetik ,\u201c Tim biri\u201d , t\u00eb G\u00ebzim Hadribeajt, i ardhur nga Tirana n\u00eb Detroit, te i biri, sportisti i njohur ne UFC, Adrian Hadribeaj, t\u00eb cili i kushtohet, nj\u00eb pjes\u00eb e krijimtaris\u00eb.<!--more--><\/p>\n<p>Libri \u00ebsht\u00eb publikuar n\u00eb Tiran\u00eb , nga Sht\u00ebpia Botuese \u201c Muzgu\u201d, me drejtor, poetin e njohur Mark Simoni, i ardhur nga shkolla poetike lezhjane. Libri p\u00ebrmban 85 poezi, n\u00eb\u00a0 98 faqe. Ka dal\u00eb nga shtypi\u00a0 n\u00eb tetor t\u00eb vitit 2018 dhe gjendet n\u00eb disa librari t\u00eb Shqip\u00ebris\u00eb. Atori, deri n\u00eb fund t\u00eb k\u00ebtij viti, mendon ta ribotoi n\u00eb dy gjuh\u00eb, anglisht-shqip.<\/p>\n<p>Autori i k\u00ebti libri, G\u00ebzim Hadribeaj ka studiuar n\u00eb Universitetin Shheteror t\u00eb Tiran\u00ebs, n\u00eb deg\u00ebn Histori \u2013Gjeografi, ka disa kualifikime pasuniversitare, dhe m\u00eb pas fakultetin filologjik, ku edhe i sh\u00ebrbeu p\u00ebr t\u2019u marr\u00eb, n\u00eb nj\u00eb m\u00ebnyr\u00eb m\u00eb t\u00eb specializuar me let\u00ebrsin\u00eb. \u00a0Ky \u00ebsht\u00eb libri tij i par\u00eb.<\/p>\n<p>Jeni t\u00eb ftuar t\u00eb merrni pjes\u00eb n\u00eb k\u00ebt\u00eb takim dhe, mund\u00ebsisht t\u00eb lajm\u00ebroheni deri me dat\u00ebn 29 mars p\u00ebr pjes\u00ebmarrjen. Kafe Kuvendi ka mund\u00ebsi t\u00eb kufizuara n\u00eb\u00a0 num\u00ebr.<\/p>\n<p>Pas promovimit, i cili edhe do t\u00eb filmohet nga mediat, do t\u00eb ket\u00eb , n\u00eb fund nj\u00eb kokteil.<\/p>\n<p><strong><em>22 mars 2019<\/em><\/strong><\/p>\n","protected":false},"excerpt":{"rendered":"<p>Diten e diele, me daten 31 mars 2019, ne Kafe KUVENDI, me fillim n\u00eb or\u00ebn 6:00 pm, \u00a0b\u00ebh\u00ebt promovimi i librit poetik ,\u201c Tim biri\u201d , t\u00eb G\u00ebzim Hadribeajt, i ardhur nga Tirana n\u00eb Detroit, te i biri, sportisti i njohur ne UFC, Adrian Hadribeaj, t\u00eb cili i kushtohet, nj\u00eb pjes\u00eb e krijimtaris\u00eb.<\/p>\n","protected":false},"author":1,"featured_media":7674,"comment_status":"open","ping_status":"open","sticky":false,"template":"","format":"standard","meta":{"footnotes":""},"categories":[5],"tags":[],"class_list":["post-7673","post","type-post","status-publish","format-standard","has-post-thumbnail","hentry","category-letersi"],"_links":{"self":[{"href":"https:\/\/revistakuvendi.org\/index.php?rest_route=\/wp\/v2\/posts\/7673","targetHints":{"allow":["GET"]}}],"collection":[{"href":"https:\/\/revistakuvendi.org\/index.php?rest_route=\/wp\/v2\/posts"}],"about":[{"href":"https:\/\/revistakuvendi.org\/index.php?rest_route=\/wp\/v2\/types\/post"}],"author":[{"embeddable":true,"href":"https:\/\/revistakuvendi.org\/index.php?rest_route=\/wp\/v2\/users\/1"}],"replies":[{"embeddable":true,"href":"https:\/\/revistakuvendi.org\/index.php?rest_route=%2Fwp%2Fv2%2Fcomments&post=7673"}],"version-history":[{"count":2,"href":"https:\/\/revistakuvendi.org\/index.php?rest_route=\/wp\/v2\/posts\/7673\/revisions"}],"predecessor-version":[{"id":7676,"href":"https:\/\/revistakuvendi.org\/index.php?rest_route=\/wp\/v2\/posts\/7673\/revisions\/7676"}],"wp:featuredmedia":[{"embeddable":true,"href":"https:\/\/revistakuvendi.org\/index.php?rest_route=\/wp\/v2\/media\/7674"}],"wp:attachment":[{"href":"https:\/\/revistakuvendi.org\/index.php?rest_route=%2Fwp%2Fv2%2Fmedia&parent=7673"}],"wp:term":[{"taxonomy":"category","embeddable":true,"href":"https:\/\/revistakuvendi.org\/index.php?rest_route=%2Fwp%2Fv2%2Fcategories&post=7673"},{"taxonomy":"post_tag","embeddable":true,"href":"https:\/\/revistakuvendi.org\/index.php?rest_route=%2Fwp%2Fv2%2Ftags&post=7673"}],"curies":[{"name":"wp","href":"https:\/\/api.w.org\/{rel}","templated":true}]}}