{"id":7664,"date":"2019-03-01T16:29:12","date_gmt":"2019-03-01T16:29:12","guid":{"rendered":"http:\/\/revistakuvendi.org\/?p=7664"},"modified":"2019-03-01T16:31:53","modified_gmt":"2019-03-01T16:31:53","slug":"ne-vend-te-falenderimit","status":"publish","type":"post","link":"https:\/\/revistakuvendi.org\/?p=7664","title":{"rendered":"N\u00cb VEND T\u00cb \u201cFALENDERIMIT\u2026\u201d"},"content":{"rendered":"<p><strong><em>Pjet\u00ebr Jaku, shkrimtar dhe botues<\/em><\/strong><\/p>\n<p>N\u00eb vend t\u00eb \u201cFalenderimit\u201d p\u00ebr ftes\u00ebn, q\u00eb Ministria e Diaspor\u00ebs i b\u00ebri Revistes \u201c Kuvendi\u201d ne Detroit<\/p>\n<p><a href=\"http:\/\/revistakuvendi.org\/wp-content\/uploads\/2019\/03\/DIASPORA-2019.jpg\"><img loading=\"lazy\" decoding=\"async\" class=\"alignleft size-medium wp-image-7665\" src=\"http:\/\/revistakuvendi.org\/wp-content\/uploads\/2019\/03\/DIASPORA-2019-150x300.jpg\" alt=\"\" width=\"150\" height=\"300\" srcset=\"https:\/\/revistakuvendi.org\/wp-content\/uploads\/2019\/03\/DIASPORA-2019-150x300.jpg 150w, https:\/\/revistakuvendi.org\/wp-content\/uploads\/2019\/03\/DIASPORA-2019.jpg 157w\" sizes=\"auto, (max-width: 150px) 100vw, 150px\" \/><\/a><\/p>\n<p>Samiti i Diaspor\u00ebs, i dyti p\u00ebr nga radha, q\u00eb filloi sot n\u00eb Shqip\u00ebri, nuk i sjell asnj\u00eb dobi, Diaspor\u00ebs dhe, aq m\u00eb pak Atdheut! P\u00ebrderisa p\u00ebr Diaspor\u00ebn t\u00eb b\u00ebh\u00ebn Samite ( simite politike ), Diaspora asnj\u00ebher\u00eb nuk ka p\u00ebr t\u00eb<!--more--> pasur nj\u00eb Marr\u00ebveshje Komb\u00ebtare, q\u00eb ndihmon Shqiptar\u00ebt, cil\u00ebtdo qofshin; t\u00eb Shqip\u00ebris\u00eb a Kosov\u00ebs, t\u00eb Mal\u00ebsis\u00eb n\u00ebn Mal t\u00eb Zi a Maqedonis\u00eb, t\u00eb Presheves a \u00c7am\u00ebris\u00eb, pasi vet\u00ebm n\u00eb Diaspor\u00eb dhe n\u00eb \u00ebndrra gjend\u00ebt Shqip\u00ebria e Bashkuar! P\u00ebse u b\u00eb dhe p\u00ebrse po b\u00ebh\u00ebt ky Samit? \u00c7\u2019fituam nga i pari, ve\u00e7\u00ebse nj\u00eb fushat\u00eb pro partis\u00eb n\u00eb pushtet? \u00c7\u2019e re u b\u00eb prej Samitit t\u00eb par\u00eb n\u00eb t\u00eb dytin? Revista \u201c Kuvendi\u201d n\u00eb Detroit, p\u00ebr 17 vjet me radh\u00eb, zhvillon nj\u00eb aktivitet me p\u00ebrmasa kombetare, ku marrin pjes\u00eb poet\u00eb e shkrimtar\u00eb nga m\u00eb t\u00eb njohurit, dhe asnj\u00eb ministri shqiptare, n\u00eb asnj\u00eb rast nuk iu gjend pran\u00eb, qoft\u00eb dhe ta pyeste, n\u00ebse kishte ndonj\u00eb nevoj\u00eb. E pra, \u00e7do vit u njoftuan por, edhe p\u00ebr t\u00eb q\u00ebn\u00eb i pranish\u00ebm, ndonj\u00eb ambassador, duhet t\u00eb mirrte leje n\u00eb Ministrin\u00eb e Jashmte! N\u00eb Diaspor\u00eb b\u00ebh\u00ebn shum\u00eb aktivitete, pa asnj\u00eb p\u00ebrkrahje nga shteti am\u00eb. Prej vitesh b\u00ebh\u00ebn klasa t\u00eb gjuh\u00ebs shqipe, pa tekste dhe pa kushte, b\u00ebhen festivale e konkurse, botohen gazeta, revista e manuale, b\u00ebh\u00ebn takime p\u00ebr probleme t\u00eb ndryshme\u00a0 q\u00eb ka atdheu yn\u00eb, kudo q\u00eb \u00ebsht\u00eb, pas asnj\u00eb interes etj etj. Pritem dhe k\u00ebrkuam Ministrin\u00eb e Diaspor\u00ebs dhe kjo nuk ka qoft\u00eb edhe nj\u00eb p\u00ebrfaq\u00ebsues nga Diaspor\u00ebs ne administraten e saj, as edhe ndonj\u00eb k\u00ebshilltar. Por, problemi lind dhe do t\u00eb lind p\u00ebrher\u00eb , n\u00ebse Ministria do t\u00eb b\u00ebj\u00eb aktivitete sip\u00ebrfaq\u00ebsore, me shpenzime hiperbolike p\u00ebr kushtet e vendit ton\u00eb.<\/p>\n<p>Me afro 700 mije dollar q\u00eb shpenzohen p\u00ebr k\u00ebt\u00eb Samit,\u00a0 a nuk do ishte m\u00eb mir\u00eb t\u00eb vinte Ministria tek Diaspora. Pse jo n\u00eb Evrop\u00eb, ose n\u00eb SHBA, duke kursyer, s\u00eb paku sa p\u00ebr t\u00eb krijuar modelin e klasave t\u00eb gjuhes shqipe, n\u00ebse kjo Ministri mendon\u00a0 t\u2019i mbaj emigrant\u00ebt e ri shqiptar, t\u00eb pakt\u00ebn n\u00eb gjuh\u00eb por, edhe t\u00eb punoi pak nga pak p\u00ebr kthimin e potencialit t\u00eb tyre n\u00eb Atdhe. N\u00ebse nuk kemi nj\u00eb strategji t\u00eb till\u00eb, kot q\u00eb punojm\u00eb e mblidhemi, pa asnj\u00eb objektiv. Qeveria shqiptare, e cilitdo krah qoft\u00eb, duhet t\u00eb mendoi p\u00ebr t\u00eb arthmen, jo p\u00ebr t\u00eb mbushur bankat nga emigrant\u00ebt tani, ku i vetmi objektiv i saj t\u00eb jet\u00eb paraja!<\/p>\n<p>Mosmarrja pjes\u00eb n\u00eb k\u00ebt\u00eb Samit, as dhe n\u00eb t\u00eb parin, jo vetem e imja ose e Kuvendit, por edhe disa shoqatave\u00a0 atdhetare, e ka nj\u00eb dometh\u00ebnie, q\u00eb duhet ta v\u00ebr\u00eb n\u00eb levizje Ministrin\u00eb Shqiptare t\u00eb Diaspor\u00ebs, e cila duhet t\u00eb jetoj\u00eb m\u00eb shum\u00eb koh\u00eb n\u00eb Diaspor\u00eb se n\u00eb Atdhe, duke par\u00eb mund\u00ebsin\u00eb e krijimit t\u00eb disa Qendrave Shqiptare, n\u00eb ato vende ku ka m\u00eb shum\u00eb shqiptar\u00eb, te takimit t\u00eb tyre n\u00eb m\u00ebnyra t\u00eb ndryshme, disa her\u00eb n\u00eb vit, p\u00ebr ta mbajtur gjall\u00eb frym\u00ebn komb\u00ebtare dhe deshiren e t\u00eb rinj\u00ebve p\u00ebr t\u2019u kthyer n\u00eb Atdhe.<\/p>\n<p>Le t\u00eb shpresojm\u00eb, se m\u00eb mir\u00eb do t\u00eb b\u00ebh\u00ebt n\u00eb t\u00eb arhtmen!<\/p>\n<p><strong><em>Detroit, 01 Mars 2019<\/em><\/strong><\/p>\n","protected":false},"excerpt":{"rendered":"<p>Pjet\u00ebr Jaku, shkrimtar dhe botues N\u00eb vend t\u00eb \u201cFalenderimit\u201d p\u00ebr ftes\u00ebn, q\u00eb Ministria e Diaspor\u00ebs i b\u00ebri Revistes \u201c Kuvendi\u201d ne Detroit Samiti i Diaspor\u00ebs, i dyti p\u00ebr nga radha, q\u00eb filloi sot n\u00eb Shqip\u00ebri, nuk i sjell asnj\u00eb dobi, Diaspor\u00ebs dhe, aq m\u00eb pak Atdheut! P\u00ebrderisa p\u00ebr Diaspor\u00ebn t\u00eb b\u00ebh\u00ebn Samite ( simite politike&hellip;<\/p>\n","protected":false},"author":1,"featured_media":6293,"comment_status":"open","ping_status":"open","sticky":false,"template":"","format":"standard","meta":{"footnotes":""},"categories":[12],"tags":[],"class_list":["post-7664","post","type-post","status-publish","format-standard","has-post-thumbnail","hentry","category-jete-komuniteti"],"_links":{"self":[{"href":"https:\/\/revistakuvendi.org\/index.php?rest_route=\/wp\/v2\/posts\/7664","targetHints":{"allow":["GET"]}}],"collection":[{"href":"https:\/\/revistakuvendi.org\/index.php?rest_route=\/wp\/v2\/posts"}],"about":[{"href":"https:\/\/revistakuvendi.org\/index.php?rest_route=\/wp\/v2\/types\/post"}],"author":[{"embeddable":true,"href":"https:\/\/revistakuvendi.org\/index.php?rest_route=\/wp\/v2\/users\/1"}],"replies":[{"embeddable":true,"href":"https:\/\/revistakuvendi.org\/index.php?rest_route=%2Fwp%2Fv2%2Fcomments&post=7664"}],"version-history":[{"count":1,"href":"https:\/\/revistakuvendi.org\/index.php?rest_route=\/wp\/v2\/posts\/7664\/revisions"}],"predecessor-version":[{"id":7666,"href":"https:\/\/revistakuvendi.org\/index.php?rest_route=\/wp\/v2\/posts\/7664\/revisions\/7666"}],"wp:featuredmedia":[{"embeddable":true,"href":"https:\/\/revistakuvendi.org\/index.php?rest_route=\/wp\/v2\/media\/6293"}],"wp:attachment":[{"href":"https:\/\/revistakuvendi.org\/index.php?rest_route=%2Fwp%2Fv2%2Fmedia&parent=7664"}],"wp:term":[{"taxonomy":"category","embeddable":true,"href":"https:\/\/revistakuvendi.org\/index.php?rest_route=%2Fwp%2Fv2%2Fcategories&post=7664"},{"taxonomy":"post_tag","embeddable":true,"href":"https:\/\/revistakuvendi.org\/index.php?rest_route=%2Fwp%2Fv2%2Ftags&post=7664"}],"curies":[{"name":"wp","href":"https:\/\/api.w.org\/{rel}","templated":true}]}}