{"id":7612,"date":"2019-01-15T21:32:37","date_gmt":"2019-01-15T21:32:37","guid":{"rendered":"http:\/\/revistakuvendi.org\/?p=7612"},"modified":"2019-01-15T21:56:05","modified_gmt":"2019-01-15T21:56:05","slug":"patrioti-nacionalist-prel-kola-kelmendi-ndrron-jete","status":"publish","type":"post","link":"https:\/\/revistakuvendi.org\/?p=7612","title":{"rendered":"PATRIOTI NACIONALIST, PREL KOLA KELMENDI NDRRON JETE!"},"content":{"rendered":"<p><a href=\"http:\/\/revistakuvendi.org\/wp-content\/uploads\/2019\/01\/Prel-Kelmendi.png\"><img loading=\"lazy\" decoding=\"async\" class=\"alignleft size-full wp-image-7613\" src=\"http:\/\/revistakuvendi.org\/wp-content\/uploads\/2019\/01\/Prel-Kelmendi.png\" alt=\"\" width=\"121\" height=\"160\" \/><\/a>Me dat\u00ebn 09 Janar 2019, ndrron jet\u00eb n\u00eb mosh\u00ebn \u00a091 vje\u00e7are, Prel Kola Kelmendi, i lindur me 20 Gusht 1928, duke lan\u00eb n\u00eb hidh\u00ebrim femij\u00ebt e tij, Gjon Kelmendi,Tom Kelmendi dhe Liza( Kelmendi) Gjolaj. \u00a0Patriot dhe nacionalist i njohur, jo vet\u00ebm n\u00eb komunitetin<!--more--> shqiptar t\u00eb Amerik\u00ebs, por edhe n\u00eb trojet\u00a0 shqiptare per kontributin e tij te madh per kombin Shqiptar, si Vojvoda i Kelmendit, nga pasardh\u00ebsi i t\u00eb par\u00ebve t\u00eb tij.<\/p>\n<p>Prela shkeli\u00a0 tok\u00ebn Amerikane n\u00eb vitin 1971, duke zbritur s\u00eb pari n\u00eb Boston dhe, pas dy vitesh leviz nga Bostoni n\u00eb Detroit, ku kishte nj\u00eb komunitet shqiptar\u00ebsh m\u00eb t\u00eb shumt\u00eb n\u00eb num\u00ebr dhe m\u00eb t\u00eb konsoliduar n\u00eb aktivitete patriotike n\u00eb t\u00eb mir\u00eb t\u00eb kombit shqiptar.<\/p>\n<p>N\u00eb Boston, m\u00eb s\u00eb pari do t\u00eb njihet me Kish\u00ebn e Sh\u00ebn Gjergjit,konkretish me At\u2019 Artur Liolinin\u00a0\u00a0\u00a0\u00a0\u00a0\u00a0\u00a0\u00a0\u00a0\u00a0\u00a0\u00a0\u00a0\u00a0\u00a0\u00a0\u00a0\u00a0\u00a0 \u00a0nj\u00ebkoh\u00ebsisht qend\u00ebr shqiptar e \u00a0themeluar prej atdhetarit dhe p\u00ebrsonalitetit politik e kulturor shume te njohur, Fan Stilian Noli, duke kontribuar ne kete Kishe. Nd\u00ebrkoh\u00eb, pas dy vjetesh vendoset ne Detroit n\u00eb nj\u00eb komunitet, ku do ta gjente veten m\u00eb mir\u00eb, q\u00eb t\u00eb inkuadrohej n\u00eb \u00e7\u00ebshtjen shqiptare m\u00eb drejtp\u00ebrdrejt. N\u00eb Detroit takohet me priftin katolik, dhe gjate bisedes se tij te par\u00eb me t\u00eb i thot\u00eb q\u00eb ne shqiptaret duhet t\u00eb nd\u00ebrtojm\u00eb kishen ton\u00eb n\u00eb Amerik\u00eb, Dom Prek Ndrevashaj \u00a0dhe Mark Martini Vu\u00e7inaj dhe, me von\u00eb, Bajram \u00c7unmulaj\u00a0 e Din Toptanin ishin dy shqiptar\u00ebt e par\u00eb q\u00eb takoi n\u00eb Detroit. I gjetur n\u00eb krah t\u00eb tyre dhe disa patriotve t\u00eb tjer\u00eb, Prela menj\u00ebher\u00eb futet n\u00eb radh\u00ebn e\u00a0 ndihmuesve aktiv p\u00ebr nd\u00ebrtimin e nj\u00eb qendre fetare t\u00eb katolik\u00ebve, pasi ajo qe kishin ishte me rent. Brenda javes, s\u00eb bashku me Dom Preken dhe Mark Vu\u00e7inaj u nisen te takonin Imam Vehbi Ismajlin dhe, me vone, Babain e Teqese.Mbas ketyre takimeve, u organizua menj\u00ebher\u00eb n\u00eb Roma holl n\u00eb Livonia, nj\u00eb takim me qindra shqiptar\u00eb p\u00ebr t\u00eb kotribuar n\u00eb ndertimin e kishes shqiptare, si dhe bashkimin e shqiptar\u00ebve pa marr\u00eb parasysh se \u00e7far\u00eb partie i takonin. Prel Kola Kelmendi ka marr\u00eb pjes\u00eb dhe ka organizuar disa demostrata, bashk\u00eb me atdhetar\u00eb t\u00eb tjer\u00eb kunder regjimit Jugosllav dhe atij komunist t\u00eb Tiranes. Gjith\u00eb jet\u00ebn e tij kontriboj p\u00ebr atdheun, si financiarisht dhe me an\u00eb t\u00eb organizimeve t\u00eb tjera. Emri i tij figuron edhe n\u00eb listat q\u00eb sigurimi i shtetit kishte p\u00ebr veprimtaret dhe kund\u00ebrshtar\u00ebt e tij n\u00eb Diasporen e Amerikes.I palodhur p\u00ebr \u00e7\u00ebshtjen shqiptare ai i edukoi femij\u00ebt e tij me dashurin\u00eb pe\u00ebr atdheun dhe gjuhen shqipe, dhe p\u00ebr dashurin\u00eb mes shqiptar\u00ebve, pa diskriminim shqiptar. Aktiv n\u00eb \u00e7eshtjet shqiptare, deri n\u00eb fund te jetes se tij, p\u00ebr ta par\u00eb kombin shqiptar drejt rruges s\u00eb progresit dhe demokracis\u00eb s\u00eb v\u00ebrtet\u00eb.Mbuluar me Flamurin Komb\u00ebtar Shqipetar u p\u00ebrcoll p\u00ebr n\u00eb banesen e fundit, me nderim dhe respekt, kjo figur\u00eb e nderuar atdhetare nga shqiptar\u00ebt e t\u00eb gjitha besimeve fetare, n\u00eb varrezat e qytetit Clinton Township af\u00ebr mesdites, diten e h\u00ebn\u00eb me dat\u00ebn 14 Janar 2019!<\/p>\n<p>Respekt dhe mirnjohje p\u00ebr k\u00ebt\u00eb figur\u00eb t\u00eb madhe dhe t\u00eb v\u00ebrtet\u00eb atdhetare dhe nacionaliste!<\/p>\n<p>U PREHTE NE PAQE!<\/p>\n<p><em><strong>Revista &#8221; Kuvendi&#8221;<\/strong><\/em><\/p>\n","protected":false},"excerpt":{"rendered":"<p>Me dat\u00ebn 09 Janar 2019, ndrron jet\u00eb n\u00eb mosh\u00ebn \u00a091 vje\u00e7are, Prel Kola Kelmendi, i lindur me 20 Gusht 1928, duke lan\u00eb n\u00eb hidh\u00ebrim femij\u00ebt e tij, Gjon Kelmendi,Tom Kelmendi dhe Liza( Kelmendi) Gjolaj. \u00a0Patriot dhe nacionalist i njohur, jo vet\u00ebm n\u00eb komunitetin<\/p>\n","protected":false},"author":1,"featured_media":7613,"comment_status":"open","ping_status":"open","sticky":false,"template":"","format":"standard","meta":{"footnotes":""},"categories":[12],"tags":[],"class_list":["post-7612","post","type-post","status-publish","format-standard","has-post-thumbnail","hentry","category-jete-komuniteti"],"_links":{"self":[{"href":"https:\/\/revistakuvendi.org\/index.php?rest_route=\/wp\/v2\/posts\/7612","targetHints":{"allow":["GET"]}}],"collection":[{"href":"https:\/\/revistakuvendi.org\/index.php?rest_route=\/wp\/v2\/posts"}],"about":[{"href":"https:\/\/revistakuvendi.org\/index.php?rest_route=\/wp\/v2\/types\/post"}],"author":[{"embeddable":true,"href":"https:\/\/revistakuvendi.org\/index.php?rest_route=\/wp\/v2\/users\/1"}],"replies":[{"embeddable":true,"href":"https:\/\/revistakuvendi.org\/index.php?rest_route=%2Fwp%2Fv2%2Fcomments&post=7612"}],"version-history":[{"count":2,"href":"https:\/\/revistakuvendi.org\/index.php?rest_route=\/wp\/v2\/posts\/7612\/revisions"}],"predecessor-version":[{"id":7615,"href":"https:\/\/revistakuvendi.org\/index.php?rest_route=\/wp\/v2\/posts\/7612\/revisions\/7615"}],"wp:featuredmedia":[{"embeddable":true,"href":"https:\/\/revistakuvendi.org\/index.php?rest_route=\/wp\/v2\/media\/7613"}],"wp:attachment":[{"href":"https:\/\/revistakuvendi.org\/index.php?rest_route=%2Fwp%2Fv2%2Fmedia&parent=7612"}],"wp:term":[{"taxonomy":"category","embeddable":true,"href":"https:\/\/revistakuvendi.org\/index.php?rest_route=%2Fwp%2Fv2%2Fcategories&post=7612"},{"taxonomy":"post_tag","embeddable":true,"href":"https:\/\/revistakuvendi.org\/index.php?rest_route=%2Fwp%2Fv2%2Ftags&post=7612"}],"curies":[{"name":"wp","href":"https:\/\/api.w.org\/{rel}","templated":true}]}}