{"id":7533,"date":"2018-11-11T23:04:13","date_gmt":"2018-11-11T23:04:13","guid":{"rendered":"http:\/\/revistakuvendi.org\/?p=7533"},"modified":"2018-11-11T23:04:59","modified_gmt":"2018-11-11T23:04:59","slug":"agron-tufa-kthimi-i-eshtrave-te-midhat-frasherit-vendim-i-vonuar","status":"publish","type":"post","link":"https:\/\/revistakuvendi.org\/?p=7533","title":{"rendered":"Agron Tufa: Kthimi i eshtrave t\u00eb Mid\u2019hat Frash\u00ebrit, vendim i vonuar !"},"content":{"rendered":"<p><a href=\"http:\/\/politiko.al\/intervista-kthimi-i-eshtrave-te-midhat-frasherit-agron-tufa-vendim-i-drejte-nuk-i-lexoj-enveristet-dhe-nostalgjiket-e-enverizmit\/\">November 11, 2018<\/a><\/p>\n<p><a href=\"http:\/\/revistakuvendi.org\/wp-content\/uploads\/2018\/11\/AGRON-TUFA-per-kopertine-.png\"><img loading=\"lazy\" decoding=\"async\" class=\"alignleft size-full wp-image-7534\" src=\"http:\/\/revistakuvendi.org\/wp-content\/uploads\/2018\/11\/AGRON-TUFA-per-kopertine-.png\" alt=\"\" width=\"160\" height=\"132\" \/><\/a>Drejtuesi i Institutit t\u00eb Krimeve t\u00eb Komunizmit, Agron Tufa, e cil\u00ebson si t\u00eb drejt\u00eb vendimin p\u00ebr kthimin n\u00eb atdhe t\u00eb eshtrave t\u00eb Mid\u2019hat Frash\u00ebrit, ndon\u00ebse me vones\u00eb.<\/p>\n<p>N\u00eb nj\u00eb intervist\u00eb p\u00ebr Politiko.al, Tufa vler\u00ebson lart figur\u00ebn e Mid\u2019hat Frash\u00ebrit teksa thekson se p\u00ebr modelin e tij kan\u00eb nevoj\u00eb sot brezat e rinj, n\u00ebse duam t\u00eb kemi nj\u00eb shembull t\u00eb p\u00ebrt\u00ebritjes komb\u00ebtare e kulturore.<!--more--><\/p>\n<p>\u201cMit\u2019hat bej Frash\u00ebri, biri i denj\u00eb i rilind\u00ebsit Abdyl bej Frash\u00ebri, \u00ebsht\u00eb pa asnj\u00eb diskutim figura m\u00eb e past\u00ebr, kristaline e intelektualit, krijuesit dhe veprimtarit atdhetar deri n\u00eb dit\u00ebn kur Sigurimi komunist i shtetit t\u00eb Enver Hoxh\u00ebs, arrita ta helmoj\u00eb n\u00eb SHBA\u201d, shprehet Tufa.<\/p>\n<p>I pyetur p\u00ebr q\u00ebndrimin e gazetarit Dritan Hila, i cili n\u00eb nj\u00eb postim n\u00eb rrjetet sociale shprehej se Mid\u2019hat Frash\u00ebri bashk\u00ebpunoi me okupatorin nazifashist dhe ishte pro krijimit t\u00eb nj\u00eb federate greko-shqiptare, Tufa thot\u00eb se parimisht nuk i lexon enverist\u00ebt dhe nostalgjik\u00ebt e enverizmit.<\/p>\n<p>\u201cSa p\u00ebr shpifjen q\u00eb b\u00ebhet, kjo \u00ebsht\u00eb p\u00ebrpjekja m\u00eb e d\u00ebshp\u00ebruar dhe m\u00eb qesharake q\u00eb kam d\u00ebgjuar dhe b\u00ebhet me shpres\u00ebn se mos ngjit. Ka pasur q\u00eb para dy muajsh nj\u00eb p\u00ebrpjekje t\u00eb qarqeve enveriste p\u00ebr ta hedhur n\u00eb treg k\u00ebt\u00eb tez\u00eb, por ju e dini si e b\u00ebjn\u00eb shpifjen nostalgjik\u00ebt enverist\u00eb, si Hila me shok\u00eb t\u00eb shumt\u00eb: ta pranojm\u00eb pa v\u00ebrtetim, apo p\u00ebrmes ndonj\u00eb falsifikimi, q\u00eb e sajojn\u00eb t\u00eb gjith\u00eb hutinjt\u00eb e nat\u00ebs.<\/p>\n<p>Aq m\u00eb qesharake e krejt\u00ebsisht debile \u00ebsht\u00eb akuza e dyt\u00eb, ajo e bashk\u00ebpunimit me grek\u00ebt. K\u00ebt\u00eb, me siguri, Dritanit ia ka p\u00ebshp\u00ebritur n\u00eb vesh i ati, ish hetues mizor i ish-Sigurimit t\u00eb shtetit enverist, ish kryetar deg\u00ebsh t\u00eb MPB-ve enveriste, pra, nuk pritet t\u00eb flasin ndryshe ata q\u00eb vijn\u00eb prej nj\u00eb beckgrond-i t\u00eb neandertal\u00ebve komunist\u00eb\u201d, thekson Agron Tufa.<\/p>\n<p><strong>Intervista<\/strong><\/p>\n<p><strong>Pyetje: Do t\u00eb kishim interes t\u00eb dinim cili \u00ebsht\u00eb q\u00ebndrimi Juaj sa i takon vendimit p\u00ebr kthimin e eshtrave t\u00eb Mid\u2019hat Frash\u00ebrit n\u00eb Shqip\u00ebri?<\/strong><\/p>\n<p>Agron Tufa: Ndon\u00ebse shum\u00eb i vonuar n\u00eb koh\u00eb, vendimi p\u00ebr kthimin e eshtrave t\u00eb nj\u00eb prej apostujve t\u00eb nacionalizmit shqiptar, Mit\u2019hat Frash\u00ebrit, \u00ebsht\u00eb, kuptohet vetvetiu, i drejt\u00eb. \u00cbsht\u00eb e pajustifikueshme kjo vones\u00eb n\u00eb hap\u00ebsir\u00ebn demokratike pas r\u00ebnies s\u00eb regjimit diktatorial komunist, q\u00eb e \u00e7oi shtetin dhe shoq\u00ebrin\u00eb shqiptare n\u00eb faliment dhe katastrof\u00eb t\u00eb gjithanshme, duke e shfytyruar dhe turp\u00ebruar shqiptarin. Gjithsesi, ndon\u00ebse von\u00eb, tani kur me p\u00ebrpjekjet i inteligjencies s\u00eb pakompromentuar shqiptare, Mit\u2019hat Frash\u00ebrit po i botohet \u00a0vepra e plot\u00eb dhe e begatshme, si pionier i albanologjis\u00eb; si shtetar, veprimtar komb\u00ebtar, si memuarist i r\u00ebnd\u00ebsish\u00ebm, si themelues i politologjis\u00eb dhe diplomacis\u00eb shqiptare; si nj\u00eb nd\u00ebr t\u00eb par\u00ebt shkrimtar\u00eb emancipues n\u00eb stil, gjuh\u00eb e zhan\u00ebr (me pseudonimin Lumo Sk\u00ebndo); si editor i shquar, librar (q\u00eb i ka dhuruar mbi dyzet mij\u00eb tituj Bibliotek\u00ebs son\u00eb Komb\u00ebtare); si muzeolog, orator, historian, gjuh\u00ebtar; si nj\u00eb utopist e futurolog i s\u00eb ardhmes s\u00eb kombit, p\u00ebrmes programit t\u00eb organizat\u00ebs \u201cBalli Komb\u00ebtar\u201d dhe lideri kryesor i Ballit, mund t\u00eb themi m\u00eb n\u00eb fund, se tani fillon njohja reale e k\u00ebtij \u201cgjeniu t\u00eb Kombit\u201d, si\u00e7 e ka cil\u00ebsuar me t\u00eb drejt\u00eb z. Uran Butka, n\u00eb monografin\u00eb kushtuar k\u00ebsaj figure. Mit\u2019hat bej Frash\u00ebri, biri i denj\u00eb i rilind\u00ebsit Abdyl bej Frash\u00ebri, \u00ebsht\u00eb pa asnj\u00eb diskutim figura m\u00eb e past\u00ebr, kristaline e intelektualit, krijuesit dhe veprimtarit atdhetar, deri n\u00eb dit\u00ebn kur Sigurimi komunist i shtetit t\u00eb Enver Hoxh\u00ebs, arrita ta helmoj\u00eb n\u00eb SHBA.\u00a0 Nj\u00eb shtyll\u00eb, drita pa asnj\u00eb njoll\u00eb. Nj\u00eb njeri-orkest\u00ebr, nj\u00eb organon p\u00ebr kultur\u00eb e komb. P\u00ebr modelin e tij kan\u00eb nevoj\u00eb sot brezat e rinj, n\u00ebse duam t\u00eb kemi nj\u00eb shembull t\u00eb p\u00ebrt\u00ebritjes komb\u00ebtare e kulturore.<\/p>\n<p><strong>Pyetje: Gazetari Dritan Hila, n\u00eb nj\u00eb reagim n\u00eb rrjetet sociale shprehej se \u201cMid\u2019hat Frasheri b\u00ebri dy gabime t\u00eb m\u00ebdha n\u00eb jet\u00ebn e tij: Bashk\u00ebpunoi me okupatorin nazifashist dhe ishte pro krijimit t\u00eb nj\u00eb federate greko-shqiptare, q\u00eb praktikisht kuptonte nj\u00eb shuajtje t\u00eb pavar\u00ebsis\u00eb shqiptare. K\u00ebto t\u00eb dyja ja shum\u00ebzojn\u00eb me zero t\u00eb gjitha \u00e7far\u00eb b\u00ebri m\u00eb par\u00eb apo se i biri i kujt ishte\u201d. Keni nj\u00eb koment n\u00eb lidhje me k\u00ebt\u00eb q\u00ebndrim?<\/strong><\/p>\n<p><strong>Agron Tufa:<\/strong> Un\u00eb, parimisht nuk i lexoj enverist\u00ebt dhe nostalgjik\u00ebt e enverizmit. P\u00ebr arsye higjene. Aq m\u00eb tep\u00ebr eneverist\u00ebt e zellsh\u00ebm dhe kryek\u00ebput\u00eb injorant\u00eb. \u00cbsht\u00eb e padobishme. \u00c7\u2019t\u00eb thuash p\u00ebr k\u00ebto donkishot\u00eb, n\u00eb kuptimin negativ t\u00eb fjal\u00ebs? Ju i silln\u00eb t\u00eb cituara n\u00eb thonj\u00ebza dy shpifjet e vrerosura t\u00eb nj\u00eb enveristi, fjal\u00eb, t\u00eb cilat, me siguri, ia ka p\u00ebshp\u00ebritur n\u00eb vesh dordoleci i Halloween-it, Nexhmie Hoxha. Zoti, si duket, nuk ka menduar mallkim m\u00eb sarkastik p\u00ebr k\u00ebto astrale t\u00eb ul\u00ebta. Epo, aty mbe\u00e7in. Sa p\u00ebr shpifjen q\u00eb b\u00ebhet, kjo \u00ebsht\u00eb p\u00ebrpjekja m\u00eb e d\u00ebshp\u00ebruar dhe m\u00eb qesharake q\u00eb kam d\u00ebgjuar dhe, b\u00ebhet me shpres\u00ebn se mos ngjit. Ka pasur q\u00eb para dy muajsh nj\u00eb p\u00ebrpjekje t\u00eb qarqeve enveriste p\u00ebr ta hedhur n\u00eb treg k\u00ebt\u00eb tez\u00eb, por ju e dini si e b\u00ebjn\u00eb shpifjen nostalgjik\u00ebt enverist\u00eb si Hila me shok\u00eb t\u00eb shumt\u00eb: ta pranojm\u00eb pa v\u00ebrtetim, apo p\u00ebrmes ndonj\u00eb falsifikimi q\u00eb e sajojn\u00eb t\u00eb gjith\u00eb hutinjt\u00eb e nat\u00ebs.<\/p>\n<p>Aq m\u00eb qesharake e, krejt\u00ebsisht debile, \u00ebsht\u00eb akuza e dyt\u00eb, ajo e bashk\u00ebpunimit me grek\u00ebt. K\u00ebt\u00eb, me siguri, Dritanit ia ka p\u00ebshp\u00ebritur n\u00eb vesh ia ati, ish hetues mizor i ish-Sigurimit t\u00eb shtetit enverist, ish kryetar deg\u00ebsh t\u00eb MPB-ve enveriste, pra, nuk pritet t\u00eb flasin ndryshe ata q\u00eb vijn\u00eb prej nj\u00eb beckgrond-i t\u00eb neandertal\u00ebve komunist\u00eb. Komike \u00ebsht\u00eb se k\u00ebto shpifje i b\u00ebjn\u00eb persona q\u00eb kan\u00eb nevoje urgjente p\u00ebr arsimim.<\/p>\n<p>Mit\u2019hat bej Frash\u00ebri, biri i denj\u00eb i Abdyl bej Frash\u00ebrit, do t\u00eb kthehet n\u00eb panteonin e mohur, p\u00ebrkrah Konic\u00ebs e shum\u00eb figurave t\u00eb mohuara nga komunizmi.\u00a0 Enverist\u00ebt le t\u00eb p\u00ebrshtaten me k\u00ebt\u00eb realit, ose p\u00ebrndryshe, le t\u00eb ndezin revolucionin e tyre n\u00eb\u2026 epruvet\u00eb.<\/p>\n<p><strong>Politiko.al<\/strong><\/p>\n<p>Titulli, i redaksise se Kuvendit<\/p>\n","protected":false},"excerpt":{"rendered":"<p>November 11, 2018 Drejtuesi i Institutit t\u00eb Krimeve t\u00eb Komunizmit, Agron Tufa, e cil\u00ebson si t\u00eb drejt\u00eb vendimin p\u00ebr kthimin n\u00eb atdhe t\u00eb eshtrave t\u00eb Mid\u2019hat Frash\u00ebrit, ndon\u00ebse me vones\u00eb. N\u00eb nj\u00eb intervist\u00eb p\u00ebr Politiko.al, Tufa vler\u00ebson lart figur\u00ebn e Mid\u2019hat Frash\u00ebrit teksa thekson se p\u00ebr modelin e tij kan\u00eb nevoj\u00eb sot brezat e rinj,&hellip;<\/p>\n","protected":false},"author":1,"featured_media":7534,"comment_status":"open","ping_status":"open","sticky":false,"template":"","format":"standard","meta":{"footnotes":""},"categories":[3],"tags":[],"class_list":["post-7533","post","type-post","status-publish","format-standard","has-post-thumbnail","hentry","category-politike"],"_links":{"self":[{"href":"https:\/\/revistakuvendi.org\/index.php?rest_route=\/wp\/v2\/posts\/7533","targetHints":{"allow":["GET"]}}],"collection":[{"href":"https:\/\/revistakuvendi.org\/index.php?rest_route=\/wp\/v2\/posts"}],"about":[{"href":"https:\/\/revistakuvendi.org\/index.php?rest_route=\/wp\/v2\/types\/post"}],"author":[{"embeddable":true,"href":"https:\/\/revistakuvendi.org\/index.php?rest_route=\/wp\/v2\/users\/1"}],"replies":[{"embeddable":true,"href":"https:\/\/revistakuvendi.org\/index.php?rest_route=%2Fwp%2Fv2%2Fcomments&post=7533"}],"version-history":[{"count":2,"href":"https:\/\/revistakuvendi.org\/index.php?rest_route=\/wp\/v2\/posts\/7533\/revisions"}],"predecessor-version":[{"id":7536,"href":"https:\/\/revistakuvendi.org\/index.php?rest_route=\/wp\/v2\/posts\/7533\/revisions\/7536"}],"wp:featuredmedia":[{"embeddable":true,"href":"https:\/\/revistakuvendi.org\/index.php?rest_route=\/wp\/v2\/media\/7534"}],"wp:attachment":[{"href":"https:\/\/revistakuvendi.org\/index.php?rest_route=%2Fwp%2Fv2%2Fmedia&parent=7533"}],"wp:term":[{"taxonomy":"category","embeddable":true,"href":"https:\/\/revistakuvendi.org\/index.php?rest_route=%2Fwp%2Fv2%2Fcategories&post=7533"},{"taxonomy":"post_tag","embeddable":true,"href":"https:\/\/revistakuvendi.org\/index.php?rest_route=%2Fwp%2Fv2%2Ftags&post=7533"}],"curies":[{"name":"wp","href":"https:\/\/api.w.org\/{rel}","templated":true}]}}