{"id":7529,"date":"2018-11-08T23:04:43","date_gmt":"2018-11-08T23:04:43","guid":{"rendered":"http:\/\/revistakuvendi.org\/?p=7529"},"modified":"2018-11-08T23:04:43","modified_gmt":"2018-11-08T23:04:43","slug":"pse-shkova-te-vatra","status":"publish","type":"post","link":"https:\/\/revistakuvendi.org\/?p=7529","title":{"rendered":"Pse shkova te Vatra?"},"content":{"rendered":"<p><strong><a href=\"http:\/\/revistakuvendi.org\/wp-content\/uploads\/2016\/11\/DIT-LET-16-AGRONI.png\"><img loading=\"lazy\" decoding=\"async\" class=\"alignleft size-medium wp-image-6328\" src=\"http:\/\/revistakuvendi.org\/wp-content\/uploads\/2016\/11\/DIT-LET-16-AGRONI-300x201.png\" alt=\"\" width=\"300\" height=\"201\" srcset=\"https:\/\/revistakuvendi.org\/wp-content\/uploads\/2016\/11\/DIT-LET-16-AGRONI-300x201.png 300w, https:\/\/revistakuvendi.org\/wp-content\/uploads\/2016\/11\/DIT-LET-16-AGRONI.png 487w\" sizes=\"auto, (max-width: 300px) 100vw, 300px\" \/><\/a>Agron Tufa<\/strong><\/p>\n<p>&nbsp;<\/p>\n<p>Si\u00e7 e keni ndjekur nga postimet e mia, nga 28-31 tetori 2018 kam qene ne Mi\u00e7igan, Detroit, i ftuar ekskluziv nga Revista \u201cKuvendi\u201d, n\u00eb Ditet e Letersise Shqipe, nj\u00eb festival tradicional qe behet \u00e7do vit tash 17 vjet nga \u00a0Kuvendi, nen drejtimin e poeteve Pjeter Jaku dhe Elinda Marku.<!--more--><\/p>\n<p>Nuk dua te keqperdoret vizita ime te Vatra per qellime te uleta dhe te erreta nga segmente dhe falanga te ish Sigurimit ne USA.<br \/>\nUne kam dinjitetin dhe qendrimin tim te shprehur e rreshtuar qarte ne kampin\u00a0antikomunist, qe besoj se perfaqesohet denjesisht nga Kuvendi.<br \/>\nPse shkova te Vatra?<br \/>\nE para, sepse Vatra ishte simboli i perlindjes shpirterore atdhetare t\u00eb gjithe shqiptareve, \u00a0atehere kur nuk kishte Shqiperi.<\/p>\n<p>E dyta, e kisha \u00a0detyre institucionale dhe mision institucional e personal, botekuptimor, te paralajmeroj. Prandaj dhe fjala ime, pasi bera te qarte se vija nga Ditet e Letersise, nga Kuvendi, u perqendrua kryekeput per rreth 1 ore ne rrezikun e pushtimit, kapjes se institucioneve brenda Shqiperise, e tash, te diaspores &#8211; nga ish Sigurimi i Shtetit, i gjalleruar, perterire dhe kthyer serish ne agenden e pasardhesve te elites komuniste. Ky rrezik eshte konkret, sepse me institucionet kryesore te shtetit kjo pune, tashme eshte e perfunduar.<br \/>\nSe treti, ne te gjitheve na duhet VATRA, jo ata qe pushtojne perkohesisht kreun e Vatres, sipas kombinimeve te peshtira me kalkulime te perllogaritura nga Lart e nga Larg. Me sa duket, Vatra duhet te ndeze zjarrin purifikues, per te mos mbajt\u00eb ne krye djem prokuroresh komuniste dhe lukuni \u00e7i\u00e7ikov\u00ebsh qe tregetojn\u00eb shpirtra.<br \/>\nSe katerti, duke folur qarte dhe tro\u00e7 shpresova e shpresoj, se njerezit e ndershem, te sinqerte e atdhetare, do ta kene kurajen te ringrihen ne kembe per te mos ua lagur kush hirin e Vatres. Mua dhe bashkemendimtaret e mi do na kene te gatshem.<\/p>\n<p>Provokimet e sigurimsave dhe mjeshtrave te intrigave ne frymen ala sigurim, hasanet a hysenet, sepatat me bisht e pa bisht, gjithe triumvirati qe fshihet pas emrash anonime, me postimet e tyre te neveritshme, nuk mund te per\u00e7ajne ata qe bejne punen e madhe kolosale, e vetmja shenje qe i mbetet kultures shqipe, dmth nuk mund te thyejne heroin e sotem kulturor, Pjeter Jakun dhe Elinden, Paulinin e Arjanin, Ramiz Gjinin, Gezim Bashen e Ruzhdi Gurren, dhe gjithe mbeshtetesit e sinqerte!!! Kurre!! Dhe une jam me ta, jam Ata dhe koha do ta vertetoje!<\/p>\n<p>Prandaj te vazhdojne pa u ndalur, pa i perfillur thashathemet e plakaruqeve kendej e andej gardhit. E drejta eshte me ata qe krijojne Vlera. Vlerat mbeten!<br \/>\nKy status i im publik sqaron edhe njehere, se askush nuk mund te m\u00eb shmang\u00eb sa jam gjalle nga misioni im i pakompromis ne dekomunistizimin e botes shqiptare, brenda e jashte atdheut. Dhe s&#8217;me ndal e s\u2019do mundet t\u00eb m\u00eb ndal\u00eb dot kurre. Amen!<\/p>\n<p>&nbsp;<\/p>\n<p><strong><em>Vjen\u00eb, 08 Nentor 2018<\/em><\/strong><\/p>\n","protected":false},"excerpt":{"rendered":"<p>Agron Tufa &nbsp; Si\u00e7 e keni ndjekur nga postimet e mia, nga 28-31 tetori 2018 kam qene ne Mi\u00e7igan, Detroit, i ftuar ekskluziv nga Revista \u201cKuvendi\u201d, n\u00eb Ditet e Letersise Shqipe, nj\u00eb festival tradicional qe behet \u00e7do vit tash 17 vjet nga \u00a0Kuvendi, nen drejtimin e poeteve Pjeter Jaku dhe Elinda Marku.<\/p>\n","protected":false},"author":1,"featured_media":7530,"comment_status":"open","ping_status":"open","sticky":false,"template":"","format":"standard","meta":{"footnotes":""},"categories":[5],"tags":[],"class_list":["post-7529","post","type-post","status-publish","format-standard","has-post-thumbnail","hentry","category-letersi"],"_links":{"self":[{"href":"https:\/\/revistakuvendi.org\/index.php?rest_route=\/wp\/v2\/posts\/7529","targetHints":{"allow":["GET"]}}],"collection":[{"href":"https:\/\/revistakuvendi.org\/index.php?rest_route=\/wp\/v2\/posts"}],"about":[{"href":"https:\/\/revistakuvendi.org\/index.php?rest_route=\/wp\/v2\/types\/post"}],"author":[{"embeddable":true,"href":"https:\/\/revistakuvendi.org\/index.php?rest_route=\/wp\/v2\/users\/1"}],"replies":[{"embeddable":true,"href":"https:\/\/revistakuvendi.org\/index.php?rest_route=%2Fwp%2Fv2%2Fcomments&post=7529"}],"version-history":[{"count":1,"href":"https:\/\/revistakuvendi.org\/index.php?rest_route=\/wp\/v2\/posts\/7529\/revisions"}],"predecessor-version":[{"id":7531,"href":"https:\/\/revistakuvendi.org\/index.php?rest_route=\/wp\/v2\/posts\/7529\/revisions\/7531"}],"wp:featuredmedia":[{"embeddable":true,"href":"https:\/\/revistakuvendi.org\/index.php?rest_route=\/wp\/v2\/media\/7530"}],"wp:attachment":[{"href":"https:\/\/revistakuvendi.org\/index.php?rest_route=%2Fwp%2Fv2%2Fmedia&parent=7529"}],"wp:term":[{"taxonomy":"category","embeddable":true,"href":"https:\/\/revistakuvendi.org\/index.php?rest_route=%2Fwp%2Fv2%2Fcategories&post=7529"},{"taxonomy":"post_tag","embeddable":true,"href":"https:\/\/revistakuvendi.org\/index.php?rest_route=%2Fwp%2Fv2%2Ftags&post=7529"}],"curies":[{"name":"wp","href":"https:\/\/api.w.org\/{rel}","templated":true}]}}