{"id":7523,"date":"2018-11-01T19:04:31","date_gmt":"2018-11-01T19:04:31","guid":{"rendered":"http:\/\/revistakuvendi.org\/?p=7523"},"modified":"2018-11-01T20:49:00","modified_gmt":"2018-11-01T20:49:00","slug":"perfunduan-sukesshem-ditet-e-letersise-shqipe-ne-amerike","status":"publish","type":"post","link":"https:\/\/revistakuvendi.org\/?p=7523","title":{"rendered":"P\u00ebrfunduan  suksessh\u00ebm \u201c DITET E LETERSIS\u00cb SHQIPE NE AMERIKE\u201d"},"content":{"rendered":"<p><strong>Arian Gruda<\/strong><\/p>\n<p><a href=\"http:\/\/revistakuvendi.org\/wp-content\/uploads\/2018\/11\/dit-e-let-2018-e-zmadhuar.png\"><img loading=\"lazy\" decoding=\"async\" class=\"alignleft size-medium wp-image-7525\" src=\"http:\/\/revistakuvendi.org\/wp-content\/uploads\/2018\/11\/dit-e-let-2018-e-zmadhuar-300x189.png\" alt=\"\" width=\"300\" height=\"189\" srcset=\"https:\/\/revistakuvendi.org\/wp-content\/uploads\/2018\/11\/dit-e-let-2018-e-zmadhuar-300x189.png 300w, https:\/\/revistakuvendi.org\/wp-content\/uploads\/2018\/11\/dit-e-let-2018-e-zmadhuar.png 640w\" sizes=\"auto, (max-width: 300px) 100vw, 300px\" \/><\/a><\/p>\n<p>Dit\u00ebt e Let\u00ebrsis\u00eb Shqipe, q\u00eb u zhvilluan nga data 26 deri 29 tetor 2018, p\u00ebr t\u00eb\u00a0 17-tin vit radhazi n\u00eb Amerik\u00eb, n\u00eb shtetin e Michiganit, <!--more-->n\u00ebn drejtimin e botuesit te s\u00eb vetmes Revist\u00eb t\u00eb lir\u00eb e t\u00eb pavarur \u201c KUVENDI\u201d, intelektualit, poetit e shkrimtarit, tashm\u00eb t\u00eb njohur n\u00eb gjith\u00eb bot\u00ebn shqiptare, z. Pjet\u00ebr Jaku dhe poetes s\u00eb talentuar Znj. Elinda Marku, pat\u00ebn\u00a0 nj\u00eb pjes\u00ebmarrje t\u00eb madhe, nga nj\u00eb pjes\u00eb e ajkes elitare t\u00eb kombit ton\u00eb.<\/p>\n<p>Dit\u00ebt e Let\u00ebrsis\u00eb q\u00eb organizon \u00a0Revista \u201c KUVENDI\u201d, kan\u00eb nj\u00eb dometh\u00ebnie t\u00eb madhe p\u00ebr t\u00eb gjitha ata, q\u00eb duan dhe e vler\u00ebsojn\u00eb artin e fjal\u00ebs s\u00eb shkruar, jan\u00eb dit\u00eb kujtese, q\u00eb duhet t\u00eb na nxisin edhe m\u00eb shum\u00eb drejt librit, si nj\u00eb psikologji sh\u00ebruese, q\u00eb sjell vet\u00ebm dije e paqe. Nga bota pafund\u00ebsisht e madhe e letersis\u00eb, ku shum\u00eb\u00e7ka \u00ebsht\u00eb kthyer n\u00eb nj\u00eb kultur\u00eb globale, duke e b\u00ebr\u00eb k\u00ebshtu let\u00ebrsin\u00eb hapsir\u00ebn ku shkrihen aq bukur shekujt, kulturat, distancat.<\/p>\n<p>Inisiativa e Revistes \u201c KUVENDI\u201d p\u00ebr t\u2019i sjell\u00eb ato n\u00eb v\u00ebmendje, si kollonat q\u00eb mbajn\u00eb lart kulturen e nj\u00eb kombi, iluminojn\u00eb mendjet dhe lart\u00ebsojn\u00eb kulturen e librit, si nj\u00eb eksperienc\u00eb e paz\u00ebvend\u00ebsueshme. N\u00eb k\u00ebt\u00eb aktivitet kulturoro-letrar mor\u00ebn pjes\u00eb p\u00ebrsonalitete t\u00eb nderuara si, shkrimtari dhe miku i Revist\u00ebs \u201c KUVENDI\u201d, intelektuali dhe poeti, z. Agron Tufa, legjenda e k\u00ebng\u00ebs shqipe, tashm\u00eb shkrimtari dhe poeti me disa vepra letrare, kushtrimtari q\u00eb me artin e\u00a0 tij i thirri shqiptar\u00ebt n\u00eb luft\u00ebn p\u00ebr liri, z. ILIR SHAQIRI, shkrimtarin e njohur Ramiz Gjini, poetin \u00a0dhe intelektualin\u00a0 e njohur, G\u00ebzim Basha, shkrimtarin Pierre Simsia, poetet dhe shkrimtaret Enkelejda Kondi, Margherita Stoja, Shpresa Ymeraj, Anita Varosi, Raimonda\u00a0 Moisiu &#8211; Kryetare e Shoqates s\u00eb Shkrimtar\u00ebve Shqiptaro-Amerikan, Reshida \u00c7oba, Qendres\u00eb Halili, Erjeta Cufaj \u2013 aktore , k\u00ebng\u00ebtarja e talentuar Aferdita Pepkola\u00a0 Gashi, Hana e Kol Nikprelaj, etj.<\/p>\n<p>17 \u2013te vitet\u00a0 e Dit\u00ebve\u00a0 t\u00eb Let\u00ebrsis\u00eb n\u00eb Amerik\u00eb, jan\u00eb vite t\u00eb dobishme zhvilluar me dashuri, me pasion , k\u00ebmb\u00ebngulje, me p\u00ebrkushtim dhe nderim p\u00ebr librin, p\u00ebr poezin\u00eb, p\u00ebr kulturen, p\u00ebr\u00a0 t\u00eb gjith\u00eb ata q\u00eb \u00a0vlersojn\u00eb dhe besojn\u00eb n\u00eb di\u00e7ka t\u00eb madhe dhe t\u00eb shenjt\u00eb, si\u00e7 \u00ebsht\u00eb libri. Dit\u00ebt e Let\u00ebrsis\u00eb Shqipe jan\u00eb gdhendur n\u00eb form\u00ebn\u00a0 dhe m\u00ebnyr\u00ebn\u00a0 m\u00eb t\u00eb ndritur e p\u00ebrfekte nga Revista \u201c KUVENDI\u201d\u00a0 n\u00eb Diaspor\u00eb.<\/p>\n","protected":false},"excerpt":{"rendered":"<p>Arian Gruda Dit\u00ebt e Let\u00ebrsis\u00eb Shqipe, q\u00eb u zhvilluan nga data 26 deri 29 tetor 2018, p\u00ebr t\u00eb\u00a0 17-tin vit radhazi n\u00eb Amerik\u00eb, n\u00eb shtetin e Michiganit,<\/p>\n","protected":false},"author":1,"featured_media":7524,"comment_status":"open","ping_status":"open","sticky":false,"template":"","format":"standard","meta":{"footnotes":""},"categories":[5],"tags":[],"class_list":["post-7523","post","type-post","status-publish","format-standard","has-post-thumbnail","hentry","category-letersi"],"_links":{"self":[{"href":"https:\/\/revistakuvendi.org\/index.php?rest_route=\/wp\/v2\/posts\/7523","targetHints":{"allow":["GET"]}}],"collection":[{"href":"https:\/\/revistakuvendi.org\/index.php?rest_route=\/wp\/v2\/posts"}],"about":[{"href":"https:\/\/revistakuvendi.org\/index.php?rest_route=\/wp\/v2\/types\/post"}],"author":[{"embeddable":true,"href":"https:\/\/revistakuvendi.org\/index.php?rest_route=\/wp\/v2\/users\/1"}],"replies":[{"embeddable":true,"href":"https:\/\/revistakuvendi.org\/index.php?rest_route=%2Fwp%2Fv2%2Fcomments&post=7523"}],"version-history":[{"count":3,"href":"https:\/\/revistakuvendi.org\/index.php?rest_route=\/wp\/v2\/posts\/7523\/revisions"}],"predecessor-version":[{"id":7528,"href":"https:\/\/revistakuvendi.org\/index.php?rest_route=\/wp\/v2\/posts\/7523\/revisions\/7528"}],"wp:featuredmedia":[{"embeddable":true,"href":"https:\/\/revistakuvendi.org\/index.php?rest_route=\/wp\/v2\/media\/7524"}],"wp:attachment":[{"href":"https:\/\/revistakuvendi.org\/index.php?rest_route=%2Fwp%2Fv2%2Fmedia&parent=7523"}],"wp:term":[{"taxonomy":"category","embeddable":true,"href":"https:\/\/revistakuvendi.org\/index.php?rest_route=%2Fwp%2Fv2%2Fcategories&post=7523"},{"taxonomy":"post_tag","embeddable":true,"href":"https:\/\/revistakuvendi.org\/index.php?rest_route=%2Fwp%2Fv2%2Ftags&post=7523"}],"curies":[{"name":"wp","href":"https:\/\/api.w.org\/{rel}","templated":true}]}}