{"id":7518,"date":"2018-10-18T19:59:13","date_gmt":"2018-10-18T19:59:13","guid":{"rendered":"http:\/\/revistakuvendi.org\/?p=7518"},"modified":"2018-10-18T19:59:13","modified_gmt":"2018-10-18T19:59:13","slug":"erenestina-gjergji-halili-poezi-per-konkurs","status":"publish","type":"post","link":"https:\/\/revistakuvendi.org\/?p=7518","title":{"rendered":"Erenestina Gjergji Halili (Poezi per konkurs)"},"content":{"rendered":"<p><a href=\"http:\/\/revistakuvendi.org\/wp-content\/uploads\/2018\/10\/ERNESTINA-E-MADHE.png\"><img loading=\"lazy\" decoding=\"async\" class=\"alignleft size-medium wp-image-7520\" src=\"http:\/\/revistakuvendi.org\/wp-content\/uploads\/2018\/10\/ERNESTINA-E-MADHE-244x300.png\" alt=\"\" width=\"244\" height=\"300\" srcset=\"https:\/\/revistakuvendi.org\/wp-content\/uploads\/2018\/10\/ERNESTINA-E-MADHE-244x300.png 244w, https:\/\/revistakuvendi.org\/wp-content\/uploads\/2018\/10\/ERNESTINA-E-MADHE.png 336w\" sizes=\"auto, (max-width: 244px) 100vw, 244px\" \/><\/a><\/p>\n<p><strong>Zefit prej Fishte<\/strong><\/p>\n<p>&nbsp;<\/p>\n<p>Jam ati,<br \/>\ntuj k\u00ean\u00eb biri yt e i Atit tand,<br \/>\njam biri,<br \/>\ntuj k\u00ean\u00eb ati yt e biri Atit tand.<!--more--><\/p>\n<p>Zdrukthtari,<br \/>\nqi m\u00e2 s\u2019pari gdhenda erzin tem.<br \/>\nM\u2019suesi<br \/>\nqi m\u2019sova prej gjakut tem.<\/p>\n<p>Jam Jozef!<br \/>\nJam Gjergj!<br \/>\nJam Zef!<\/p>\n<p>I mbrami nder t\u2019parm\u00eb.<br \/>\nI fundmi mocanik.<br \/>\nJam geg\u00eb!<br \/>\nI tok\u00ebs rrsh\u00e2jve!<\/p>\n<p>K\u00e2ng\u00eb n\u2019Lahut\u00eb t\u2019parve!<\/p>\n<p>&nbsp;<\/p>\n<p>&nbsp;<\/p>\n<p><strong>Ejlli<br \/>\n<\/strong>(<em>in memoriam Dom Mikelit<\/em>)<\/p>\n<p>Thirre ejllin t\u00e2nd, kur dita p\u00ebrhim\u00eb t\u2019k\u00e2 desh\u00eb,<br \/>\nbani z\u00e2, se ejlli merr f\u2019tyr\u00ebn e n\u00e2n\u00ebs, b\u00e2b\u00ebs, dheut.<br \/>\nThirre ejllin t\u00e2nd, kur mushkn\u00eda t\u2019ka pr\u00e8 n\u2019bes\u00eb\u2026<br \/>\nOra pro nobis, ora pro nobis\u2026<\/p>\n<p>N\u00e2n\u00eb do t\u00eb j\u00e8s\u00eb,<br \/>\nB\u00e2b\u00eb do t\u00eb j\u00e8s\u00eb,<br \/>\nAtdhe do t\u00eb j\u00e8s\u00eb.<\/p>\n<p>B\u00e0ni z\u00e2 ejllit, kur k\u00e2mb\u00eb e huej, t\u2019shklet mbi koc,<br \/>\nmbi shpin\u00eb tanden kryqin k\u00e2 l\u00e2n\u00eb sh\u00e8j,<br \/>\nse lodin tand e mbledh n\u2019 Graal t\u2019fildisht\u00eb,<br \/>\nm\u2019u ng\u00edj\u00eb sofra e njerz\u00faere e d\u00ebshmis\u00eb .<\/p>\n<p>Ora pro nobis, Ora pro nobis!<br \/>\nN\u00e2n\u00eb do t\u00eb j\u00e9s\u00eb,<br \/>\nB\u00e2b\u00eb do t\u00eb j\u00e9s\u00eb,<br \/>\nAtdhe do t\u00eb j\u00e9s\u00eb.<\/p>\n<p>E kur shkreptima t\u2019rr\u00e2hin token nazike zhig\u00e2tun<br \/>\ne t\u2019\u00e7ilet porta nji b\u00e2rr\u00eb drit\u00eb,<br \/>\nEjlli difton krah\u00ebt, ku r\u00e2ndesa yte, paditunie,<br \/>\n\u00e2sht b\u00e2 kryq e krane, prej dashnie.<br \/>\nOra pro nobis, Ora pro nobis!<\/p>\n<p>N\u00e2n\u00eb do t\u00eb j\u00e9s\u00eb,<br \/>\nB\u00e2b\u00eb do t\u00eb j\u00e9s\u00eb,<br \/>\nAtdhe do t\u00eb j\u00e9s\u00eb.<br \/>\nEjlli yt!<\/p>\n<p>&nbsp;<\/p>\n<p>&nbsp;<\/p>\n<p><strong>Oboe<\/strong><\/p>\n<p>&nbsp;<\/p>\n<p>Lilat e bylbylat gjallnojn\u00eb shkretin\u00eb e drek\u00ebs,<br \/>\nferishtat s&#8217;po ndijn\u00eb z\u00e2nin e nanave n&#8217;porta,<br \/>\nmbet\u00eb kan\u00eb bosh, t&#8217;dall&#8217;ndysheve folezat,<br \/>\nn&#8217;than\u00eb mbet ruba verdhuke e ver\u00ebs s&#8217;xet\u00eb&#8230;<\/p>\n<p>&nbsp;<\/p>\n<p>Kah bjen vjesht\u00ebn, n&#8217;mall tret\u00eb&#8230;<\/p>\n<p>&nbsp;<\/p>\n<p>Kris n\u00eb oboe nji shi n&#8217;dashni t&#8217;magjepsun,<br \/>\nbylbylat, rankojn\u00eb trishtimit buz\u00ebmbramje,<br \/>\nlilat mbyllin qepenat me er\u00eb, kok\u00ebulun n&#8217;stil,<br \/>\nn&#8217;than\u00eb kjan ruba e ver\u00ebs, n&#8217;shi nxanme&#8230;<\/p>\n<p>K\u00e2ng\u00eb e oboes, n&#8217; ato kopsht\u00ed, n&#8217;drek\u00eb&#8230;<\/p>\n<p>&nbsp;<\/p>\n<p>&nbsp;<\/p>\n<p><strong>Pe\u0301se\u0308 pla\u0302ge\u0308<\/p>\n<p><\/strong><\/p>\n<p>I krinte\u0308 njaj burre\u0308 qi qeshet nan mjeke\u0308r,<br \/>\nkulmi i ka ra\u0302, po kulle\u0308n e mba\u0302n n&#8217;sup.<\/p>\n<p>Kon\u03bf\u0301pin prej qafe s&#8217;ka\u0302 hjeke\u0308 ta\u0302ne\u0308 jete\u0308n,<\/p>\n<p>qeshet nja\u0301j burre\u0308, din m&#8217;u mbledhe\u0308 krru\u0301p.<\/p>\n<p>Njaj burre\u0308 qi qeshet,<\/p>\n<p>pe\u0301se\u0308 pla\u0302ge\u0308 sh&#8217;lline\u0308,<br \/>\nnja\u0300 pe\u0308r toke\u0308n la\u0302nun,<\/p>\n<p>nja\u0300 pe\u0308r a\u0302ndrre\u0308n nxa\u0302nun,<\/p>\n<p>nja\u0300 pe\u0308r vedin ka\u0302llun,<\/p>\n<p>nja\u0300 pe\u0308r na\u0302ne\u0308n kja\u0302mun,<\/p>\n<p>nja\u0300 pe\u0308r kulmin ra\u0302mun,<\/p>\n<p>njaj burre\u0308 i mire\u0308&#8230;<\/p>\n<p>&nbsp;<\/p>\n<p>Nja\u0301j burre\u0308 i krinte\u0308, me zeme\u0308r t&#8217;prushte\u0308,<\/p>\n<p>ngusht\u00eb ka ra\u0302, po kush s\u2019e pa ngushte\u0308.<\/p>\n<p><strong>\u00a0<\/strong><\/p>\n<p><strong>Leka e Gjergji<\/strong><\/p>\n<p>N\u2019Kuven\u2019 t\u2019Lezh\u00ebs , Pal Dukagjini,<\/p>\n<p>bes\u00ebn e burrit ka dh\u00e2n\u00eb Gjergjit,<\/p>\n<p>dukagjinas e djelmni Shalet,<\/p>\n<p>k\u00e2mb\u00ebn anmikut me e qit\u00eb faret.<\/p>\n<p>&nbsp;<\/p>\n<p>Kish pa l\u00e9 Leka i Palit\u2026<\/p>\n<p>Rrit\u2019 n\u2019Ulpian\u00eb , Raguz\u00eb e Lezh\u00eb,<\/p>\n<p>me vlla Pal, Mar\u00ed e Roz\u00eb,<\/p>\n<p>p\u00e1j ma i miri i kull\u2019s t\u2019vendit,<\/p>\n<p>nip n\u2019der\u00eb Aranit Komnenit\u2026<\/p>\n<p>&nbsp;<\/p>\n<p>N\u2019das\u00ebm t\u2019Gjergjit, b\u00e1sh n\u2019Krue,<\/p>\n<p>thirr\u2019 n\u2019duel ka Lek\u00eb Zakarin\u00eb,<\/p>\n<p>p\u00ebr nj\u00e1t t\u2019bukr\u00ebn e Dushmanve,<\/p>\n<p>p\u00ebr nj\u00e1t fllanx\u00eb t\u2019re, Jerin\u00eb.<\/p>\n<p>Uj\u2019 ma mr\u00e1pa n\u2019koh\u00eb ka rrj\u00e9dh\u00eb\u2026<\/p>\n<p>Kur n\u2019kry i vn\u00f3j kun\u03ccr\u00eb,<\/p>\n<p>tuj lidh\u2019 bes\u00eb me Gjon Muzak\u2019,<\/p>\n<p>tuj dh\u00e2n\u00eb fjal\u2019n e nderit t\u2019burrit,<\/p>\n<p>me m\u00e1 t\u2019bukr\u00ebn Teodor\u00eb.<\/p>\n<p>&nbsp;<\/p>\n<p>N\u2019Stefigrad \u00e2sht b\u00e2 e madhe,<\/p>\n<p>Kastrioti thirr\u2019 p\u2019e k\u00e2,<\/p>\n<p>flut\u2019ron Leka me ndih\u2019 vllaun,<\/p>\n<p>p\u00e1j prej d\u00e9k\u00ebs, Gjergjin ka nd\u00e2\u2026<\/p>\n<p>&nbsp;<\/p>\n<p>N\u2019buk\u00eb t\u2019sofr\u00ebs, n\u2019teh t\u2019shpat\u00ebs,<\/p>\n<p>n\u2019bes\u00eb arbnore t\u2019Principat\u00ebs,<\/p>\n<p>kryetrimat kan\u00eb lidh\u2019 motin,<\/p>\n<p>Leka nj\u00e1 n\u2019 Gjergj Kastriotin.<\/p>\n<p>&nbsp;<\/p>\n<p>Re zezona mbi Krue apet\u2026<\/p>\n<p>Ballaban Pasha, s\u2019gj\u00e2n\u2019 gajret<\/p>\n<p>As ushtri, as kock\u00eb ka mbet\u00eb\u2026<\/p>\n<p>Thirr e ka nj\u00e1j Zot Gjergjin,<\/p>\n<p>e ka l\u00e2n\u00eb Lek\u00ebn vetun,<\/p>\n<p>thirr k\u00e1 Leka n\u2019oshtim\u00eb t\u2019giat\u00eb,<\/p>\n<p>bes\u2019n e Gjergjit kush s\u2019pe \u00e7\u00e2rt\u00eb!<\/p>\n<p>&nbsp;<\/p>\n<p>&#8230;Nj\u00e9shtu puna n\u2019at Principat\u00eb\u2026<\/p>\n<p>&nbsp;<\/p>\n<p>Gjergj e Lek\u00eb, ng\u00e1t e ng\u00e1t,<\/p>\n<p>\u00e2sht\u2019 th\u00e2n\u00eb fjala dh\u00e8 m\u2019dh\u00e8:<\/p>\n<p>-Kryetrimat s\u2019mund me dek\u00eb,<\/p>\n<p>jet\u00eb dhan\u00e9, mandej kan\u00eb l\u00e9!<\/p>\n<p><strong>Erenestina Gjergji Halili- tetor. 2018<\/strong><\/p>\n","protected":false},"excerpt":{"rendered":"<p>Zefit prej Fishte &nbsp; Jam ati, tuj k\u00ean\u00eb biri yt e i Atit tand, jam biri, tuj k\u00ean\u00eb ati yt e biri Atit tand.<\/p>\n","protected":false},"author":1,"featured_media":7519,"comment_status":"open","ping_status":"open","sticky":false,"template":"","format":"standard","meta":{"footnotes":""},"categories":[7],"tags":[],"class_list":["post-7518","post","type-post","status-publish","format-standard","has-post-thumbnail","hentry","category-poezi"],"_links":{"self":[{"href":"https:\/\/revistakuvendi.org\/index.php?rest_route=\/wp\/v2\/posts\/7518","targetHints":{"allow":["GET"]}}],"collection":[{"href":"https:\/\/revistakuvendi.org\/index.php?rest_route=\/wp\/v2\/posts"}],"about":[{"href":"https:\/\/revistakuvendi.org\/index.php?rest_route=\/wp\/v2\/types\/post"}],"author":[{"embeddable":true,"href":"https:\/\/revistakuvendi.org\/index.php?rest_route=\/wp\/v2\/users\/1"}],"replies":[{"embeddable":true,"href":"https:\/\/revistakuvendi.org\/index.php?rest_route=%2Fwp%2Fv2%2Fcomments&post=7518"}],"version-history":[{"count":1,"href":"https:\/\/revistakuvendi.org\/index.php?rest_route=\/wp\/v2\/posts\/7518\/revisions"}],"predecessor-version":[{"id":7521,"href":"https:\/\/revistakuvendi.org\/index.php?rest_route=\/wp\/v2\/posts\/7518\/revisions\/7521"}],"wp:featuredmedia":[{"embeddable":true,"href":"https:\/\/revistakuvendi.org\/index.php?rest_route=\/wp\/v2\/media\/7519"}],"wp:attachment":[{"href":"https:\/\/revistakuvendi.org\/index.php?rest_route=%2Fwp%2Fv2%2Fmedia&parent=7518"}],"wp:term":[{"taxonomy":"category","embeddable":true,"href":"https:\/\/revistakuvendi.org\/index.php?rest_route=%2Fwp%2Fv2%2Fcategories&post=7518"},{"taxonomy":"post_tag","embeddable":true,"href":"https:\/\/revistakuvendi.org\/index.php?rest_route=%2Fwp%2Fv2%2Ftags&post=7518"}],"curies":[{"name":"wp","href":"https:\/\/api.w.org\/{rel}","templated":true}]}}