{"id":7469,"date":"2018-09-03T22:47:49","date_gmt":"2018-09-03T22:47:49","guid":{"rendered":"http:\/\/revistakuvendi.org\/?p=7469"},"modified":"2018-09-03T23:41:20","modified_gmt":"2018-09-03T23:41:20","slug":"ditet-e-letersise-shqipe-ne-amerike-2018","status":"publish","type":"post","link":"https:\/\/revistakuvendi.org\/?p=7469","title":{"rendered":"Dit\u00ebt e Let\u00ebrsis\u00eb Shqipe n\u00eb Amerik\u00eb, 2018"},"content":{"rendered":"<p><a href=\"http:\/\/revistakuvendi.org\/wp-content\/uploads\/2018\/02\/pena1.jpg\"><img loading=\"lazy\" decoding=\"async\" class=\"alignleft size-full wp-image-7165\" src=\"http:\/\/revistakuvendi.org\/wp-content\/uploads\/2018\/02\/pena1.jpg\" alt=\"\" width=\"160\" height=\"158\" srcset=\"https:\/\/revistakuvendi.org\/wp-content\/uploads\/2018\/02\/pena1.jpg 160w, https:\/\/revistakuvendi.org\/wp-content\/uploads\/2018\/02\/pena1-50x50.jpg 50w\" sizes=\"auto, (max-width: 160px) 100vw, 160px\" \/><\/a>\u00a0\u201c Dit\u00ebt e Let\u00ebrsis\u00eb Shqipe n\u00eb Amerik\u00eb\u201d,\u00a0 p\u00ebr t\u00eb 17-tin vit radhazi do t\u00eb mbahen<\/p>\n<p>me datat, 26, 27 dhe 28 Tetor 2018<\/p>\n<p>&nbsp;<\/p>\n<p><u>Dita e par\u00eb<\/u>: pritja, sistemimi dhe darka e mir\u00ebseardhjes.<br \/>\nTakimi p\u00ebrsh\u00ebndet\u00ebs te Kafe Kuvendi, m\u00eb pas darka te\u00a0 \u201c The Imperial House\u201d\u00a0 n\u00eb Clinton Township.<!--more--><\/p>\n<p>Takimin dhe dark\u00ebn do t\u2019i moderoi, poetja Arta Simoni.<\/p>\n<p>&nbsp;<\/p>\n<p><u>Dita e dyt\u00eb<\/u>, e shtun\u00eb, 27 Tetor 2018<\/p>\n<p>Kafja dhe mengjesi 8-10 Am\u00a0 ( Kafe \u201cKuvendi\u201d &amp; restorant\u00a0 \u201cPanecake\u201d)<\/p>\n<p>Nga ora 11:00 deri n\u00eb 3:00 Vizit\u00eb n\u00eb Muzeun e Arteve-Detroit.<\/p>\n<p>Ngarkohet aristi i njohur, \u201cMjeshtri i Pun\u00ebs\u201d ; Paulin Palushi<\/p>\n<p>Nga 3:00 deri n\u00eb 7:00 pm p\u00ebrgaditja p\u00ebr mbr\u00ebmjen kryesore t\u00eb aktivitetit<\/p>\n<p>Mbr\u00ebmja\u00a0 kryesore e Dit\u00ebve t\u00eb Let\u00ebrsis\u00eb do t\u00eb b\u00ebh\u00ebt n\u00eb \u00a0Kafe \u201cKUVENDI\u201d, nga ora 7:30- deri n\u00eb 1:00 Am<\/p>\n<p>Ata q\u00eb deshirojn\u00eb t\u00eb marrin pjes\u00eb n\u00eb k\u00ebt\u00eb mbr\u00ebmje, duhet t\u00eb lajm\u00ebrohen deri me dat\u00ebn 22 Tetor.<\/p>\n<p>&nbsp;<\/p>\n<p><u>Dita e tret\u00eb<\/u>, e diel\u00eb 28 Tetor 2018:<\/p>\n<p>Kafja dhe m\u00ebngjesi 8:30 \u2013 9:30, (n\u00eb t\u00eb nj\u00ebjtin vend si n\u00eb dit\u00ebn e dyt\u00eb)<\/p>\n<p>10:00 Udh\u00ebtim shetites ne Frankenmuth<\/p>\n<p>N\u00eb\u00a0 8:00 Pm darka e mbylljes s\u00eb aktivitetit n\u00eb Sall\u00ebn e Spektakleve t\u00eb ACTV , ne Sterling Hights Michigan.<\/p>\n<p>K\u00ebt\u00eb vit, ndryshe nga vitet e tjera, Konkursi \u00a0do t\u00eb ket\u00eb nj\u00eb p\u00ebrfaq\u00ebsues nga K\u00ebshilli Botues i Revist\u00ebs \u201cKuvendi\u201d (konkretisht redaksia\u00a0 poezis\u00eb dhe proz\u00ebs ). N\u00eb analiz\u00eb do t\u00eb merren publikimet e vitit t\u00eb fundit ( Tetor 2017 \u2013 Tetor 2018 n\u00eb \u00ebebin e Kuvendit si dhe n\u00eb print)<\/p>\n<p>Prurjet enkas p\u00ebr konkurs duhet t\u00eb vijn\u00eb para dat\u00ebs 25 Tetor, n\u00eb adresen elektronike: <a href=\"mailto:revistakuvendi@hotmail.com\">revistakuvendi@hotmail.com<\/a><\/p>\n<p>&nbsp;<\/p>\n<p><strong><u>Komisioni p\u00ebr mbar\u00ebvajtjen e aktivitetit:<\/u><\/strong><\/p>\n<p>Ruzhdi Gurra, Kryetar<\/p>\n<p>Prof.Lulash Palushaj, an\u00ebtar<\/p>\n<p>Rrahman Rexhepi, anetar<\/p>\n<p>Rush Dragu, an\u00ebtar<\/p>\n<p>Paulin Palushi, anetar<\/p>\n<p>Moderator e aktivitetit kryesor : Albina Palushi<\/p>\n<p>T\u00eb pranish\u00ebm n\u00eb k\u00ebta aktivitet do t\u00eb jen\u00eb dhe t\u00eb ardhur nga Europa, si: shkrimtar\u00eb aktor\u00eb dhe artist\u00eb t\u00eb fushave t\u00eb ndryshme.<\/p>\n<p>&nbsp;<\/p>\n<p>P\u00ebr detajet e aktivitetit mund t\u00eb pyesni n\u00eb:<\/p>\n<p>Cel: 1-248 259 65 23<\/p>\n<p>Ose te shkruani n\u00eb:<\/p>\n<p><a href=\"mailto:revistakuvendi@hotmail.com\">revistakuvendi@hotmail.com<\/a><\/p>\n<p>&nbsp;<\/p>\n<p>&nbsp;<\/p>\n<p>E NGARKUAR PER JURINE, POETJA DHE PROZATORJA: QENDRESE HALILI<\/p>\n","protected":false},"excerpt":{"rendered":"<p>\u00a0\u201c Dit\u00ebt e Let\u00ebrsis\u00eb Shqipe n\u00eb Amerik\u00eb\u201d,\u00a0 p\u00ebr t\u00eb 17-tin vit radhazi do t\u00eb mbahen me datat, 26, 27 dhe 28 Tetor 2018 &nbsp; Dita e par\u00eb: pritja, sistemimi dhe darka e mir\u00ebseardhjes. Takimi p\u00ebrsh\u00ebndet\u00ebs te Kafe Kuvendi, m\u00eb pas darka te\u00a0 \u201c The Imperial House\u201d\u00a0 n\u00eb Clinton Township.<\/p>\n","protected":false},"author":1,"featured_media":7165,"comment_status":"open","ping_status":"open","sticky":false,"template":"","format":"standard","meta":{"footnotes":""},"categories":[5],"tags":[],"class_list":["post-7469","post","type-post","status-publish","format-standard","has-post-thumbnail","hentry","category-letersi"],"_links":{"self":[{"href":"https:\/\/revistakuvendi.org\/index.php?rest_route=\/wp\/v2\/posts\/7469","targetHints":{"allow":["GET"]}}],"collection":[{"href":"https:\/\/revistakuvendi.org\/index.php?rest_route=\/wp\/v2\/posts"}],"about":[{"href":"https:\/\/revistakuvendi.org\/index.php?rest_route=\/wp\/v2\/types\/post"}],"author":[{"embeddable":true,"href":"https:\/\/revistakuvendi.org\/index.php?rest_route=\/wp\/v2\/users\/1"}],"replies":[{"embeddable":true,"href":"https:\/\/revistakuvendi.org\/index.php?rest_route=%2Fwp%2Fv2%2Fcomments&post=7469"}],"version-history":[{"count":2,"href":"https:\/\/revistakuvendi.org\/index.php?rest_route=\/wp\/v2\/posts\/7469\/revisions"}],"predecessor-version":[{"id":7472,"href":"https:\/\/revistakuvendi.org\/index.php?rest_route=\/wp\/v2\/posts\/7469\/revisions\/7472"}],"wp:featuredmedia":[{"embeddable":true,"href":"https:\/\/revistakuvendi.org\/index.php?rest_route=\/wp\/v2\/media\/7165"}],"wp:attachment":[{"href":"https:\/\/revistakuvendi.org\/index.php?rest_route=%2Fwp%2Fv2%2Fmedia&parent=7469"}],"wp:term":[{"taxonomy":"category","embeddable":true,"href":"https:\/\/revistakuvendi.org\/index.php?rest_route=%2Fwp%2Fv2%2Fcategories&post=7469"},{"taxonomy":"post_tag","embeddable":true,"href":"https:\/\/revistakuvendi.org\/index.php?rest_route=%2Fwp%2Fv2%2Ftags&post=7469"}],"curies":[{"name":"wp","href":"https:\/\/api.w.org\/{rel}","templated":true}]}}