{"id":7465,"date":"2018-09-02T17:37:32","date_gmt":"2018-09-02T17:37:32","guid":{"rendered":"http:\/\/revistakuvendi.org\/?p=7465"},"modified":"2018-09-02T17:37:32","modified_gmt":"2018-09-02T17:37:32","slug":"arratisja","status":"publish","type":"post","link":"https:\/\/revistakuvendi.org\/?p=7465","title":{"rendered":"Arratisja!"},"content":{"rendered":"<p><a href=\"http:\/\/revistakuvendi.org\/wp-content\/uploads\/2017\/11\/dajci-M.png\"><img loading=\"lazy\" decoding=\"async\" class=\"alignleft size-full wp-image-6939\" src=\"http:\/\/revistakuvendi.org\/wp-content\/uploads\/2017\/11\/dajci-M.png\" alt=\"\" width=\"264\" height=\"172\" \/><\/a>Nga Moza Boletini\u00a0 ( Daj\u00e7i )<\/p>\n<p>Gusht 2018, SHBA<\/p>\n<p>&nbsp;<\/p>\n<p>U rrit jetime me prind\u00ebr gjall\u00eb. I ati\u00a0vinte nga nj\u00eb familje e njohur\u00a0me tradita t\u00eb larta\u00a0patriotike. Si i ri me pik\u00ebpamje t\u00eb djathta dhe familje e persekutuar politike\u00a0Nikoll\u00eb Malaj\u00a0nuk pajtohej me rregjimin e\u00a0koh\u00ebs. Duke par\u00eb jet\u00ebn n\u00eb rrezik arratiset n\u00eb vitin 1948 <!--more-->p\u00ebr n\u00eb\u00a0Jugosllavi, kaloi kufirin e\u00a0p\u00ebr shum\u00eb vite nuk mundi t\u00eb lidhej me familjen.<\/p>\n<p>Marie e quajn\u00eb miken time, g\u00ebzimi i par\u00eb i familjes, ishte vet\u00ebm 3 vje\u00e7 kur e la i ati. Nan\u00ebn Zorka\u00a0dhe motr\u00ebn Xhulian\u00eb ja internojn\u00eb n\u00eb kampet e shfarrosjes Tepelen\u00eb, Berat, Lushnj\u00eb. Dit\u00ebn q\u00eb do ti internonin punonj\u00ebsi i sigurimit i kishte th\u00ebn\u00eb me p\u00ebrbuzje\u00a0&#8220;K\u00ebt\u00eb l\u00ebre k\u00ebtu, p\u00ebr Marien. Merr vet\u00ebm t\u00eb vogl\u00ebn&#8221;.<\/p>\n<p>Mes lot\u00ebve e dhimbjes Maria u rrit me hall\u00ebn e babait. E vogla s&#8217; pushonte s\u00eb qari deri sa e merte gjumi n\u00eb preh\u00ebrin e ngroht\u00eb t\u00eb hall\u00ebs. Vitet kalonin, Maria e vog\u00ebl u rrit e asnj\u00eb lajm nga prind\u00ebrit e saj. Kur u b\u00eb 10 vje\u00e7 drejtoria e kampit t\u00eb internimit n\u00eb Tepelen\u00eb i dha leje t\u00eb \u00ebm\u00ebs p\u00ebr t\u00eb par\u00eb t\u00eb bij\u00ebn e p\u00ebr ta marr\u00eb me vete n\u00eb internim. Por ajo nuk mund t\u00eb shkonte. Halla tashm\u00eb kishte humbur shikimin e kishte nevoj\u00eb p\u00ebr kujdesin e Maries.<\/p>\n<p>Shpirti i vog\u00eblushes u nda p\u00ebrs\u00ebri n\u00eb dysh, edhe pse me dhimbje n\u00eb zem\u00ebr p\u00ebr t\u00eb q\u00ebndruar s\u00ebrisht pran\u00eb n\u00ebn\u00ebs, halli b\u00ebri q\u00eb ti q\u00ebndronte af\u00ebr hall\u00ebs s\u00eb verbuar.\u00a0Dim\u00ebr, skamje, mall\u00a0e shpres\u00eb se nj\u00eb dit\u00eb do t\u00eb shikonte p\u00ebr s\u00eb gjalli n\u00ebn\u00eb, bab\u00eb e mot\u00ebr. Drama nga m\u00eb t\u00eb ndryshmet ka p\u00ebrjetuar populli yn\u00eb, ajo pjes\u00eb e shoq\u00ebris\u00eb shqiptare q\u00eb ju kund\u00ebrvu diktatur\u00ebs komuniste. Nj\u00eb prej k\u00ebtyre ngjarjeve t\u00eb trishtueshme \u00ebsht\u00eb edhe jeta e Marie Rez\u00ebs, zonj\u00ebs s\u00eb nderuar e fisnike nga Vermoshi i Shqip\u00ebris\u00eb ton\u00eb t\u00eb dashur.<\/p>\n<p>Dikur\u00a0filluan ti afroheshin edhe raste p\u00ebr martes\u00eb, por Maria kishte nj\u00eb kusht. Tek dera e burrit do t\u00eb shkonte s\u00ebbashku me hall\u00ebn tashm\u00eb t\u00eb moshuar, e shikim t\u00eb humbur. Ashtu u b\u00eb, tek sht\u00ebpia e bashk\u00ebshortit Gjergj Rezaj\u00a0jetuan\u00a0edhe me\u00a0hall\u00ebn e t\u00eb atit. Familja u shtua me djal\u00eb, Anxhel e quajt\u00ebn. Sapo i vogli\u00a0mbushi 5 vite, halla q\u00eb ajo e donte aq shum\u00eb mbylli syt\u00eb nj\u00ebher\u00eb e p\u00ebrgjithmon\u00eb,\u00a0vdekje q\u00eb\u00a0e l\u00ebndoi shum\u00eb Marien. Halla p\u00ebr at\u00eb ishte n\u00ebn\u00eb, bab\u00eb e mot\u00ebr, e\u00a0ruante kujtimet m\u00eb t\u00eb dhimbshme t\u00eb jet\u00ebs s\u00eb saj. M\u00eb pas n\u00eb\u00a0familjen e re erdh\u00ebn n\u00eb jet\u00eb\u00a0edhe dy sokola t\u00eb tjer\u00eb Gjoni dhe Petriti.<\/p>\n<p>Duke qen\u00eb se familja Maries dhe Gjergjit\u00a0ishin t\u00eb prekura politikisht b\u00ebn\u00eb q\u00eb me djemt\u00eb 9, 6 dhe 2 vje\u00e7 dhe nan\u00ebn e Gjergjit, Agen,\u00a0dhjetorin e\u00a0vitit 1975 t\u00eb len\u00eb atdheun e t\u00eb marrin rrug\u00ebn e kurbetit. Kaluan\u00a0shum\u00eb peripeci, ju desh t\u00eb ecnin m\u00eb k\u00ebmb\u00eb e zbathur edhe\u00a0n\u00eb akull, pas\u00a013 or\u00ebsh arrit\u00ebn post\u00ebn matan\u00eb kufirit. FIllimisht i hapi der\u00ebn nj\u00eb familje e panjohur\u00a0serbe, q\u00eb i ndihmoi disi\u00a0me veshje dhe ushqime.\u00a0Kaluan disa muaj n\u00eb Potgoric\u00eb,\u00a0aty Maria pati rast t\u00eb takohet me t\u00eb atin q\u00eb e la shum\u00eb t\u00eb vog\u00ebl kur u arratis. P\u00ebrs\u00ebri lot, d\u00ebshp\u00ebrim n\u00eb zemrat e nj\u00ebri tjetrit, nd\u00ebrkoh\u00eb q\u00eb e \u00ebma dhe motra vuanin d\u00ebnimin\u00a0si t\u00eb internuara politike n\u00eb kampet e p\u00ebrq\u00ebndrimit shqiptar. Destinacioni e\u00a0q\u00ebllimi i Maries, bashk\u00ebshortit, djemve e vjehrr\u00ebs s\u00eb moshuar\u00a0ishin Shtetet e Bashkuara t\u00eb Amerik\u00ebs. Endrra\u00a0u realizua. Pas disa muajsh\u00a0n\u00eb Jugosllavi, ilegalisht kalojn\u00eb n\u00eb kampin e refugjat\u00ebve n\u00eb Trieste. Ambasada Amerikane n\u00eb Rom\u00eb i njeh menj\u00ebher\u00eb Statusin e Azilantit Politik dhe t\u00eb gjith\u00eb, shoq\u00ebruar edhe nga i ati Maries n\u00eb korrik t\u00eb\u00a0vitit 1976 nisen\u00a0me avion drejt SHBA, ku Maria\u00a0jeton edhe sot me tre djemt\u00eb e saj t\u00eb rritur. I shoqi, Gjergji s\u00ebmuret r\u00ebnd\u00eb e ndahet nga jeta\u00a0n\u00eb nj\u00eb mosh\u00eb tep\u00ebr\u00a0t\u00eb re.<\/p>\n<p>Megjith\u00ebse shum\u00eb e re Maria arriti t\u00eb rris\u00eb dhe edukoj\u00eb tre f\u00ebmij\u00ebt e saj, t\u00eb cil\u00ebt jan\u00eb b\u00ebr\u00eb zot\u00a0t\u00eb\u00a0vetes e familjeve t\u00eb tyre. Djali i mes\u00ebm\u00a0Gjoni \u00ebsht\u00eb aktor dhe\u00a0kineast,\u00a0ka realizuar\u00a0tre filma, i fundit titullohet &#8220;Albanian Gangster&#8221;.\u00a0Gjat\u00eb vizit\u00ebs n\u00eb banes\u00ebn e\u00a0Maries p\u00ebrve\u00e7 kunat\u00ebs s\u00eb saj\u00a0Lezes dhe Gjonit, pata rast t\u00eb takoj\u00a0edhe mikun e Gjonit,\u00a0producentin hollivudian\u00a0Matthew A. Brown. Sipas Gjonit dhe Matthews filmi &#8220;Albanian Gangster&#8221; do t\u00eb\u00a0shfaqet\u00a0s\u00eb shpejti n\u00eb kinemat\u00eb shqiptare\u00a0Shqip\u00ebri dhe Kosov\u00eb.<\/p>\n<p>E\u00a0\u00ebma dhe e\u00a0motra\u00a0arrit\u00ebn ta vizitojn\u00eb Marien\u00a0n\u00eb Amerik\u00eb, e\u00a0motra Xhuliana, e cila ishte martuar n\u00eb kampin fam\u00ebkeq t\u00eb Tepelen\u00ebs me t\u00eb persekutuarin politik, shkrimtarin e njohur\u00a0Lek Pervizi, t\u00eb\u00a0birin e gjeneral Preng Pervizi, kan\u00eb disa\u00a0vite q\u00eb\u00a0jetojn\u00eb n\u00eb Belgjik\u00eb. M\u00eb kujtohet se n\u00eb vitin 1998, koh\u00eb kur un\u00eb bashk\u00ebpunoja n\u00eb Shqip\u00ebri me Shoqat\u00ebn e Gruas ish t\u00eb Persekutuar Politike n\u00eb nj\u00eb veprimtari kushtur figur\u00ebs\u00a0ish t\u00eb burgosur politike\u00a0Marta Doda, u njoha edhe me Xhuliana Malaj Pervizi, Xhuliana ishte\u00a0e ftuara jon\u00eb e\u00a0nderit. T\u00eb pranishme ishin gjithashtu\u00a0ish t\u00eb burgosurat politike Frida Satedini\u00a0e bija e Marta Dod\u00ebs, Marie Dvorani,\u00a0Fatime Dega, italiania\u00a0Jolanda Tahmizi e t\u00eb tjera,\u00a0si\u00a0dhe p\u00ebrfaq\u00ebsues t\u00eb ambasadave t\u00eb huaja akredituar\u00a0n\u00eb Shqip\u00ebri (pasqyruar si m\u00eb posht\u00eb\u00a0n\u00eb foto).<\/p>\n<p>Jeta e v\u00ebshtir\u00eb plot vuajtje, halle nuk la q\u00eb prind\u00ebrit e Maries\u00a0t\u00eb jetonin gjat\u00eb. Maria\u00a0jeton n\u00eb New York me djemt\u00eb, nip\u00ebr e mbesa t\u00eb familjes, mir\u00ebpret njer\u00ebzit q\u00eb e duan dhe e respektojn\u00eb p\u00ebr sakrificat e saj n\u00eb jet\u00eb. Pas rr\u00ebzimit t\u00eb komunizmit n\u00eb Shqip\u00ebri ish Presidenti Sali Berisha ka dekoruar vjehrrin e\u00a0saj Nik\u00eb Mark Rezaj me Medaljen &#8220;Martir i Demokracis\u00eb&#8221; t\u00eb cilin komunist\u00ebt pas torturash n\u00eb burgun e Koplikut n\u00eb vitin 1948\u00a0e vrasin dhe e zhdukin t\u00eb gjall\u00eb, as eshtrat nuk i dihen.<\/p>\n<p>Qofsh e lumtur mikja ime Marie Rezaj, jet\u00eb t\u00eb gjat\u00eb e kujtime t\u00eb bukura t\u00eb uroj, Mimoza.<\/p>\n","protected":false},"excerpt":{"rendered":"<p>Nga Moza Boletini\u00a0 ( Daj\u00e7i ) Gusht 2018, SHBA &nbsp; U rrit jetime me prind\u00ebr gjall\u00eb. I ati\u00a0vinte nga nj\u00eb familje e njohur\u00a0me tradita t\u00eb larta\u00a0patriotike. Si i ri me pik\u00ebpamje t\u00eb djathta dhe familje e persekutuar politike\u00a0Nikoll\u00eb Malaj\u00a0nuk pajtohej me rregjimin e\u00a0koh\u00ebs. Duke par\u00eb jet\u00ebn n\u00eb rrezik arratiset n\u00eb vitin 1948<\/p>\n","protected":false},"author":1,"featured_media":6939,"comment_status":"open","ping_status":"open","sticky":false,"template":"","format":"standard","meta":{"footnotes":""},"categories":[5],"tags":[],"class_list":["post-7465","post","type-post","status-publish","format-standard","has-post-thumbnail","hentry","category-letersi"],"_links":{"self":[{"href":"https:\/\/revistakuvendi.org\/index.php?rest_route=\/wp\/v2\/posts\/7465","targetHints":{"allow":["GET"]}}],"collection":[{"href":"https:\/\/revistakuvendi.org\/index.php?rest_route=\/wp\/v2\/posts"}],"about":[{"href":"https:\/\/revistakuvendi.org\/index.php?rest_route=\/wp\/v2\/types\/post"}],"author":[{"embeddable":true,"href":"https:\/\/revistakuvendi.org\/index.php?rest_route=\/wp\/v2\/users\/1"}],"replies":[{"embeddable":true,"href":"https:\/\/revistakuvendi.org\/index.php?rest_route=%2Fwp%2Fv2%2Fcomments&post=7465"}],"version-history":[{"count":1,"href":"https:\/\/revistakuvendi.org\/index.php?rest_route=\/wp\/v2\/posts\/7465\/revisions"}],"predecessor-version":[{"id":7466,"href":"https:\/\/revistakuvendi.org\/index.php?rest_route=\/wp\/v2\/posts\/7465\/revisions\/7466"}],"wp:featuredmedia":[{"embeddable":true,"href":"https:\/\/revistakuvendi.org\/index.php?rest_route=\/wp\/v2\/media\/6939"}],"wp:attachment":[{"href":"https:\/\/revistakuvendi.org\/index.php?rest_route=%2Fwp%2Fv2%2Fmedia&parent=7465"}],"wp:term":[{"taxonomy":"category","embeddable":true,"href":"https:\/\/revistakuvendi.org\/index.php?rest_route=%2Fwp%2Fv2%2Fcategories&post=7465"},{"taxonomy":"post_tag","embeddable":true,"href":"https:\/\/revistakuvendi.org\/index.php?rest_route=%2Fwp%2Fv2%2Ftags&post=7465"}],"curies":[{"name":"wp","href":"https:\/\/api.w.org\/{rel}","templated":true}]}}