{"id":7443,"date":"2018-07-28T11:28:47","date_gmt":"2018-07-28T11:28:47","guid":{"rendered":"http:\/\/revistakuvendi.org\/?p=7443"},"modified":"2018-07-28T11:28:47","modified_gmt":"2018-07-28T11:28:47","slug":"adem-demaci-nuk-eshte-mandela-i-kosoves","status":"publish","type":"post","link":"https:\/\/revistakuvendi.org\/?p=7443","title":{"rendered":"ADEM DEMA\u00c7I NUK \u00cbSHT\u00cb \u201cMANDELA I KOSOV\u00cbS\u201d"},"content":{"rendered":"<p><strong>Ramiz LUSHAJ<\/strong><\/p>\n<p><a href=\"http:\/\/revistakuvendi.org\/wp-content\/uploads\/2018\/07\/ADEM-DEMACI.png\"><img loading=\"lazy\" decoding=\"async\" class=\"alignleft size-medium wp-image-7445\" src=\"http:\/\/revistakuvendi.org\/wp-content\/uploads\/2018\/07\/ADEM-DEMACI-300x169.png\" alt=\"\" width=\"300\" height=\"169\" srcset=\"https:\/\/revistakuvendi.org\/wp-content\/uploads\/2018\/07\/ADEM-DEMACI-300x169.png 300w, https:\/\/revistakuvendi.org\/wp-content\/uploads\/2018\/07\/ADEM-DEMACI.png 448w\" sizes=\"auto, (max-width: 300px) 100vw, 300px\" \/><\/a>Gjithandej, edhe n\u00eb k\u00ebto tre dit\u00eb zie t\u00eb vdekjes s\u00eb Adem Dema\u00e7it po flitet e shkruhet tuj e cil\u00ebsue \u201cMandela i Kosov\u00ebs\u201d(!) Shumkush po mendo se k\u00ebsisoj i ba ndopak nder e nderime Dema\u00e7it.<!--more--> Krejt e kund\u00ebrta. Nj\u00eb krahasim i till\u00eb nuk i ban nder as Dema\u00e7it n\u00eb Kosov\u00eb, as Arbnorit n\u00eb Shqip\u00ebri. Kurrkujt nd\u00ebr shqiptar\u00ebt, n\u00eb shtete e treva etnike shqiptare.<\/p>\n<p>Kurrgja nuk kam me emnin e figuren e Nelson Mandel\u00ebs (1918-2013) si personalitet i madh jugafrikan e bot\u00ebror, i nderuar me \u00c7mimin Nob\u00ebl (1993), me mbi 100 dekorata e tituj n\u00ebp\u00ebr planetin tok\u00ebsor, si dhe me \u201cUrdhrin Lenin\u201d n\u00eb maj 1990, sikurse Stalini, Tito, Brezhnjevi. Me emrin e tij jan\u00eb pag\u00ebzue shum\u00e7ka n\u00eb Afrik\u00eb e bot\u00eb deri dhe Asambleja e P\u00ebrgjithshme e OKB e shpalli dit\u00eblindjen e tij, 18 korrik 2010, \u201cDita e Mandel\u00ebs\u201d. Sivjet, Mandela, do t\u00eb ishte 100 vje\u00e7.<\/p>\n<p>Tashti po bahet gati nj\u00eb \u00e7erek shekulli kur isha n\u00eb Afrik\u00ebn e Jugut, n\u00eb Johanesburg e Pretoria, n\u00eb vitin 1994, asokohe kur Mandela ishte n\u00eb kulmin e fushat\u00ebs s\u00eb tij t\u00eb zgjedhjes s\u00eb tij Presidenti i par\u00eb i zi n\u00eb Afrik\u00ebn e Jugut (1994-\u201999). N\u00eb emisione televizive t\u00eb atyhit kuptonim se Mandela ishte revolucionar i madh, pasi ai dikur kishte q\u00ebn\u00eb dhe antar ilegal i Partis\u00eb Komuniste (t\u00eb ndaluar ligj\u00ebrisht) t\u00eb Afrik\u00ebs s\u00eb Jugut, etj. Ai ishte dhe President i Partis\u00eb Komb\u00ebtare t\u00eb Kongresit Afrikan (1991-\u201997). Nj\u00eb nd\u00ebr meritat e Mandel\u00ebs ishte se kur u zgjodh President i Afrik\u00ebs s\u00eb Jugut e mori nj\u00eb t\u00eb bardh\u00eb n\u00eb detyr\u00ebn e Zv\/presidentit Frederik Williem de Klerk, rivalin e tij elektoral, (ish Presidentin e atij vendi n\u00eb vitet 1989-\u201994), pasi ky shtet i ka mbi 5 milion\u00eb t\u00eb bardh\u00eb e kryesisht n\u00eb pes\u00eb qytetet ma t\u00eb rand\u00ebsishmet.<\/p>\n<p>Edhe n\u00eb koft se i marrim p\u00ebr nga vitet e burgut Adem Dema\u00e7i i Kosov\u00ebs ka pak ma shum\u00eb se Nelson Mandela i Afrik\u00ebs s\u00eb Jugut. Po kurr\u00eb e kurrsesi nuk mund t\u00eb krahasohet burgimi i Mandel\u00ebs me burgimin e v\u00ebshtir\u00eb deri n\u00eb kushte sakrifice e mbijetese i Dema\u00e7it n\u00eb Kosov\u00eb e Arbnorit n\u00eb Shqip\u00ebri.<\/p>\n<p>Nuk po due t\u00eb ndalem te bindje politike t\u00eb majta t\u00eb nj\u00ebrit apo tjetrit, pasi k\u00ebto i kan\u00eb disa t\u00eb p\u00ebrbashk\u00ebta, po Mandela e Dema\u00e7i e kan\u00eb dhe nj\u00eb tjet\u00ebr vler\u00ebsim t\u00eb p\u00ebrbashk\u00ebt, \u00c7mimin \u201cSaharov\u201d, q\u00eb e ndan Parlamenti Europian n\u00eb 5 dhjetorin e \u00e7do viti, n\u00eb \u201cDit\u00ebn e t\u00eb Drejtave t\u00eb Njeriut\u201d, n\u00eb nderim e kujtim t\u00eb shkenctarit dissident rus, Andrej Saharov (1921-1989). Parlamenti Europian e nisi dhanien e k\u00ebtij \u00c7mimi me Nelson Mandel\u00ebn m\u00eb 1988 dhe m\u00eb 1991 ia dha Adem Dema\u00e7it, tue iu ba nder Kosov\u00ebs dhe Atij.<\/p>\n<p>E, pa u zgat ma andejna, due me dijenue, \u00e7ka thash\u00eb kryere, n\u00eb fill t\u00eb shkrimit: Pse Adem Dema\u00e7i nuk duhet me u thirr nga kurrkush e kurrnjiher\u00eb si \u201cMandela i Kosov\u00ebs\u201d.Ma e para, se Mandela ishte n\u00eb k\u00ebt\u00eb bot\u00eb e mbetet dhe n\u00eb at\u00eb bot\u00eb t\u00eb p\u00ebrtejme si nj\u00eb lider q\u00eb ishte kund\u00ebr Liris\u00eb e Pavar\u00ebsis\u00eb s\u00eb Kosov\u00ebs, pasi n\u00eb gjallje t\u00eb tij krijoi me fjal\u00eb e veprime \u201cnj\u00eb frym\u00eb kund\u00ebr Kosov\u00eb\u201d n\u00eb Afrik\u00ebn e Jugut. Kjo reflektohet dhe sot, n\u00eb pasvdekjen e tij, pasi Afrika e Jugut \u00ebsht\u00eb nga ato shtete t\u00eb bot\u00ebs q\u00eb nuk e ka njoft ende Republik\u00ebn e Kosov\u00ebn, shtetin e ri t\u00eb Kosov\u00ebs. E ka njoft dhe Mbret\u00ebria Losoto (m\u00eb 11 shkurt 2014) q\u00eb \u00ebsht\u00eb krejt\u00ebsisht brenda territorit shtet\u00ebror t\u00eb Afrik\u00ebs s\u00eb Jugut, me nj\u00eb sip\u00ebrfaqe pak ma t\u00eb madhe se Shqip\u00ebria e me mbi 2 milionar\u00eb banor\u00eb, po nuk po e njef Afrika e Jugut me mbi 1 milion\u00eb km2 e mbi 50 milion\u00eb banor\u00eb!<\/p>\n<p>E dyta, q\u00eb ka lidhje me t\u00eb paren, \u00ebsht\u00eb fakti se Mandela ishte idealisht e praktikisht mik i njohur i Titos e mbasandejna dhe i af\u00ebrt me Sllobodan Millosheviqin, dy lider\u00ebt kryesor\u00eb t\u00eb Beogradit q\u00eb e desh\u00ebn Kosov\u00ebn n\u00ebn Serbi e n\u00eb Jugosllavin\u00eb e Tret\u00eb e t\u00eb Kat\u00ebrt.<\/p>\n<p>Mandela ishte haptas e ballas kund\u00ebr Luft\u00ebs s\u00eb NATO-s n\u00eb Kosov\u00eb n\u00eb mars-qershor 1999. Njiherash, Mandela njihet dhe si nj\u00eb nga lider\u00ebt e bot\u00ebs q\u00eb shpeshtas e ashp\u00ebrsisht ishte kund\u00ebr Bush\u00ebve n\u00eb Amerik\u00eb e Blerit n\u00eb Britani, kund\u00ebr dy miq\u00ebve t\u00eb shquar t\u00eb Kosov\u00ebs.<\/p>\n<p>Millosheveqi, nd\u00ebr t\u00eb gjith\u00eb miqt\u00eb e tij n\u00eb bot\u00eb, e zgjodhi m\u00eb t\u00eb parin Nelson Mandel\u00ebn \u2013 presidentin n\u00eb detyr\u00eb (deri m\u00eb 16 qershor 1999) i Afrik\u00ebs s\u00eb Jugut p\u00ebr me kan\u00eb Negociator n\u00eb mes NATO-s e Serbis\u00eb (Jugosllavis\u00eb s\u00eb mbetur). Mandela, jo p\u00ebr shpirtin e tij prosllav, po ngaq\u00eb e kishte lan\u00eb takati i tij fizik i ktheu p\u00ebrgjigje Millosheviqit se mosha e tij mbi 80 vje\u00e7are nuk ia mund\u00ebsonte krerjen e k\u00ebtij misioni diplomatik nd\u00ebrkomb\u00ebtar, pasi i duhet t\u00eb kryente takime t\u00eb shumta e t\u00eb shpeshta me l\u00ebvizje n\u00eb disa kontinente nga Afrika n\u00eb Europ\u00eb, Amerik\u00eb, Azi.<\/p>\n<p>N\u00eb kulmin e Luft\u00ebs s\u00eb Kosov\u00ebs (maj 1999) ishte Mandela q\u00eb e ftonte Millosheviqin e Serbis\u00eb \u201cp\u00ebr strehim politik\u201d n\u00eb Afrik\u00ebn e Jugut, n\u00ebse e d\u00ebshironte apo ia k\u00ebrkonin ose impononin situatat diplomatike, politike e ushtarake (nd\u00ebr)komb\u00ebtare, q\u00eb ai t\u2019i shp\u00ebtonte gjykimit t\u00eb Drejt\u00ebsis\u00eb Nd\u00ebrkomb\u00ebtare p\u00ebr krimet ndaj popullsis\u00eb s\u00eb Kosov\u00ebs.<\/p>\n<p>Nd\u00ebrkoh\u00eb, Afrika e Jugut e presidentit Mandela, e arrestoi m\u00eb 1999, Mbretin Leka Zogu i Par\u00eb i Shqiptar\u00ebve, asokohe rezident n\u00eb Johanesburg, p\u00ebr gjoja \u201cmbajtje arm\u00ebsh\u201d, t\u00eb cilat ishin \u201ctrofe luft\u00ebrash\u201d e pjes\u00eb e nj\u00eb \u201cmuzue t\u00eb tij privat\u201d. Po, q\u00ebllimi i v\u00ebrtet\u00eb i k\u00ebtij arrestimi politik ishte fakti se k\u00ebsokohe Serbia e Millosheviqit po luftonte p\u00ebr t\u00eb shue \u00e7do vat\u00ebr t\u00eb rezistenc\u00ebs ndaj tij deri n\u00eb Afrik\u00ebn e Jugut, pasi dhe Mbreti Leka Zogu I po niste nj\u00eb turne nd\u00ebrkomb\u00ebtar p\u00ebr Kosov\u00ebn, nga Jordania e vende t\u00eb tjera t\u00eb gadishullit Arabik, n\u00eb Mesdhe, etj. Tevona, kjo akuz\u00eb e fabrikuar u rr\u00ebzue nga drejt\u00ebsia, prokurori p\u00ebrkat\u00ebs u detyrue t\u00eb jepte dor\u00ebheqje p\u00ebr shkak t\u00eb paragjykimit t\u00eb arrestimit t\u00eb tij, etj.<\/p>\n<p>Presidenti i Afrik\u00ebs s\u00eb Jugut, Nelson Mandela, k\u00ebsokohe, 1998-1999, ishte i 19-ti Sekretar i P\u00ebrgjithsh\u00ebm i Organizat\u00ebs s\u00eb Vendeve t\u00eb Pangazhuara (Non-Aligned Movement, NAM), e cila ishte themelue n\u00eb vitin 1961 n\u00eb Beograd nga J.B.Tito. Kjo me inisiativ\u00ebn e Titos, akt-krye me nj\u00eb Konferenc\u00eb Nd\u00ebrkomb\u00ebtare t\u00eb mbajtur m\u00eb 1-6 shtator 1961 n\u00eb Beograd t\u00eb Serbis\u00eb e Jugosllavis\u00eb. I pari Sekretar i P\u00ebrgjithsh\u00ebm i k\u00ebsaj Organizate ishte vet Tito (1961-\u201964). Jo vet\u00ebm n\u00eb vitin 1999 kur e udh\u00ebhiqte Nelson Mandela, po dhe tevona kur e udh\u00ebhoqen Fidel Kastro e Raul Kastro t\u00eb Kub\u00ebs (2006-\u201909) apo Mahmoud Ahmadinejad e Hassan Rouhani t\u00eb Iranit (2012-\u201916), etj. kjo Organizat\u00eb e Vendeve t\u00eb Panagazhuara me 120 vende antare e 17 me statusin e v\u00ebzhguesit e me qend\u00ebr n\u00eb Xhakarta t\u00eb Indonezis\u00eb, me nostalgji proTito e p\u00ebr Jugosllavi t\u00eb Vjet\u00ebr t\u00eb Titos, \u00ebsht\u00eb me nj\u00eb ndikim t\u00eb madh p\u00ebr keq n\u00eb njohjet e Pavar\u00ebsis\u00eb s\u00eb Kosov\u00ebs, p\u00ebr \u00e7uarjen e saj drejt antar\u00ebsimit n\u00eb OKB.<\/p>\n<p>Pas gjitha k\u00ebtyre q\u00eb fjala fol\u00ebm p\u00ebr Nelson Mandel\u00ebn, p\u00ebr kund\u00ebrshtit\u00eb e mbrapshtit\u00eb e tij ndaj Kosov\u00ebs s\u00eb Lir\u00eb e t\u00eb Pavarur, duhet me than\u00eb se \u00ebsht\u00eb e tep\u00ebrt, e keqe, e gabuar, q\u00eb Adem Dema\u00e7i t\u00eb thirret edhe n\u00eb p\u00ebrcjelljet e fundit si \u201cMandela i Kosov\u00ebs\u201d.<\/p>\n<p>P\u00ebrndryshe: Adem Dema\u00e7in kena qysh e th\u00ebrrasim, kena \u00e7ka e th\u00ebrrasim, pasi Adem Dema\u00e7i \u00ebsht\u00eb \u201cHero i Kosov\u00ebs\u201d (2010), \u201cNderi i Kombit\u201d n\u00eb Shqip\u00ebri, \u201cSaharov\u201d n\u00eb Europ\u00eb, po mbi t\u00eb gjitha, para t\u00eb gjithave, me t\u00eb mirat e tij t\u00eb m\u00ebdha e t\u00eb metat e tij t\u00eb rrug\u00ebtimit, Adem Dema\u00e7i \u00ebsht\u00eb Adem Dema\u00e7i, \u00ebsht\u00eb \u201cAdem Dema\u00e7i i Kosov\u00ebs\u201d.<\/p>\n<p>&nbsp;<\/p>\n","protected":false},"excerpt":{"rendered":"<p>Ramiz LUSHAJ Gjithandej, edhe n\u00eb k\u00ebto tre dit\u00eb zie t\u00eb vdekjes s\u00eb Adem Dema\u00e7it po flitet e shkruhet tuj e cil\u00ebsue \u201cMandela i Kosov\u00ebs\u201d(!) Shumkush po mendo se k\u00ebsisoj i ba ndopak nder e nderime Dema\u00e7it.<\/p>\n","protected":false},"author":1,"featured_media":7444,"comment_status":"open","ping_status":"open","sticky":false,"template":"","format":"standard","meta":{"footnotes":""},"categories":[3],"tags":[],"class_list":["post-7443","post","type-post","status-publish","format-standard","has-post-thumbnail","hentry","category-politike"],"_links":{"self":[{"href":"https:\/\/revistakuvendi.org\/index.php?rest_route=\/wp\/v2\/posts\/7443","targetHints":{"allow":["GET"]}}],"collection":[{"href":"https:\/\/revistakuvendi.org\/index.php?rest_route=\/wp\/v2\/posts"}],"about":[{"href":"https:\/\/revistakuvendi.org\/index.php?rest_route=\/wp\/v2\/types\/post"}],"author":[{"embeddable":true,"href":"https:\/\/revistakuvendi.org\/index.php?rest_route=\/wp\/v2\/users\/1"}],"replies":[{"embeddable":true,"href":"https:\/\/revistakuvendi.org\/index.php?rest_route=%2Fwp%2Fv2%2Fcomments&post=7443"}],"version-history":[{"count":1,"href":"https:\/\/revistakuvendi.org\/index.php?rest_route=\/wp\/v2\/posts\/7443\/revisions"}],"predecessor-version":[{"id":7446,"href":"https:\/\/revistakuvendi.org\/index.php?rest_route=\/wp\/v2\/posts\/7443\/revisions\/7446"}],"wp:featuredmedia":[{"embeddable":true,"href":"https:\/\/revistakuvendi.org\/index.php?rest_route=\/wp\/v2\/media\/7444"}],"wp:attachment":[{"href":"https:\/\/revistakuvendi.org\/index.php?rest_route=%2Fwp%2Fv2%2Fmedia&parent=7443"}],"wp:term":[{"taxonomy":"category","embeddable":true,"href":"https:\/\/revistakuvendi.org\/index.php?rest_route=%2Fwp%2Fv2%2Fcategories&post=7443"},{"taxonomy":"post_tag","embeddable":true,"href":"https:\/\/revistakuvendi.org\/index.php?rest_route=%2Fwp%2Fv2%2Ftags&post=7443"}],"curies":[{"name":"wp","href":"https:\/\/api.w.org\/{rel}","templated":true}]}}