{"id":7404,"date":"2018-07-12T20:02:56","date_gmt":"2018-07-12T20:02:56","guid":{"rendered":"http:\/\/revistakuvendi.org\/?p=7404"},"modified":"2018-07-12T20:04:54","modified_gmt":"2018-07-12T20:04:54","slug":"a-duhet-thene-e-verteta","status":"publish","type":"post","link":"https:\/\/revistakuvendi.org\/?p=7404","title":{"rendered":"A duhet th\u00ebn\u00eb e v\u00ebrteta?"},"content":{"rendered":"<p>Nga Dod\u00eb Lucaj*<\/p>\n<p><a href=\"http:\/\/revistakuvendi.org\/wp-content\/uploads\/2018\/07\/dode-lucaj.png\"><img loading=\"lazy\" decoding=\"async\" class=\"alignleft size-full wp-image-7405\" src=\"http:\/\/revistakuvendi.org\/wp-content\/uploads\/2018\/07\/dode-lucaj.png\" alt=\"\" width=\"90\" height=\"160\" \/><\/a><\/p>\n<p>Shkrimi i Dr. Gjon Kelmendit, hap nj\u00eb diskutim shum\u00eb interesant n\u00eb Komunitetin Shqiptar t\u00eb Amerik\u00ebs. Th\u00ebm t\u00eb Amerik\u00ebs, pasi Michigani nuk ka vepru kurr\u00eb i vet\u00ebm. N\u00eb t\u00eb gjitha rastet e kemi pas\u00eb Diaspor\u00ebn n\u00eb krah\u00eb e, kurr\u00eb nuk ka vepru individi.<!--more--> Po t\u00eb ishte k\u00ebshtu, \u00e7eshtja shqiptare do t\u00eb kishte humbur! Shqiptar\u00ebt e Amerik\u00ebs e prezantonin Shqip\u00ebrin\u00eb dhe \u00e7eshtjen shqiptare me dinjitet, at\u00ebher\u00eb kur Shqip\u00ebria nuk i kishte mardhenjet diplomatike n\u00eb shkall\u00eb ambasadash. Poashtu, edhe Kosov\u00ebn e ban\u00eb t\u00eb njohur, duke demostruar me men\u00e7uri gjith\u00eb gjenocidin serbo-jugosllav, mbi nj\u00eb popullsi t\u00eb pambrojtur. E v\u00ebrteta e k\u00ebtyre veprimtarive, q\u00eb jan\u00eb tep\u00ebr shum\u00eb, ku dy shtetet e sotme shqiptare, duhet t\u00eb ken\u00eb seksione t\u00eb ve\u00e7anta arshivuese p\u00ebr gjith\u00eb levizjen shqiptare, sidomos n\u00eb Amerik\u00eb. Dr. Kelemdi thot\u00eb t\u00eb v\u00ebrtet\u00ebn, e cila asht shum\u00eb ma shum\u00eb se kaq, por ne do t\u2019i shtojm\u00eb k\u00ebsaj t\u00eb v\u00ebrtete gjith\u00eb\u00e7ka dim\u00eb, p\u00ebr t\u00eb ba t\u00eb mundur fiksimin historike t\u00eb gjith\u00eb levizjes shqiptare n\u00eb Amerik\u00eb. Jo vet\u00ebm e mb\u00ebshtesim Dr. Kelmendin, por duhet t\u2019i thirrim kujtes\u00ebs dhe atij pak dokumnetacioni, q\u00eb mund t\u00eb jet\u00eb ruajtur nga individ\u00eb dhe institucione, si Teqja, Xhamia dhe Kishat shqiptare, p\u00ebr t\u2019i publikuar e\u00a0 fiksuar, bash ashtu si kan\u00eb ndodhur.<\/p>\n<p>Cilido q\u00eb p\u00ebrpiqet t\u00eb v\u00ebr\u00eb unin e ka gabim, asgj\u00eb nuk b\u00ebh\u00ebt dhe nuk do isht\u00eb ba duke punuar i vet\u00ebm. P\u00ebr fatin ton\u00eb, ish Presidenti Klinton \u00ebsht\u00eb ende i gjall\u00eb. Shqiptar\u00ebt kan\u00eb aq mund\u00ebsi ta ftojn\u00eb e ta presin, qoft\u00eb edhe p\u00ebr vet\u00ebm k\u00ebt\u00eb sakt\u00ebsim!<\/p>\n<p>T\u00eb lumt\u00eb Dr. Gjoni, ti ke filluar nj\u00eb pun\u00eb q\u00eb nuk po e b\u00ebjn\u00eb\u00a0 100 shoqata t\u00eb Diaspor\u00ebs!<\/p>\n<ul>\n<li><strong><em>Ish i burgosur i nd\u00ebrgjegjes n\u00eb Mal t\u00eb Zi, nj\u00eb nd\u00ebr aktivist\u00ebt e njohur t\u00eb \u00e7eshtjes shqiptare n\u00eb Diaspor\u00eb.<\/em><\/strong><\/li>\n<\/ul>\n<p><em>Detroit, 12 Korrik 2018<\/em><\/p>\n","protected":false},"excerpt":{"rendered":"<p>Nga Dod\u00eb Lucaj* Shkrimi i Dr. Gjon Kelmendit, hap nj\u00eb diskutim shum\u00eb interesant n\u00eb Komunitetin Shqiptar t\u00eb Amerik\u00ebs. Th\u00ebm t\u00eb Amerik\u00ebs, pasi Michigani nuk ka vepru kurr\u00eb i vet\u00ebm. N\u00eb t\u00eb gjitha rastet e kemi pas\u00eb Diaspor\u00ebn n\u00eb krah\u00eb e, kurr\u00eb nuk ka vepru individi.<\/p>\n","protected":false},"author":1,"featured_media":7405,"comment_status":"open","ping_status":"open","sticky":false,"template":"","format":"standard","meta":{"footnotes":""},"categories":[12],"tags":[],"class_list":["post-7404","post","type-post","status-publish","format-standard","has-post-thumbnail","hentry","category-jete-komuniteti"],"_links":{"self":[{"href":"https:\/\/revistakuvendi.org\/index.php?rest_route=\/wp\/v2\/posts\/7404","targetHints":{"allow":["GET"]}}],"collection":[{"href":"https:\/\/revistakuvendi.org\/index.php?rest_route=\/wp\/v2\/posts"}],"about":[{"href":"https:\/\/revistakuvendi.org\/index.php?rest_route=\/wp\/v2\/types\/post"}],"author":[{"embeddable":true,"href":"https:\/\/revistakuvendi.org\/index.php?rest_route=\/wp\/v2\/users\/1"}],"replies":[{"embeddable":true,"href":"https:\/\/revistakuvendi.org\/index.php?rest_route=%2Fwp%2Fv2%2Fcomments&post=7404"}],"version-history":[{"count":3,"href":"https:\/\/revistakuvendi.org\/index.php?rest_route=\/wp\/v2\/posts\/7404\/revisions"}],"predecessor-version":[{"id":7408,"href":"https:\/\/revistakuvendi.org\/index.php?rest_route=\/wp\/v2\/posts\/7404\/revisions\/7408"}],"wp:featuredmedia":[{"embeddable":true,"href":"https:\/\/revistakuvendi.org\/index.php?rest_route=\/wp\/v2\/media\/7405"}],"wp:attachment":[{"href":"https:\/\/revistakuvendi.org\/index.php?rest_route=%2Fwp%2Fv2%2Fmedia&parent=7404"}],"wp:term":[{"taxonomy":"category","embeddable":true,"href":"https:\/\/revistakuvendi.org\/index.php?rest_route=%2Fwp%2Fv2%2Fcategories&post=7404"},{"taxonomy":"post_tag","embeddable":true,"href":"https:\/\/revistakuvendi.org\/index.php?rest_route=%2Fwp%2Fv2%2Ftags&post=7404"}],"curies":[{"name":"wp","href":"https:\/\/api.w.org\/{rel}","templated":true}]}}