{"id":7380,"date":"2018-07-06T17:36:22","date_gmt":"2018-07-06T17:36:22","guid":{"rendered":"http:\/\/revistakuvendi.org\/?p=7380"},"modified":"2018-07-06T17:56:52","modified_gmt":"2018-07-06T17:56:52","slug":"te-refuzosh-lartesimin-per-te-mos-u-transformuar","status":"publish","type":"post","link":"https:\/\/revistakuvendi.org\/?p=7380","title":{"rendered":"T\u00eb refuzosh lart\u00ebsimin p\u00ebr t\u00eb mos u transformuar!"},"content":{"rendered":"<p><strong><a href=\"http:\/\/revistakuvendi.org\/wp-content\/uploads\/2018\/07\/A.Gruda-format-i-rregullt.png\"><img loading=\"lazy\" decoding=\"async\" class=\"alignleft size-medium wp-image-7382\" src=\"http:\/\/revistakuvendi.org\/wp-content\/uploads\/2018\/07\/A.Gruda-format-i-rregullt-169x300.png\" alt=\"\" width=\"169\" height=\"300\" srcset=\"https:\/\/revistakuvendi.org\/wp-content\/uploads\/2018\/07\/A.Gruda-format-i-rregullt-169x300.png 169w, https:\/\/revistakuvendi.org\/wp-content\/uploads\/2018\/07\/A.Gruda-format-i-rregullt.png 253w\" sizes=\"auto, (max-width: 169px) 100vw, 169px\" \/><\/a>Arian Gruda<\/strong><\/p>\n<p><strong>\u00a0<\/strong><\/p>\n<p><strong><em>\u00a0\u00a0\u00a0\u00a0\u00a0 \u201c N\u00eb ushtri, japim medalje p\u00ebr njer\u00ebzit q\u00eb jan\u00eb t\u00eb gatsh\u00ebm t\u00eb sakrifikojn\u00eb veten e tyre, n\u00eb m\u00ebnyr\u00eb q\u00eb t\u00eb tjer\u00ebt t\u00eb mbijetojn\u00eb. N\u00eb biznes, u japim shp\u00ebrblime njer\u00ebzve q\u00eb sakrifikojn\u00eb t\u00eb tjer\u00ebt.\u201d<\/em><\/strong><!--more--><\/p>\n<p><strong><em>\u00a0<\/em><\/strong><\/p>\n<p><strong><em>\u00a0\u00a0\u00a0\u00a0\u00a0\u00a0\u00a0\u00a0\u00a0\u00a0\u00a0\u00a0\u00a0\u00a0\u00a0\u00a0\u00a0\u00a0\u00a0\u00a0\u00a0\u00a0\u00a0\u00a0\u00a0\u00a0\u00a0\u00a0\u00a0\u00a0\u00a0\u00a0\u00a0\u00a0\u00a0\u00a0\u00a0\u00a0\u00a0\u00a0\u00a0\u00a0\u00a0\u00a0\u00a0\u00a0\u00a0\u00a0\u00a0\u00a0\u00a0 Simon Sinek<\/em><\/strong><\/p>\n<p><strong><em>\u00a0<\/em><\/strong><\/p>\n<p>Jetojm\u00eb n\u00eb nj\u00eb kapitaliz\u00ebm t\u00eb ashp\u00ebr dhe t\u00eb kthjellt\u00eb mbar\u00ebkomb\u00ebtar. Rrjedhimisht, ashtu si dhe n\u00eb shum\u00eb fusha t\u00eb tjera, titujt, medaljet e vler\u00ebsime t\u00eb tjera, veshin antivlera, pasi nuk bazohen tek motivi i v\u00ebrtet\u00eb, ai sublitativ, po n\u00eb intersa t\u00eb ngushta, t\u00eb mbuluara nga petku sip\u00ebrfaq\u00ebsor.<\/p>\n<p>&nbsp;<\/p>\n<p>\u201cI Huaji\u201d \u00a0i Kamy-s\u00eb, jeton ende mes nesh, n\u00eb bot\u00ebn ku rrethohet nga genjeshtrat e m\u00ebdha t\u00eb njer\u00ebzve dhe t\u00eb institucioneve t\u00eb shoq\u00ebris\u00eb. Sikurse edhe meritat n\u00eb fush\u00ebn profesionale nuk ekzistojn\u00eb, pasi p\u00ebrzgjedh\u00ebsit kujdesen , q\u00eb mosp\u00ebrputhja e postit me profesionin t\u00eb jet\u00eb e plot\u00eb.<\/p>\n<p>&nbsp;<\/p>\n<p>T\u00eb mos harrojm\u00eb Sartrin e madh, i cili refuzoi \u00c7mimin Nobel, me arsyen ekzistencialiste t\u00eb mostransformimit. Njer\u00ebzit e m\u00ebdhenj, kontribuesit i shpall\u00eb vet shoq\u00ebria, nuk i prezantohen asaj, pasi jan\u00eb dekoruar\u2026<\/p>\n<p>&nbsp;<\/p>\n<p><em>Marr\u00eb \u00a0nga shtypi shqiptar<\/em><\/p>\n<p><em>06 korrik 2018<\/em><\/p>\n<p><em>\u00a0<\/em><\/p>\n<p><em>\u00a0<\/em><\/p>\n","protected":false},"excerpt":{"rendered":"<p>Arian Gruda \u00a0 \u00a0\u00a0\u00a0\u00a0\u00a0 \u201c N\u00eb ushtri, japim medalje p\u00ebr njer\u00ebzit q\u00eb jan\u00eb t\u00eb gatsh\u00ebm t\u00eb sakrifikojn\u00eb veten e tyre, n\u00eb m\u00ebnyr\u00eb q\u00eb t\u00eb tjer\u00ebt t\u00eb mbijetojn\u00eb. N\u00eb biznes, u japim shp\u00ebrblime njer\u00ebzve q\u00eb sakrifikojn\u00eb t\u00eb tjer\u00ebt.\u201d<\/p>\n","protected":false},"author":1,"featured_media":7381,"comment_status":"open","ping_status":"open","sticky":false,"template":"","format":"standard","meta":{"footnotes":""},"categories":[3],"tags":[],"class_list":["post-7380","post","type-post","status-publish","format-standard","has-post-thumbnail","hentry","category-politike"],"_links":{"self":[{"href":"https:\/\/revistakuvendi.org\/index.php?rest_route=\/wp\/v2\/posts\/7380","targetHints":{"allow":["GET"]}}],"collection":[{"href":"https:\/\/revistakuvendi.org\/index.php?rest_route=\/wp\/v2\/posts"}],"about":[{"href":"https:\/\/revistakuvendi.org\/index.php?rest_route=\/wp\/v2\/types\/post"}],"author":[{"embeddable":true,"href":"https:\/\/revistakuvendi.org\/index.php?rest_route=\/wp\/v2\/users\/1"}],"replies":[{"embeddable":true,"href":"https:\/\/revistakuvendi.org\/index.php?rest_route=%2Fwp%2Fv2%2Fcomments&post=7380"}],"version-history":[{"count":2,"href":"https:\/\/revistakuvendi.org\/index.php?rest_route=\/wp\/v2\/posts\/7380\/revisions"}],"predecessor-version":[{"id":7384,"href":"https:\/\/revistakuvendi.org\/index.php?rest_route=\/wp\/v2\/posts\/7380\/revisions\/7384"}],"wp:featuredmedia":[{"embeddable":true,"href":"https:\/\/revistakuvendi.org\/index.php?rest_route=\/wp\/v2\/media\/7381"}],"wp:attachment":[{"href":"https:\/\/revistakuvendi.org\/index.php?rest_route=%2Fwp%2Fv2%2Fmedia&parent=7380"}],"wp:term":[{"taxonomy":"category","embeddable":true,"href":"https:\/\/revistakuvendi.org\/index.php?rest_route=%2Fwp%2Fv2%2Fcategories&post=7380"},{"taxonomy":"post_tag","embeddable":true,"href":"https:\/\/revistakuvendi.org\/index.php?rest_route=%2Fwp%2Fv2%2Ftags&post=7380"}],"curies":[{"name":"wp","href":"https:\/\/api.w.org\/{rel}","templated":true}]}}